{"id":12383,"date":"2023-04-25T14:54:19","date_gmt":"2023-04-25T20:54:19","guid":{"rendered":"https:\/\/contextoanalisisperiodistico.com\/?p=12383"},"modified":"2023-04-25T14:54:26","modified_gmt":"2023-04-25T20:54:26","slug":"gobierno-de-oaxaca-y-el-stpeidceo-refrendan-compromiso-para-trabajar-por-el-desarrollo-del-estado","status":"publish","type":"post","link":"https:\/\/contextoanalisisperiodistico.com\/index.php\/2023\/04\/25\/gobierno-de-oaxaca-y-el-stpeidceo-refrendan-compromiso-para-trabajar-por-el-desarrollo-del-estado\/","title":{"rendered":"Gobierno de Oaxaca y el STPEIDCEO refrendan compromiso para trabajar por el desarrollo del estado"},"content":{"rendered":"<div id=\"fb-root\"><\/div>\n\n<p>\u2022 El Gobernador de Oaxaca particip\u00f3 como testigo de honor en la Firma del Pliego Petitorio 2023<\/p>\n\n\n\n<p>\u2022 M\u00e1s de 14 mil trabajadores se beneficiar\u00e1n con el nuevo acuerdo que permitir\u00e1 el incremento de 4.5 por ciento en el salario base y 3.5 por ciento en Previsi\u00f3n Social M\u00faltiple<\/p>\n\n\n\n<p>Oaxaca de Ju\u00e1rez, Oax. 25 de abril de 2023. Tras 27 d\u00edas de negociaci\u00f3n abierta, transparente y permanente, este martes el Gobierno del Estado de Oaxaca y el Sindicato de Trabajadores de los Poderes del Estado e Instituciones Descentralizadas de Car\u00e1cter Estatal de Oaxaca (STPEIDCEO), realizaron la Firma del Pliego Petitorio 2023.<\/p>\n\n\n\n<p>Este acuerdo en el que el Gobernador Salom\u00f3n Jara Cruz sign\u00f3 como testigo de honor, permitir\u00e1 el incremento de 4.5 por ciento en el salario base y 3.5 por ciento en Previsi\u00f3n Social M\u00faltiple, en beneficio de m\u00e1s de 14 trabajadores.<\/p>\n\n\n\n<p>Posterior a la firma de este documento entre el secretario de Administraci\u00f3n, Antonino Morales Toledo y el secretario general del STPEIDCEO, Pedro Castillejos Villalobos; el titular del Poder Ejecutivo destac\u00f3 la voluntad pol\u00edtica de las y los integrantes del Comit\u00e9 Ejecutivo y de la Comisi\u00f3n Negociadora que permiti\u00f3 llegar a buen t\u00e9rmino este acuerdo, un proceso que dijo, inici\u00f3 por primera vez en la Casa del Pueblo, de manera abierta y transparente.<\/p>\n\n\n\n<p>Salom\u00f3n Jara expres\u00f3 que su gobierno siempre garantizar\u00e1 los derechos de la base trabajadora, toda vez que al tener su origen en la lucha social, conoce y entiende las demandas sindicales, el reconocimiento y respeto a los derechos humanos, laborales y sociales.<\/p>\n\n\n\n<p>\u201cLa defensa de los derechos y los logros laborales ser\u00e1 siempre un compromiso y elemento esencial de nuestro actuar; por ello estamos aqu\u00ed, para ratificar siempre nuestra vocaci\u00f3n democr\u00e1tica y validar los acuerdos alcanzados en las mesas de negociaci\u00f3n\u201d, asever\u00f3.<\/p>\n\n\n\n<p>Desde Palacio de Gobierno, se\u00f1al\u00f3 que a trav\u00e9s de la Firma del Pliego Petitorio 2023, su administraci\u00f3n reconoce la labor y gran importancia que tienen las y los trabajadores en la operaci\u00f3n y actividad que se da a diario. \u201cEsto constituye un pleno reconocimiento a los derechos laborales; el gran trabajo que realizan en todo el Estado y su importancia en el funcionamiento del Gobierno\u201d, expres\u00f3<\/p>\n\n\n\n<p>En su oportunidad, el secretario de Administraci\u00f3n Antonio Morales Toledo, expres\u00f3 que este acuerdo es hist\u00f3rico, ya que primera vez el sindicato se sent\u00f3 a la mesa con un gobierno abierto que tiene en el di\u00e1logo el mejor instrumento para construir un nuevo pacto por la justicia social, bienestar y desarrollo de Oaxaca.<\/p>\n\n\n\n<p>De esta manera, resalt\u00f3 que las 69 cl\u00e1usulas que contiene este Pliego Petitorio, fueron analizadas con responsabilidad, conforme a la normatividad administrativa y financiera, pero sobre todo con sensibilidad.<\/p>\n\n\n\n<p>\u201cEste Contrato Colectivo beneficia a las y los trabajadores de base y a toda la sociedad oaxaque\u00f1a. Esto es una muestra m\u00e1s de que la transformaci\u00f3n avanza. Pero debemos seguir trabajando con el mismo esp\u00edritu de cooperaci\u00f3n y colaboraci\u00f3n por los derechos de las y los trabajadores\u201d, dijo.<\/p>\n\n\n\n<p>Asimismo, el secretario general del STPEIDCEO, Pedro Castillejos Villalobos agradeci\u00f3 al Gobernador Salom\u00f3n Jara por contemplarlos en su visi\u00f3n de gobierno, al tiempo de destacar el respeto y el di\u00e1logo que prevaleci\u00f3 durante la mesa de negociaci\u00f3n y que deriv\u00f3 en la firma de este Pliego Petitorio 2023.<\/p>\n\n\n\n<p>\u201cHacemos el compromiso Se\u00f1or Gobernador, de poner nuestro esfuerzo y conocimiento para que juntos construyamos un buen gobierno\u201d, expres\u00f3.<\/p>\n\n\n\n<p>Atestiguaron este acto la presidenta de la Mesa Directiva del Congreso del Estado, Miriam de los \u00c1ngeles V\u00e1squez Ruiz; el presidente del Tribunal Superior de Justicia del Estado Oaxaca, Eduardo Pinacho S\u00e1nchez; as\u00ed como la secretaria del Trabajo, Edith Araceli Santib\u00e1\u00f1ez Boh\u00f3rquez; y los secretarios de Gobierno, Jes\u00fas Romero L\u00f3pez; y de Finanzas, Farid Acevedo L\u00f3pez.<\/p>\n\n\n\n<figure class=\"wp-block-image size-large\"><img fetchpriority=\"high\" decoding=\"async\" width=\"1024\" height=\"683\" src=\"https:\/\/contextoanalisisperiodistico.com\/wp-content\/uploads\/2023\/04\/img-20230425-wa00606526023230479949226-1024x683.jpg\" alt=\"\" class=\"wp-image-12386\" srcset=\"https:\/\/contextoanalisisperiodistico.com\/wp-content\/uploads\/2023\/04\/img-20230425-wa00606526023230479949226-1024x683.jpg 1024w, https:\/\/contextoanalisisperiodistico.com\/wp-content\/uploads\/2023\/04\/img-20230425-wa00606526023230479949226-300x200.jpg 300w, https:\/\/contextoanalisisperiodistico.com\/wp-content\/uploads\/2023\/04\/img-20230425-wa00606526023230479949226-768x512.jpg 768w, https:\/\/contextoanalisisperiodistico.com\/wp-content\/uploads\/2023\/04\/img-20230425-wa00606526023230479949226.jpg 1200w\" sizes=\"(max-width: 1024px) 100vw, 1024px\" \/><\/figure>\n\n\n\n<figure class=\"wp-block-image\"><img decoding=\"async\" width=\"1024\" height=\"683\" src=\"https:\/\/contextoanalisisperiodistico.com\/wp-content\/uploads\/2023\/04\/img-20230425-wa0063122093478477241744-1024x683.jpg\" alt=\"\" class=\"wp-image-12387\" srcset=\"https:\/\/contextoanalisisperiodistico.com\/wp-content\/uploads\/2023\/04\/img-20230425-wa0063122093478477241744-1024x683.jpg 1024w, https:\/\/contextoanalisisperiodistico.com\/wp-content\/uploads\/2023\/04\/img-20230425-wa0063122093478477241744-300x200.jpg 300w, https:\/\/contextoanalisisperiodistico.com\/wp-content\/uploads\/2023\/04\/img-20230425-wa0063122093478477241744-768x512.jpg 768w, https:\/\/contextoanalisisperiodistico.com\/wp-content\/uploads\/2023\/04\/img-20230425-wa0063122093478477241744.jpg 1200w\" sizes=\"(max-width: 1024px) 100vw, 1024px\" \/><\/figure>\n\n\n\n<figure class=\"wp-block-image\"><img decoding=\"async\" width=\"1024\" height=\"683\" src=\"https:\/\/contextoanalisisperiodistico.com\/wp-content\/uploads\/2023\/04\/img-20230425-wa00622445275253029375364-1024x683.jpg\" alt=\"\" class=\"wp-image-12385\" srcset=\"https:\/\/contextoanalisisperiodistico.com\/wp-content\/uploads\/2023\/04\/img-20230425-wa00622445275253029375364-1024x683.jpg 1024w, https:\/\/contextoanalisisperiodistico.com\/wp-content\/uploads\/2023\/04\/img-20230425-wa00622445275253029375364-300x200.jpg 300w, https:\/\/contextoanalisisperiodistico.com\/wp-content\/uploads\/2023\/04\/img-20230425-wa00622445275253029375364-768x512.jpg 768w, https:\/\/contextoanalisisperiodistico.com\/wp-content\/uploads\/2023\/04\/img-20230425-wa00622445275253029375364.jpg 1200w\" sizes=\"(max-width: 1024px) 100vw, 1024px\" \/><\/figure>\n","protected":false},"excerpt":{"rendered":"<p>\u2022 El Gobernador de Oaxaca particip\u00f3 como testigo de honor en la Firma del Pliego&#8230;<\/p>\n","protected":false},"author":4,"featured_media":0,"comment_status":"closed","ping_status":"open","sticky":false,"template":"","format":"standard","meta":{"footnotes":""},"categories":[9],"tags":[],"jetpack_sharing_enabled":true,"featured_image_urls":{"full":"","thumbnail":"","medium":"","medium_large":"","large":"","1536x1536":"","2048x2048":"","covernews-slider-full":"","covernews-slider-center":"","covernews-featured":"","covernews-medium":"","covernews-medium-square":""},"author_info":{"display_name":"Mario Gir\u00f3n","author_link":"https:\/\/contextoanalisisperiodistico.com\/index.php\/author\/director\/"},"category_info":"<a href=\"https:\/\/contextoanalisisperiodistico.com\/index.php\/category\/politica\/\" rel=\"category tag\">Pol\u00edtica<\/a>","tag_info":"Pol\u00edtica","comment_count":"0","jetpack_featured_media_url":"","_links":{"self":[{"href":"https:\/\/contextoanalisisperiodistico.com\/index.php\/wp-json\/wp\/v2\/posts\/12383"}],"collection":[{"href":"https:\/\/contextoanalisisperiodistico.com\/index.php\/wp-json\/wp\/v2\/posts"}],"about":[{"href":"https:\/\/contextoanalisisperiodistico.com\/index.php\/wp-json\/wp\/v2\/types\/post"}],"author":[{"embeddable":true,"href":"https:\/\/contextoanalisisperiodistico.com\/index.php\/wp-json\/wp\/v2\/users\/4"}],"replies":[{"embeddable":true,"href":"https:\/\/contextoanalisisperiodistico.com\/index.php\/wp-json\/wp\/v2\/comments?post=12383"}],"version-history":[{"count":1,"href":"https:\/\/contextoanalisisperiodistico.com\/index.php\/wp-json\/wp\/v2\/posts\/12383\/revisions"}],"predecessor-version":[{"id":12388,"href":"https:\/\/contextoanalisisperiodistico.com\/index.php\/wp-json\/wp\/v2\/posts\/12383\/revisions\/12388"}],"wp:attachment":[{"href":"https:\/\/contextoanalisisperiodistico.com\/index.php\/wp-json\/wp\/v2\/media?parent=12383"}],"wp:term":[{"taxonomy":"category","embeddable":true,"href":"https:\/\/contextoanalisisperiodistico.com\/index.php\/wp-json\/wp\/v2\/categories?post=12383"},{"taxonomy":"post_tag","embeddable":true,"href":"https:\/\/contextoanalisisperiodistico.com\/index.php\/wp-json\/wp\/v2\/tags?post=12383"}],"curies":[{"name":"wp","href":"https:\/\/api.w.org\/{rel}","templated":true}]}}