{"id":12370,"date":"2023-04-24T18:27:55","date_gmt":"2023-04-25T00:27:55","guid":{"rendered":"https:\/\/contextoanalisisperiodistico.com\/?p=12370"},"modified":"2023-04-24T18:28:01","modified_gmt":"2023-04-25T00:28:01","slug":"fortalecen-cortv-y-canal-22-lazos-de-colaboracion-a-favor-de-las-audiencias","status":"publish","type":"post","link":"https:\/\/contextoanalisisperiodistico.com\/index.php\/2023\/04\/24\/fortalecen-cortv-y-canal-22-lazos-de-colaboracion-a-favor-de-las-audiencias\/","title":{"rendered":"Fortalecen CORTV y Canal 22 lazos de colaboraci\u00f3n a favor de las audiencias"},"content":{"rendered":"<div id=\"fb-root\"><\/div>\n\n<p>\u2022 Signan convenio que permitir\u00e1 enriquecer la programaci\u00f3n diaria que se ofrece a los y las oaxaque\u00f1as<\/p>\n\n\n\n<p>Oaxaca de Ju\u00e1rez, Oax., 24 de abril de 2023.- A fin de ofrecer contenidos en materia cultural a las audiencias de la entidad, el director General de la Corporaci\u00f3n Oaxaque\u00f1a de Radio y Televisi\u00f3n (CORTV), Eulogio Daniel Hern\u00e1ndez Ju\u00e1rez firm\u00f3 un convenio de colaboraci\u00f3n con Canal 22.<\/p>\n\n\n\n<p>La subvenci\u00f3n est\u00e1 enfocada en la formaci\u00f3n y actualizaci\u00f3n de los recursos humanos, en temas relacionados con diversas especialidades en desarrollar e implementar proyectos conjuntos de producciones y coproducciones, e intercambios de obras audiovisuales de car\u00e1cter educativo y cultural para su transmisi\u00f3n, adem\u00e1s de compartir materiales para la producci\u00f3n de series televisivas.<\/p>\n\n\n\n<p>El titular del Organismo p\u00fablico descentralizado inform\u00f3 que, como medio p\u00fablico la televisora estatal tiene la misi\u00f3n de proyectar al estado a nivel nacional e internacional, en este sentido se busc\u00f3 hacer sinergia con otros entes que enriquezcan la programaci\u00f3n diaria de la se\u00f1al de la Asociaci\u00f3n Oaxaque\u00f1a de Televisi\u00f3n.<\/p>\n\n\n\n<p>Al respecto el director General de Canal 22, P\u00e1vel Granados Chaparro se\u00f1al\u00f3 que \u201ca partir del convenio de colaboraci\u00f3n se fortalece una relaci\u00f3n que por a\u00f1os se ha mantenido entre estos organismos, para ampliar y expandir la difusi\u00f3n de la cultura a las audiencias del pa\u00eds\u201d.<\/p>\n\n\n\n<p>Finalmente, ambos directivos se congratularon de signar el convenio que favorece a las audiencias. Tambi\u00e9n, firmaron como testigos la directora de Televisi\u00f3n de la CORTV, Diana Isis Molina Dom\u00ednguez y la Subdirectora General Comercial de Canal 22, Alma Rosa Jim\u00e9nez Ch\u00e1vez.<\/p>\n\n\n\n<p>-0-<\/p>\n\n\n\n<figure class=\"wp-block-image size-large\"><img fetchpriority=\"high\" decoding=\"async\" width=\"1024\" height=\"768\" src=\"https:\/\/contextoanalisisperiodistico.com\/wp-content\/uploads\/2023\/04\/img-20230424-wa00488133408289630147542-1024x768.jpg\" alt=\"\" class=\"wp-image-12372\" srcset=\"https:\/\/contextoanalisisperiodistico.com\/wp-content\/uploads\/2023\/04\/img-20230424-wa00488133408289630147542-1024x768.jpg 1024w, https:\/\/contextoanalisisperiodistico.com\/wp-content\/uploads\/2023\/04\/img-20230424-wa00488133408289630147542-300x225.jpg 300w, https:\/\/contextoanalisisperiodistico.com\/wp-content\/uploads\/2023\/04\/img-20230424-wa00488133408289630147542-768x576.jpg 768w, https:\/\/contextoanalisisperiodistico.com\/wp-content\/uploads\/2023\/04\/img-20230424-wa00488133408289630147542-1536x1152.jpg 1536w, https:\/\/contextoanalisisperiodistico.com\/wp-content\/uploads\/2023\/04\/img-20230424-wa00488133408289630147542.jpg 1600w\" sizes=\"(max-width: 1024px) 100vw, 1024px\" \/><\/figure>\n","protected":false},"excerpt":{"rendered":"<p>\u2022 Signan convenio que permitir\u00e1 enriquecer la programaci\u00f3n diaria que se ofrece a los y&#8230;<\/p>\n","protected":false},"author":4,"featured_media":12371,"comment_status":"closed","ping_status":"open","sticky":false,"template":"","format":"standard","meta":{"footnotes":""},"categories":[9],"tags":[],"jetpack_sharing_enabled":true,"featured_image_urls":{"full":["https:\/\/contextoanalisisperiodistico.com\/wp-content\/uploads\/2023\/04\/IMG-20230424-WA0046.jpg",1600,1200,false],"thumbnail":["https:\/\/contextoanalisisperiodistico.com\/wp-content\/uploads\/2023\/04\/IMG-20230424-WA0046-150x150.jpg",150,150,true],"medium":["https:\/\/contextoanalisisperiodistico.com\/wp-content\/uploads\/2023\/04\/IMG-20230424-WA0046-300x225.jpg",300,225,true],"medium_large":["https:\/\/contextoanalisisperiodistico.com\/wp-content\/uploads\/2023\/04\/IMG-20230424-WA0046-768x576.jpg",640,480,true],"large":["https:\/\/contextoanalisisperiodistico.com\/wp-content\/uploads\/2023\/04\/IMG-20230424-WA0046-1024x768.jpg",640,480,true],"1536x1536":["https:\/\/contextoanalisisperiodistico.com\/wp-content\/uploads\/2023\/04\/IMG-20230424-WA0046-1536x1152.jpg",1536,1152,true],"2048x2048":["https:\/\/contextoanalisisperiodistico.com\/wp-content\/uploads\/2023\/04\/IMG-20230424-WA0046.jpg",1600,1200,false],"covernews-slider-full":["https:\/\/contextoanalisisperiodistico.com\/wp-content\/uploads\/2023\/04\/IMG-20230424-WA0046-1115x715.jpg",1115,715,true],"covernews-slider-center":["https:\/\/contextoanalisisperiodistico.com\/wp-content\/uploads\/2023\/04\/IMG-20230424-WA0046-800x500.jpg",800,500,true],"covernews-featured":["https:\/\/contextoanalisisperiodistico.com\/wp-content\/uploads\/2023\/04\/IMG-20230424-WA0046-1024x768.jpg",1024,768,true],"covernews-medium":["https:\/\/contextoanalisisperiodistico.com\/wp-content\/uploads\/2023\/04\/IMG-20230424-WA0046-540x340.jpg",540,340,true],"covernews-medium-square":["https:\/\/contextoanalisisperiodistico.com\/wp-content\/uploads\/2023\/04\/IMG-20230424-WA0046-400x250.jpg",400,250,true]},"author_info":{"display_name":"Mario Gir\u00f3n","author_link":"https:\/\/contextoanalisisperiodistico.com\/index.php\/author\/director\/"},"category_info":"<a href=\"https:\/\/contextoanalisisperiodistico.com\/index.php\/category\/politica\/\" rel=\"category tag\">Pol\u00edtica<\/a>","tag_info":"Pol\u00edtica","comment_count":"0","jetpack_featured_media_url":"https:\/\/contextoanalisisperiodistico.com\/wp-content\/uploads\/2023\/04\/IMG-20230424-WA0046.jpg","_links":{"self":[{"href":"https:\/\/contextoanalisisperiodistico.com\/index.php\/wp-json\/wp\/v2\/posts\/12370"}],"collection":[{"href":"https:\/\/contextoanalisisperiodistico.com\/index.php\/wp-json\/wp\/v2\/posts"}],"about":[{"href":"https:\/\/contextoanalisisperiodistico.com\/index.php\/wp-json\/wp\/v2\/types\/post"}],"author":[{"embeddable":true,"href":"https:\/\/contextoanalisisperiodistico.com\/index.php\/wp-json\/wp\/v2\/users\/4"}],"replies":[{"embeddable":true,"href":"https:\/\/contextoanalisisperiodistico.com\/index.php\/wp-json\/wp\/v2\/comments?post=12370"}],"version-history":[{"count":1,"href":"https:\/\/contextoanalisisperiodistico.com\/index.php\/wp-json\/wp\/v2\/posts\/12370\/revisions"}],"predecessor-version":[{"id":12373,"href":"https:\/\/contextoanalisisperiodistico.com\/index.php\/wp-json\/wp\/v2\/posts\/12370\/revisions\/12373"}],"wp:featuredmedia":[{"embeddable":true,"href":"https:\/\/contextoanalisisperiodistico.com\/index.php\/wp-json\/wp\/v2\/media\/12371"}],"wp:attachment":[{"href":"https:\/\/contextoanalisisperiodistico.com\/index.php\/wp-json\/wp\/v2\/media?parent=12370"}],"wp:term":[{"taxonomy":"category","embeddable":true,"href":"https:\/\/contextoanalisisperiodistico.com\/index.php\/wp-json\/wp\/v2\/categories?post=12370"},{"taxonomy":"post_tag","embeddable":true,"href":"https:\/\/contextoanalisisperiodistico.com\/index.php\/wp-json\/wp\/v2\/tags?post=12370"}],"curies":[{"name":"wp","href":"https:\/\/api.w.org\/{rel}","templated":true}]}}