{"id":12341,"date":"2023-04-23T17:16:47","date_gmt":"2023-04-23T23:16:47","guid":{"rendered":"https:\/\/contextoanalisisperiodistico.com\/?p=12341"},"modified":"2023-04-23T17:16:52","modified_gmt":"2023-04-23T23:16:52","slug":"municipio-capitalino-fomenta-la-lectura-y-escritura","status":"publish","type":"post","link":"https:\/\/contextoanalisisperiodistico.com\/index.php\/2023\/04\/23\/municipio-capitalino-fomenta-la-lectura-y-escritura\/","title":{"rendered":"Municipio capitalino fomenta la lectura y escritura"},"content":{"rendered":"<div id=\"fb-root\"><\/div>\n\n<p><strong><em>Con buena respuesta se llev\u00f3 a cabo la 45 Feria Literaria \u201cLa lectura bajo el cielo de Oaxaca<\/em><\/strong><\/p>\n\n\n\n<p>Oaxaca de Ju\u00e1rez.Oax. 23 de abril de 2023. Alegres y muy participativos, poco m\u00e1s de 500 alumnas y alumnos de las Escuelas Primarias \u00abJos\u00e9 Mar\u00eda Morelos\u00bb , \u00abVicente Gonz\u00e1lez D\u00edaz\u00bb, y el \u00bb Instituto Miguel Alem\u00e1n\u00bb, pertenecientes al sector escolar 35, en coordinaci\u00f3n con el Municipio de Oaxaca de Ju\u00e1rez, a trav\u00e9s de la Secretar\u00eda de Bienestar Municipal, adornaron con colores y bailes la calenda de inicio a la feria literaria \u201cLa lectura bajo el cielo de Oaxaca\u201d, en el marco del D\u00eda Internacional del Libro, con la tem\u00e1tica de las culturas mixteca y zapoteca, que se celebra cada 23 de abril.<\/p>\n\n\n\n<p>Entre bailes y buen ambiente, adornados y coloridos carros aleg\u00f3ricos, ni\u00f1os y ni\u00f1as, vistiendo coloridos trajes de las regiones del estado, partieron del Paseo Ju\u00e1rez \u00abEl Llano\u00bb. Con m\u00fasica y algarab\u00eda llegaron a la Plaza de la Danza.<\/p>\n\n\n\n<p>En presencia de autoridades escolares las instituciones educativas participantes, as\u00ed como servidoras y servidores p\u00fablicos municipales e invitados especiales, la presidenta honoria del Comit\u00e9 Municipal del Sistema DIF Oaxaca, Bernarda Gonz\u00e1lez Rivas, en representaci\u00f3n del<br \/>edil capitalino, Francisco Mart\u00ednez Neri, dio un mensaje compartiendo su experiencia en el \u00e1mbito de la lectura y escritura.<\/p>\n\n\n\n<p>Gonz\u00e1lez Rivas mencion\u00f3 que no importa el lugar en donde se encuentren, que \u00abhay que leer y dejarnos llevar, e imaginar, por los textos que nos permiten acrecentar el acervo ling\u00fc\u00edstico,obtener conocimientos ,socializar y compartir a trav\u00e9s de lo le\u00eddo\u00bb.<\/p>\n\n\n\n<p>Dentro de las actividades correspondientes al segundo d\u00eda de la feria literaria, ni\u00f1os y ni\u00f1as disfrutaron de entretenidas actividades como talleres, cuentacuentos y bailes, as\u00ed como la convivencia con los Payasos de la Ciencia.<\/p>\n\n\n\n<p>Por su parte, el secretario de Bienestar Municipal, Daniel Constantino Le\u00f3n, en el acto de clausura a nombre del presidente municipal, Francisco Mart\u00ednez Neri, expres\u00f3 el compromiso que se tiene para con las ni\u00f1as y ni\u00f1os del municipio de Oaxaca de Ju\u00e1rez: \u201c Nos encontramos en esta cuadrag\u00e9sima quinta feria del libro, que se realiz\u00f3 el 22 y 23 de abril. Estamos muy contentos de participar como autoridad municipal, a trav\u00e9s de la Secretar\u00eda de Bienestar en coordinaci\u00f3n con las instituciones educativas. Refrendamos nuestro compromiso para con la ni\u00f1ez. Conacciones como esta, estamos sumando a la construcci\u00f3n de una ciudad educadora, instrucci\u00f3n precisa de nuestro presidente\u00bb, finaliz\u00f3<\/p>\n\n\n\n<p>De esta manera, entre aplausos y sonrisas se entregaron reconocimientos a las y los talleristas y, con ello, se dio por terminada la actividad, con el compromiso de que el pr\u00f3ximo a\u00f1o lleguen m\u00e1s infantes y se fortalezca la lectura y la escritura.<\/p>\n\n\n\n<figure class=\"wp-block-image size-large\"><img fetchpriority=\"high\" decoding=\"async\" width=\"1024\" height=\"683\" src=\"https:\/\/contextoanalisisperiodistico.com\/wp-content\/uploads\/2023\/04\/img-20230423-wa00605485485868786159901-1024x683.jpg\" alt=\"\" class=\"wp-image-12344\" srcset=\"https:\/\/contextoanalisisperiodistico.com\/wp-content\/uploads\/2023\/04\/img-20230423-wa00605485485868786159901-1024x683.jpg 1024w, https:\/\/contextoanalisisperiodistico.com\/wp-content\/uploads\/2023\/04\/img-20230423-wa00605485485868786159901-300x200.jpg 300w, https:\/\/contextoanalisisperiodistico.com\/wp-content\/uploads\/2023\/04\/img-20230423-wa00605485485868786159901-768x512.jpg 768w, https:\/\/contextoanalisisperiodistico.com\/wp-content\/uploads\/2023\/04\/img-20230423-wa00605485485868786159901-1536x1024.jpg 1536w, https:\/\/contextoanalisisperiodistico.com\/wp-content\/uploads\/2023\/04\/img-20230423-wa00605485485868786159901.jpg 1600w\" sizes=\"(max-width: 1024px) 100vw, 1024px\" \/><\/figure>\n\n\n\n<figure class=\"wp-block-image\"><img decoding=\"async\" width=\"1024\" height=\"768\" src=\"https:\/\/contextoanalisisperiodistico.com\/wp-content\/uploads\/2023\/04\/img-20230423-wa00623857373295925382978-1024x768.jpg\" alt=\"\" class=\"wp-image-12343\" srcset=\"https:\/\/contextoanalisisperiodistico.com\/wp-content\/uploads\/2023\/04\/img-20230423-wa00623857373295925382978-1024x768.jpg 1024w, https:\/\/contextoanalisisperiodistico.com\/wp-content\/uploads\/2023\/04\/img-20230423-wa00623857373295925382978-300x225.jpg 300w, https:\/\/contextoanalisisperiodistico.com\/wp-content\/uploads\/2023\/04\/img-20230423-wa00623857373295925382978-768x576.jpg 768w, https:\/\/contextoanalisisperiodistico.com\/wp-content\/uploads\/2023\/04\/img-20230423-wa00623857373295925382978-1536x1152.jpg 1536w, https:\/\/contextoanalisisperiodistico.com\/wp-content\/uploads\/2023\/04\/img-20230423-wa00623857373295925382978.jpg 1600w\" sizes=\"(max-width: 1024px) 100vw, 1024px\" \/><\/figure>\n\n\n\n<figure class=\"wp-block-image\"><img decoding=\"async\" width=\"1024\" height=\"683\" src=\"https:\/\/contextoanalisisperiodistico.com\/wp-content\/uploads\/2023\/04\/img-20230423-wa00615591652252950112972-1024x683.jpg\" alt=\"\" class=\"wp-image-12345\" srcset=\"https:\/\/contextoanalisisperiodistico.com\/wp-content\/uploads\/2023\/04\/img-20230423-wa00615591652252950112972-1024x683.jpg 1024w, https:\/\/contextoanalisisperiodistico.com\/wp-content\/uploads\/2023\/04\/img-20230423-wa00615591652252950112972-300x200.jpg 300w, https:\/\/contextoanalisisperiodistico.com\/wp-content\/uploads\/2023\/04\/img-20230423-wa00615591652252950112972-768x512.jpg 768w, https:\/\/contextoanalisisperiodistico.com\/wp-content\/uploads\/2023\/04\/img-20230423-wa00615591652252950112972-1536x1024.jpg 1536w, https:\/\/contextoanalisisperiodistico.com\/wp-content\/uploads\/2023\/04\/img-20230423-wa00615591652252950112972.jpg 1599w\" sizes=\"(max-width: 1024px) 100vw, 1024px\" \/><\/figure>\n\n\n\n<figure class=\"wp-block-image\"><img loading=\"lazy\" decoding=\"async\" width=\"1024\" height=\"768\" src=\"https:\/\/contextoanalisisperiodistico.com\/wp-content\/uploads\/2023\/04\/img-20230423-wa00584617905096320655294-1024x768.jpg\" alt=\"\" class=\"wp-image-12346\" srcset=\"https:\/\/contextoanalisisperiodistico.com\/wp-content\/uploads\/2023\/04\/img-20230423-wa00584617905096320655294-1024x768.jpg 1024w, https:\/\/contextoanalisisperiodistico.com\/wp-content\/uploads\/2023\/04\/img-20230423-wa00584617905096320655294-300x225.jpg 300w, https:\/\/contextoanalisisperiodistico.com\/wp-content\/uploads\/2023\/04\/img-20230423-wa00584617905096320655294-768x576.jpg 768w, https:\/\/contextoanalisisperiodistico.com\/wp-content\/uploads\/2023\/04\/img-20230423-wa00584617905096320655294-1536x1152.jpg 1536w, https:\/\/contextoanalisisperiodistico.com\/wp-content\/uploads\/2023\/04\/img-20230423-wa00584617905096320655294.jpg 1600w\" sizes=\"(max-width: 1024px) 100vw, 1024px\" \/><\/figure>\n","protected":false},"excerpt":{"rendered":"<p>Con buena respuesta se llev\u00f3 a cabo la 45 Feria Literaria \u201cLa lectura bajo el&#8230;<\/p>\n","protected":false},"author":4,"featured_media":12342,"comment_status":"closed","ping_status":"open","sticky":false,"template":"","format":"standard","meta":{"footnotes":""},"categories":[9],"tags":[],"jetpack_sharing_enabled":true,"featured_image_urls":{"full":["https:\/\/contextoanalisisperiodistico.com\/wp-content\/uploads\/2023\/04\/IMG-20230423-WA0063.jpg",1600,1200,false],"thumbnail":["https:\/\/contextoanalisisperiodistico.com\/wp-content\/uploads\/2023\/04\/IMG-20230423-WA0063-150x150.jpg",150,150,true],"medium":["https:\/\/contextoanalisisperiodistico.com\/wp-content\/uploads\/2023\/04\/IMG-20230423-WA0063-300x225.jpg",300,225,true],"medium_large":["https:\/\/contextoanalisisperiodistico.com\/wp-content\/uploads\/2023\/04\/IMG-20230423-WA0063-768x576.jpg",640,480,true],"large":["https:\/\/contextoanalisisperiodistico.com\/wp-content\/uploads\/2023\/04\/IMG-20230423-WA0063-1024x768.jpg",640,480,true],"1536x1536":["https:\/\/contextoanalisisperiodistico.com\/wp-content\/uploads\/2023\/04\/IMG-20230423-WA0063-1536x1152.jpg",1536,1152,true],"2048x2048":["https:\/\/contextoanalisisperiodistico.com\/wp-content\/uploads\/2023\/04\/IMG-20230423-WA0063.jpg",1600,1200,false],"covernews-slider-full":["https:\/\/contextoanalisisperiodistico.com\/wp-content\/uploads\/2023\/04\/IMG-20230423-WA0063-1115x715.jpg",1115,715,true],"covernews-slider-center":["https:\/\/contextoanalisisperiodistico.com\/wp-content\/uploads\/2023\/04\/IMG-20230423-WA0063-800x500.jpg",800,500,true],"covernews-featured":["https:\/\/contextoanalisisperiodistico.com\/wp-content\/uploads\/2023\/04\/IMG-20230423-WA0063-1024x768.jpg",1024,768,true],"covernews-medium":["https:\/\/contextoanalisisperiodistico.com\/wp-content\/uploads\/2023\/04\/IMG-20230423-WA0063-540x340.jpg",540,340,true],"covernews-medium-square":["https:\/\/contextoanalisisperiodistico.com\/wp-content\/uploads\/2023\/04\/IMG-20230423-WA0063-400x250.jpg",400,250,true]},"author_info":{"display_name":"Mario Gir\u00f3n","author_link":"https:\/\/contextoanalisisperiodistico.com\/index.php\/author\/director\/"},"category_info":"<a href=\"https:\/\/contextoanalisisperiodistico.com\/index.php\/category\/politica\/\" rel=\"category tag\">Pol\u00edtica<\/a>","tag_info":"Pol\u00edtica","comment_count":"0","jetpack_featured_media_url":"https:\/\/contextoanalisisperiodistico.com\/wp-content\/uploads\/2023\/04\/IMG-20230423-WA0063.jpg","_links":{"self":[{"href":"https:\/\/contextoanalisisperiodistico.com\/index.php\/wp-json\/wp\/v2\/posts\/12341"}],"collection":[{"href":"https:\/\/contextoanalisisperiodistico.com\/index.php\/wp-json\/wp\/v2\/posts"}],"about":[{"href":"https:\/\/contextoanalisisperiodistico.com\/index.php\/wp-json\/wp\/v2\/types\/post"}],"author":[{"embeddable":true,"href":"https:\/\/contextoanalisisperiodistico.com\/index.php\/wp-json\/wp\/v2\/users\/4"}],"replies":[{"embeddable":true,"href":"https:\/\/contextoanalisisperiodistico.com\/index.php\/wp-json\/wp\/v2\/comments?post=12341"}],"version-history":[{"count":1,"href":"https:\/\/contextoanalisisperiodistico.com\/index.php\/wp-json\/wp\/v2\/posts\/12341\/revisions"}],"predecessor-version":[{"id":12347,"href":"https:\/\/contextoanalisisperiodistico.com\/index.php\/wp-json\/wp\/v2\/posts\/12341\/revisions\/12347"}],"wp:featuredmedia":[{"embeddable":true,"href":"https:\/\/contextoanalisisperiodistico.com\/index.php\/wp-json\/wp\/v2\/media\/12342"}],"wp:attachment":[{"href":"https:\/\/contextoanalisisperiodistico.com\/index.php\/wp-json\/wp\/v2\/media?parent=12341"}],"wp:term":[{"taxonomy":"category","embeddable":true,"href":"https:\/\/contextoanalisisperiodistico.com\/index.php\/wp-json\/wp\/v2\/categories?post=12341"},{"taxonomy":"post_tag","embeddable":true,"href":"https:\/\/contextoanalisisperiodistico.com\/index.php\/wp-json\/wp\/v2\/tags?post=12341"}],"curies":[{"name":"wp","href":"https:\/\/api.w.org\/{rel}","templated":true}]}}