{"id":12318,"date":"2023-04-23T09:51:24","date_gmt":"2023-04-23T15:51:24","guid":{"rendered":"https:\/\/contextoanalisisperiodistico.com\/?p=12318"},"modified":"2023-04-23T09:54:15","modified_gmt":"2023-04-23T15:54:15","slug":"propone-diputada-haydee-reyes-soto-iniciativa-para-crear-ley-de-prevencion-tratamiento-y-control-de-adicciones","status":"publish","type":"post","link":"https:\/\/contextoanalisisperiodistico.com\/index.php\/2023\/04\/23\/propone-diputada-haydee-reyes-soto-iniciativa-para-crear-ley-de-prevencion-tratamiento-y-control-de-adicciones\/","title":{"rendered":"Propone diputada Hayde\u00e9 Reyes Soto iniciativa para crear Ley de Prevenci\u00f3n, Tratamiento y Control de Adicciones"},"content":{"rendered":"<div id=\"fb-root\"><\/div>\n\n<p>\u2022 En Oaxaca, la poblaci\u00f3n infantil y juvenil es la m\u00e1s vulnerable ante este problema de salud p\u00fablica.&nbsp;<\/p>\n\n\n\n<p><strong>San Raymundo Jalpan, Oax. 2<\/strong>3 <strong>de abril de 2023.-<\/strong>\u00a0Para contar con un marco legal que establezca las directrices y estrategias efectivas para prevenir y atender de forma integral el problema de las adicciones, la diputada Hayde\u00e9 Reyes Soto propuso ante el Pleno de la 65 Legislatura local la iniciativa por la que se expide la Ley de Prevenci\u00f3n, Tratamiento y Control de Adicciones para el Estado de Oaxaca.\u00a0<\/p>\n\n\n\n<p>\u00abEsto debe abordarse como un asunto de salud p\u00fablica, y no desde la perspectiva de la seguridad, ya que las adicciones son una enfermedad y debemos entender que criminalizar, estigmatizar o marginar a las personas que padecen esta enfermedad, solo profundiza el problema. Por eso es muy importante una ley como \u00e9sta, porque nos va a permitir tener la certeza en las pol\u00edticas p\u00fablicas que se establezcan y fortalezcan los esfuerzos que se est\u00e1n haciendo para poder vencer a las adicciones a trav\u00e9s de la prevenci\u00f3n, del control y un adecuado tratamiento\u00bb, explic\u00f3 la legisladora.<\/p>\n\n\n\n<p>En la iniciativa de ley que consta de 50 art\u00edculos, se plantean 12 prop\u00f3sitos a lograr, entre los cuales destacan el de \u201cestablecer las bases de pol\u00edtica p\u00fablica en materia de atenci\u00f3n integral del consumo de sustancias psicoactivas en el estado, a partir de un enfoque preventivo, con respeto irrestricto a los derechos humanos y que atienda las necesidades diferenciadas en funci\u00f3n del g\u00e9nero\u201d.<\/p>\n\n\n\n<p>Asimismo, \u201cpromover la participaci\u00f3n social como un factor de corresponsabilidad en la prevenci\u00f3n y reducci\u00f3n del consumo de sustancias psicoactivas, para eliminar la discriminaci\u00f3n hacia las personas con consumo de dichas sustancias, favoreciendo el libre desarrollo de su personalidad y ejercicio de sus derechos\u00bb.<\/p>\n\n\n\n<p>\u00abY prever servicios para la atenci\u00f3n y asistencia integral de las personas con consumo de sustancias psicoactivas, que contemple los modelos de intervenci\u00f3n profesional, de ayuda mutua y mixtos, atendiendo a la diversidad social, cultural, a los variados contextos y caracter\u00edsticas donde se presenta la problem\u00e1tica de consumo y la situaci\u00f3n en particular de la persona adicta, consider\u00e1ndola como sujeto de derechos\u201d, por mencionar algunos de los objetos de la propuesta.<\/p>\n\n\n\n<p>De acuerdo con la exposici\u00f3n de los argumentos incluidos en la iniciativa, \u00aben el contexto nacional e internacional uno de los problemas de salud de mayor relevancia en los \u00faltimos a\u00f1os se debe al uso indebido de drogas y la adicci\u00f3n, tambi\u00e9n conocido como trastorno por consumo de sustancias psicoactivas, debido a las consecuencias sanitarias y sociales que se experimentan tanto a nivel individual como colectivo\u201d.<\/p>\n\n\n\n<p>Adem\u00e1s, con base a datos de la Coordinadora de Programas de la Oficina de las Naciones Unidas contra la Droga y el Delito (UNODC) M\u00e9xico, en el pa\u00eds hubo un aumento de 218% en el n\u00famero de personas en tratamiento debido a consumo de metanfetaminas entre 2013 y 2020. \u00abM\u00e9xico es el \u00fanico pa\u00eds en el mundo en el que el consumo de metanfetaminas es la principal causa de tratamiento\u201d, refiere el documento.<\/p>\n\n\n\n<p>En el \u00e1mbito estatal, el Diagn\u00f3stico del Consumo de Drogas del \u00c1rea de Influencia en Oaxaca, se\u00f1al\u00f3 que desde el a\u00f1o 2008 al 2016 se observ\u00f3 que en la regi\u00f3n Centro Sur a la cual pertenece la Unidad Operativa de CIJ Oaxaca, se increment\u00f3 significativamente el consumo de drogas legales e ilegales en personas de 12 a 65 a\u00f1os de edad, habiendo registro de que en la entidad se consume tabaco, alcohol, cannabis, coca\u00edna, metanfetaminas, \u00e9xtasis y alucin\u00f3genos.&nbsp;<\/p>\n\n\n\n<p>Debido a este problema de salud p\u00fablica que afecta principalmente a la poblaci\u00f3n infantil y juvenil, la legisladora y presidenta de la Comisi\u00f3n Permanente de Salud, Hayde\u00e9 Reyes Soto, impuls\u00f3 esta iniciativa de ley.<\/p>\n\n\n\n<p>A la propuesta se sumaron tambi\u00e9n las integrantes de esta comisi\u00f3n legislativa, las diputadas: Rosalinda L\u00f3pez Garc\u00eda, Reyna Victoria Jim\u00e9nez Cervantes, Antonia Natividad D\u00edaz Jim\u00e9nez y Lizbeth Anaid Concha Ojeda.<\/p>\n\n\n\n<p>Dicho proyecto fue turnado para su estudio y dictamen a la Comisi\u00f3n Permanente de Salud, y para garantizar la participaci\u00f3n de la ciudadan\u00eda en el an\u00e1lisis del mismo -previo a su dictaminaci\u00f3n-, las y los congresistas realizar\u00e1n foros como parte del parlamento abierto, para escuchar las voces del personal de la Subsecretar\u00eda de Prevenci\u00f3n y Promoci\u00f3n de Salud del Gobierno de M\u00e9xico, de la Comisi\u00f3n Nacional contra las Adicciones, del Consejo Estatal contra las Adicciones de Oaxaca, y de las y los estudiantes de los niveles medio superior y superior.<\/p>\n","protected":false},"excerpt":{"rendered":"<p>\u2022 En Oaxaca, la poblaci\u00f3n infantil y juvenil es la m\u00e1s vulnerable ante este problema&#8230;<\/p>\n","protected":false},"author":4,"featured_media":12320,"comment_status":"closed","ping_status":"open","sticky":false,"template":"","format":"standard","meta":{"footnotes":""},"categories":[6],"tags":[],"jetpack_sharing_enabled":true,"featured_image_urls":{"full":["https:\/\/contextoanalisisperiodistico.com\/wp-content\/uploads\/2023\/04\/ProponediputadaHaydeC3A9ReyesSotoiniciativaparacrearLeydePrevenciC3B3n2CTratamientoyControldeAdicciones28129.jpeg",1600,1066,false],"thumbnail":["https:\/\/contextoanalisisperiodistico.com\/wp-content\/uploads\/2023\/04\/ProponediputadaHaydeC3A9ReyesSotoiniciativaparacrearLeydePrevenciC3B3n2CTratamientoyControldeAdicciones28129-150x150.jpeg",150,150,true],"medium":["https:\/\/contextoanalisisperiodistico.com\/wp-content\/uploads\/2023\/04\/ProponediputadaHaydeC3A9ReyesSotoiniciativaparacrearLeydePrevenciC3B3n2CTratamientoyControldeAdicciones28129-300x200.jpeg",300,200,true],"medium_large":["https:\/\/contextoanalisisperiodistico.com\/wp-content\/uploads\/2023\/04\/ProponediputadaHaydeC3A9ReyesSotoiniciativaparacrearLeydePrevenciC3B3n2CTratamientoyControldeAdicciones28129-768x512.jpeg",640,427,true],"large":["https:\/\/contextoanalisisperiodistico.com\/wp-content\/uploads\/2023\/04\/ProponediputadaHaydeC3A9ReyesSotoiniciativaparacrearLeydePrevenciC3B3n2CTratamientoyControldeAdicciones28129-1024x682.jpeg",640,426,true],"1536x1536":["https:\/\/contextoanalisisperiodistico.com\/wp-content\/uploads\/2023\/04\/ProponediputadaHaydeC3A9ReyesSotoiniciativaparacrearLeydePrevenciC3B3n2CTratamientoyControldeAdicciones28129-1536x1023.jpeg",1536,1023,true],"2048x2048":["https:\/\/contextoanalisisperiodistico.com\/wp-content\/uploads\/2023\/04\/ProponediputadaHaydeC3A9ReyesSotoiniciativaparacrearLeydePrevenciC3B3n2CTratamientoyControldeAdicciones28129.jpeg",1600,1066,false],"covernews-slider-full":["https:\/\/contextoanalisisperiodistico.com\/wp-content\/uploads\/2023\/04\/ProponediputadaHaydeC3A9ReyesSotoiniciativaparacrearLeydePrevenciC3B3n2CTratamientoyControldeAdicciones28129-1115x715.jpeg",1115,715,true],"covernews-slider-center":["https:\/\/contextoanalisisperiodistico.com\/wp-content\/uploads\/2023\/04\/ProponediputadaHaydeC3A9ReyesSotoiniciativaparacrearLeydePrevenciC3B3n2CTratamientoyControldeAdicciones28129-800x500.jpeg",800,500,true],"covernews-featured":["https:\/\/contextoanalisisperiodistico.com\/wp-content\/uploads\/2023\/04\/ProponediputadaHaydeC3A9ReyesSotoiniciativaparacrearLeydePrevenciC3B3n2CTratamientoyControldeAdicciones28129-1024x682.jpeg",1024,682,true],"covernews-medium":["https:\/\/contextoanalisisperiodistico.com\/wp-content\/uploads\/2023\/04\/ProponediputadaHaydeC3A9ReyesSotoiniciativaparacrearLeydePrevenciC3B3n2CTratamientoyControldeAdicciones28129-540x340.jpeg",540,340,true],"covernews-medium-square":["https:\/\/contextoanalisisperiodistico.com\/wp-content\/uploads\/2023\/04\/ProponediputadaHaydeC3A9ReyesSotoiniciativaparacrearLeydePrevenciC3B3n2CTratamientoyControldeAdicciones28129-400x250.jpeg",400,250,true]},"author_info":{"display_name":"Mario Gir\u00f3n","author_link":"https:\/\/contextoanalisisperiodistico.com\/index.php\/author\/director\/"},"category_info":"<a href=\"https:\/\/contextoanalisisperiodistico.com\/index.php\/category\/legislatura\/\" rel=\"category tag\">Legislatura<\/a>","tag_info":"Legislatura","comment_count":"0","jetpack_featured_media_url":"https:\/\/contextoanalisisperiodistico.com\/wp-content\/uploads\/2023\/04\/ProponediputadaHaydeC3A9ReyesSotoiniciativaparacrearLeydePrevenciC3B3n2CTratamientoyControldeAdicciones28129.jpeg","_links":{"self":[{"href":"https:\/\/contextoanalisisperiodistico.com\/index.php\/wp-json\/wp\/v2\/posts\/12318"}],"collection":[{"href":"https:\/\/contextoanalisisperiodistico.com\/index.php\/wp-json\/wp\/v2\/posts"}],"about":[{"href":"https:\/\/contextoanalisisperiodistico.com\/index.php\/wp-json\/wp\/v2\/types\/post"}],"author":[{"embeddable":true,"href":"https:\/\/contextoanalisisperiodistico.com\/index.php\/wp-json\/wp\/v2\/users\/4"}],"replies":[{"embeddable":true,"href":"https:\/\/contextoanalisisperiodistico.com\/index.php\/wp-json\/wp\/v2\/comments?post=12318"}],"version-history":[{"count":1,"href":"https:\/\/contextoanalisisperiodistico.com\/index.php\/wp-json\/wp\/v2\/posts\/12318\/revisions"}],"predecessor-version":[{"id":12319,"href":"https:\/\/contextoanalisisperiodistico.com\/index.php\/wp-json\/wp\/v2\/posts\/12318\/revisions\/12319"}],"wp:featuredmedia":[{"embeddable":true,"href":"https:\/\/contextoanalisisperiodistico.com\/index.php\/wp-json\/wp\/v2\/media\/12320"}],"wp:attachment":[{"href":"https:\/\/contextoanalisisperiodistico.com\/index.php\/wp-json\/wp\/v2\/media?parent=12318"}],"wp:term":[{"taxonomy":"category","embeddable":true,"href":"https:\/\/contextoanalisisperiodistico.com\/index.php\/wp-json\/wp\/v2\/categories?post=12318"},{"taxonomy":"post_tag","embeddable":true,"href":"https:\/\/contextoanalisisperiodistico.com\/index.php\/wp-json\/wp\/v2\/tags?post=12318"}],"curies":[{"name":"wp","href":"https:\/\/api.w.org\/{rel}","templated":true}]}}