{"id":12313,"date":"2023-04-22T19:21:50","date_gmt":"2023-04-23T01:21:50","guid":{"rendered":"https:\/\/contextoanalisisperiodistico.com\/?p=12313"},"modified":"2023-04-23T05:01:48","modified_gmt":"2023-04-23T11:01:48","slug":"ayuda-mutua-y-dialogo-pide-gobierno-de-oaxaca-a-pueblospara-alcanzar-el-desarrollo","status":"publish","type":"post","link":"https:\/\/contextoanalisisperiodistico.com\/index.php\/2023\/04\/22\/ayuda-mutua-y-dialogo-pide-gobierno-de-oaxaca-a-pueblospara-alcanzar-el-desarrollo\/","title":{"rendered":"Ayuda mutua y di\u00e1logo, pide Gobierno de Oaxaca a pueblos<br>para alcanzar el desarrollo"},"content":{"rendered":"<div id=\"fb-root\"><\/div>\n\n<p>\u2022 Anuncia al pueblo Mixe trabajo y atenci\u00f3n para sus comunidades<\/p>\n\n\n\n<p>San Pedro y San Pablo Ayutla, Oax., 22 de abril de 2023.- El Gobernador del Estado Salom\u00f3n Jara Cruz llam\u00f3 a los pueblos de Oaxaca a entablar el di\u00e1logo, trabajar en unidad y ayudarse mutuamente para alcanzar los objetivos de una verdadera transformaci\u00f3n con bienestar y desarrollo para todos los pueblos de la entidad.<\/p>\n\n\n\n<p>Al visitar el municipio de San Pedro y San Pablo Ayutla, para escuchar las principales necesidades que aquejan a las poblaciones del distrito Mixe, conmin\u00f3 a las comunidades priorizar la uni\u00f3n y el di\u00e1logo.<\/p>\n\n\n\n<p>El Mandatario Oaxaque\u00f1o se\u00f1al\u00f3 que los municipios de San Pedro y San Pablo Ayutla y Tamazul\u00e1pam del Esp\u00edritu Santo, son un claro ejemplo de que las diferencias se resuelven con di\u00e1logo, ya que en alg\u00fan momento de la historia se enfrentaron al grado de sufrir la p\u00e9rdida de vidas humanas, pero posteriormente se tendieron la mano.<\/p>\n\n\n\n<p>\u00abNo los vamos a dejar, tenemos cosas pendientes y vamos a ayudar a todos los pueblos de los Mixes, porque es un lugar con mucha cultura, mucha tradici\u00f3n que merece toda la atenci\u00f3n\u00bb, anunci\u00f3.<\/p>\n\n\n\n<p>Salom\u00f3n Jara precis\u00f3 que para poder ayudarlos es necesario que cada uno de los pueblos trabaje para que exista armon\u00eda, paz y di\u00e1logo. \u00abConvocamos a todas y todos al di\u00e1logo y a la resoluci\u00f3n de conflictos\u00bb, reafirm\u00f3.<\/p>\n\n\n\n<p>Ante las y los representantes de 14 municipios convocados a este Encuentro con Autoridades Municipales, el Gobernador de Oaxaca reiter\u00f3 que su administraci\u00f3n ser\u00e1 un gobierno del pueblo y para el pueblo, que le sirva a la gente y no se sirva de ella.<\/p>\n\n\n\n<p>En este encuentro participaron 34 dependencias del Gobierno del Estado, las cuales instalaron 14 mesas de trabajo y recibieron en total 84 solicitudes en materia de caminos, educaci\u00f3n, salud, medio ambiente, electrificaci\u00f3n, agua potable, vivienda, campo entre otros.<\/p>\n\n\n\n<p>-0-<\/p>\n\n\n\n<figure class=\"wp-block-image size-large\"><img fetchpriority=\"high\" decoding=\"async\" width=\"1024\" height=\"682\" src=\"https:\/\/contextoanalisisperiodistico.com\/wp-content\/uploads\/2023\/04\/img-20230422-wa00835020703936488022283-1024x682.jpg\" alt=\"\" class=\"wp-image-12316\" srcset=\"https:\/\/contextoanalisisperiodistico.com\/wp-content\/uploads\/2023\/04\/img-20230422-wa00835020703936488022283-1024x682.jpg 1024w, https:\/\/contextoanalisisperiodistico.com\/wp-content\/uploads\/2023\/04\/img-20230422-wa00835020703936488022283-300x200.jpg 300w, https:\/\/contextoanalisisperiodistico.com\/wp-content\/uploads\/2023\/04\/img-20230422-wa00835020703936488022283-768x512.jpg 768w, https:\/\/contextoanalisisperiodistico.com\/wp-content\/uploads\/2023\/04\/img-20230422-wa00835020703936488022283.jpg 1100w\" sizes=\"(max-width: 1024px) 100vw, 1024px\" \/><\/figure>\n\n\n\n<figure class=\"wp-block-image\"><img decoding=\"async\" width=\"1024\" height=\"682\" src=\"https:\/\/contextoanalisisperiodistico.com\/wp-content\/uploads\/2023\/04\/img-20230422-wa00845349884021053373677-1024x682.jpg\" alt=\"\" class=\"wp-image-12315\" srcset=\"https:\/\/contextoanalisisperiodistico.com\/wp-content\/uploads\/2023\/04\/img-20230422-wa00845349884021053373677-1024x682.jpg 1024w, https:\/\/contextoanalisisperiodistico.com\/wp-content\/uploads\/2023\/04\/img-20230422-wa00845349884021053373677-300x200.jpg 300w, https:\/\/contextoanalisisperiodistico.com\/wp-content\/uploads\/2023\/04\/img-20230422-wa00845349884021053373677-768x512.jpg 768w, https:\/\/contextoanalisisperiodistico.com\/wp-content\/uploads\/2023\/04\/img-20230422-wa00845349884021053373677.jpg 1100w\" sizes=\"(max-width: 1024px) 100vw, 1024px\" \/><\/figure>\n","protected":false},"excerpt":{"rendered":"<p>\u2022 Anuncia al pueblo Mixe trabajo y atenci\u00f3n para sus comunidades San Pedro y San&#8230;<\/p>\n","protected":false},"author":4,"featured_media":12314,"comment_status":"closed","ping_status":"open","sticky":false,"template":"","format":"standard","meta":{"footnotes":""},"categories":[9],"tags":[],"jetpack_sharing_enabled":true,"featured_image_urls":{"full":["https:\/\/contextoanalisisperiodistico.com\/wp-content\/uploads\/2023\/04\/IMG-20230422-WA0085.jpg",1100,733,false],"thumbnail":["https:\/\/contextoanalisisperiodistico.com\/wp-content\/uploads\/2023\/04\/IMG-20230422-WA0085-150x150.jpg",150,150,true],"medium":["https:\/\/contextoanalisisperiodistico.com\/wp-content\/uploads\/2023\/04\/IMG-20230422-WA0085-300x200.jpg",300,200,true],"medium_large":["https:\/\/contextoanalisisperiodistico.com\/wp-content\/uploads\/2023\/04\/IMG-20230422-WA0085-768x512.jpg",640,427,true],"large":["https:\/\/contextoanalisisperiodistico.com\/wp-content\/uploads\/2023\/04\/IMG-20230422-WA0085-1024x682.jpg",640,426,true],"1536x1536":["https:\/\/contextoanalisisperiodistico.com\/wp-content\/uploads\/2023\/04\/IMG-20230422-WA0085.jpg",1100,733,false],"2048x2048":["https:\/\/contextoanalisisperiodistico.com\/wp-content\/uploads\/2023\/04\/IMG-20230422-WA0085.jpg",1100,733,false],"covernews-slider-full":["https:\/\/contextoanalisisperiodistico.com\/wp-content\/uploads\/2023\/04\/IMG-20230422-WA0085-1100x715.jpg",1100,715,true],"covernews-slider-center":["https:\/\/contextoanalisisperiodistico.com\/wp-content\/uploads\/2023\/04\/IMG-20230422-WA0085-800x500.jpg",800,500,true],"covernews-featured":["https:\/\/contextoanalisisperiodistico.com\/wp-content\/uploads\/2023\/04\/IMG-20230422-WA0085-1024x682.jpg",1024,682,true],"covernews-medium":["https:\/\/contextoanalisisperiodistico.com\/wp-content\/uploads\/2023\/04\/IMG-20230422-WA0085-540x340.jpg",540,340,true],"covernews-medium-square":["https:\/\/contextoanalisisperiodistico.com\/wp-content\/uploads\/2023\/04\/IMG-20230422-WA0085-400x250.jpg",400,250,true]},"author_info":{"display_name":"Mario Gir\u00f3n","author_link":"https:\/\/contextoanalisisperiodistico.com\/index.php\/author\/director\/"},"category_info":"<a href=\"https:\/\/contextoanalisisperiodistico.com\/index.php\/category\/politica\/\" rel=\"category tag\">Pol\u00edtica<\/a>","tag_info":"Pol\u00edtica","comment_count":"0","jetpack_featured_media_url":"https:\/\/contextoanalisisperiodistico.com\/wp-content\/uploads\/2023\/04\/IMG-20230422-WA0085.jpg","_links":{"self":[{"href":"https:\/\/contextoanalisisperiodistico.com\/index.php\/wp-json\/wp\/v2\/posts\/12313"}],"collection":[{"href":"https:\/\/contextoanalisisperiodistico.com\/index.php\/wp-json\/wp\/v2\/posts"}],"about":[{"href":"https:\/\/contextoanalisisperiodistico.com\/index.php\/wp-json\/wp\/v2\/types\/post"}],"author":[{"embeddable":true,"href":"https:\/\/contextoanalisisperiodistico.com\/index.php\/wp-json\/wp\/v2\/users\/4"}],"replies":[{"embeddable":true,"href":"https:\/\/contextoanalisisperiodistico.com\/index.php\/wp-json\/wp\/v2\/comments?post=12313"}],"version-history":[{"count":1,"href":"https:\/\/contextoanalisisperiodistico.com\/index.php\/wp-json\/wp\/v2\/posts\/12313\/revisions"}],"predecessor-version":[{"id":12317,"href":"https:\/\/contextoanalisisperiodistico.com\/index.php\/wp-json\/wp\/v2\/posts\/12313\/revisions\/12317"}],"wp:featuredmedia":[{"embeddable":true,"href":"https:\/\/contextoanalisisperiodistico.com\/index.php\/wp-json\/wp\/v2\/media\/12314"}],"wp:attachment":[{"href":"https:\/\/contextoanalisisperiodistico.com\/index.php\/wp-json\/wp\/v2\/media?parent=12313"}],"wp:term":[{"taxonomy":"category","embeddable":true,"href":"https:\/\/contextoanalisisperiodistico.com\/index.php\/wp-json\/wp\/v2\/categories?post=12313"},{"taxonomy":"post_tag","embeddable":true,"href":"https:\/\/contextoanalisisperiodistico.com\/index.php\/wp-json\/wp\/v2\/tags?post=12313"}],"curies":[{"name":"wp","href":"https:\/\/api.w.org\/{rel}","templated":true}]}}