{"id":12308,"date":"2023-04-22T19:18:22","date_gmt":"2023-04-23T01:18:22","guid":{"rendered":"https:\/\/contextoanalisisperiodistico.com\/?p=12308"},"modified":"2023-04-22T19:18:29","modified_gmt":"2023-04-23T01:18:29","slug":"atestigua-gobernador-de-oaxaca-relevo-del-cargo-en-44-zona-militar","status":"publish","type":"post","link":"https:\/\/contextoanalisisperiodistico.com\/index.php\/2023\/04\/22\/atestigua-gobernador-de-oaxaca-relevo-del-cargo-en-44-zona-militar\/","title":{"rendered":"Atestigua Gobernador de Oaxaca relevo del cargo en 44 Zona Militar"},"content":{"rendered":"<div id=\"fb-root\"><\/div>\n\n<p>Miahuatl\u00e1n de Porfirio D\u00edaz, Oax., 22 de abril de 2023.- El Gobernador del Estado de Oaxaca Salom\u00f3n Jara Cruz atestigu\u00f3 la toma de protesta del Comandante de la 44 Zona Militar de la Secretar\u00eda de Defensa Nacional (Sedena), Jorge Alejandro Guti\u00e9rrez Mart\u00ednez, con sede en esta municipalidad.<\/p>\n\n\n\n<p>En la ceremonia de toma de posesi\u00f3n del cargo y protesta de bandera, el General de Brigada, Diplomado de Estado Mayor, asumi\u00f3 su encargo ante funcionariado del Gobierno Federal, Estatal, autoridades municipales, generales, jefes, oficiales y tropa acantonados en este campo militar.<\/p>\n\n\n\n<p>Con su presencia en esta actividad, el Mandatario Estatal dej\u00f3 claro una relaci\u00f3n de respeto y coordinaci\u00f3n para trabajar en conjunto al servicio de la ciudadan\u00eda oaxaque\u00f1a.<\/p>\n\n\n\n<p>La coordinaci\u00f3n entre el Gobierno del Estado y la Federaci\u00f3n, por conducto de las dependencias responsables de la defensa, guardia y seguridad p\u00fablica, en este caso con la 44 Zona Militar a cargo del Comandante Jorge Alejandro Guti\u00e9rrez Mart\u00ednez, forma parte de la estrategia nacional en esta materia, que ha logrado resultados sustanciales permitiendo devolver la esperanza y tranquilidad a la ciudadan\u00eda.<\/p>\n\n\n\n<p>-0-<\/p>\n\n\n\n<figure class=\"wp-block-image size-large\"><img fetchpriority=\"high\" decoding=\"async\" width=\"1024\" height=\"682\" src=\"https:\/\/contextoanalisisperiodistico.com\/wp-content\/uploads\/2023\/04\/img-20230422-wa00353359349704364805894-1024x682.jpg\" alt=\"\" class=\"wp-image-12310\" srcset=\"https:\/\/contextoanalisisperiodistico.com\/wp-content\/uploads\/2023\/04\/img-20230422-wa00353359349704364805894-1024x682.jpg 1024w, https:\/\/contextoanalisisperiodistico.com\/wp-content\/uploads\/2023\/04\/img-20230422-wa00353359349704364805894-300x200.jpg 300w, https:\/\/contextoanalisisperiodistico.com\/wp-content\/uploads\/2023\/04\/img-20230422-wa00353359349704364805894-768x512.jpg 768w, https:\/\/contextoanalisisperiodistico.com\/wp-content\/uploads\/2023\/04\/img-20230422-wa00353359349704364805894.jpg 1100w\" sizes=\"(max-width: 1024px) 100vw, 1024px\" \/><\/figure>\n\n\n\n<figure class=\"wp-block-image\"><img decoding=\"async\" width=\"1024\" height=\"682\" src=\"https:\/\/contextoanalisisperiodistico.com\/wp-content\/uploads\/2023\/04\/img-20230422-wa00374693163283110039258-1024x682.jpg\" alt=\"\" class=\"wp-image-12311\" srcset=\"https:\/\/contextoanalisisperiodistico.com\/wp-content\/uploads\/2023\/04\/img-20230422-wa00374693163283110039258-1024x682.jpg 1024w, https:\/\/contextoanalisisperiodistico.com\/wp-content\/uploads\/2023\/04\/img-20230422-wa00374693163283110039258-300x200.jpg 300w, https:\/\/contextoanalisisperiodistico.com\/wp-content\/uploads\/2023\/04\/img-20230422-wa00374693163283110039258-768x512.jpg 768w, https:\/\/contextoanalisisperiodistico.com\/wp-content\/uploads\/2023\/04\/img-20230422-wa00374693163283110039258.jpg 1100w\" sizes=\"(max-width: 1024px) 100vw, 1024px\" \/><\/figure>\n","protected":false},"excerpt":{"rendered":"<p>Miahuatl\u00e1n de Porfirio D\u00edaz, Oax., 22 de abril de 2023.- El Gobernador del Estado de&#8230;<\/p>\n","protected":false},"author":4,"featured_media":12309,"comment_status":"closed","ping_status":"open","sticky":false,"template":"","format":"standard","meta":{"footnotes":""},"categories":[9],"tags":[],"jetpack_sharing_enabled":true,"featured_image_urls":{"full":["https:\/\/contextoanalisisperiodistico.com\/wp-content\/uploads\/2023\/04\/IMG-20230422-WA0036.jpg",1100,733,false],"thumbnail":["https:\/\/contextoanalisisperiodistico.com\/wp-content\/uploads\/2023\/04\/IMG-20230422-WA0036-150x150.jpg",150,150,true],"medium":["https:\/\/contextoanalisisperiodistico.com\/wp-content\/uploads\/2023\/04\/IMG-20230422-WA0036-300x200.jpg",300,200,true],"medium_large":["https:\/\/contextoanalisisperiodistico.com\/wp-content\/uploads\/2023\/04\/IMG-20230422-WA0036-768x512.jpg",640,427,true],"large":["https:\/\/contextoanalisisperiodistico.com\/wp-content\/uploads\/2023\/04\/IMG-20230422-WA0036-1024x682.jpg",640,426,true],"1536x1536":["https:\/\/contextoanalisisperiodistico.com\/wp-content\/uploads\/2023\/04\/IMG-20230422-WA0036.jpg",1100,733,false],"2048x2048":["https:\/\/contextoanalisisperiodistico.com\/wp-content\/uploads\/2023\/04\/IMG-20230422-WA0036.jpg",1100,733,false],"covernews-slider-full":["https:\/\/contextoanalisisperiodistico.com\/wp-content\/uploads\/2023\/04\/IMG-20230422-WA0036-1100x715.jpg",1100,715,true],"covernews-slider-center":["https:\/\/contextoanalisisperiodistico.com\/wp-content\/uploads\/2023\/04\/IMG-20230422-WA0036-800x500.jpg",800,500,true],"covernews-featured":["https:\/\/contextoanalisisperiodistico.com\/wp-content\/uploads\/2023\/04\/IMG-20230422-WA0036-1024x682.jpg",1024,682,true],"covernews-medium":["https:\/\/contextoanalisisperiodistico.com\/wp-content\/uploads\/2023\/04\/IMG-20230422-WA0036-540x340.jpg",540,340,true],"covernews-medium-square":["https:\/\/contextoanalisisperiodistico.com\/wp-content\/uploads\/2023\/04\/IMG-20230422-WA0036-400x250.jpg",400,250,true]},"author_info":{"display_name":"Mario Gir\u00f3n","author_link":"https:\/\/contextoanalisisperiodistico.com\/index.php\/author\/director\/"},"category_info":"<a href=\"https:\/\/contextoanalisisperiodistico.com\/index.php\/category\/politica\/\" rel=\"category tag\">Pol\u00edtica<\/a>","tag_info":"Pol\u00edtica","comment_count":"0","jetpack_featured_media_url":"https:\/\/contextoanalisisperiodistico.com\/wp-content\/uploads\/2023\/04\/IMG-20230422-WA0036.jpg","_links":{"self":[{"href":"https:\/\/contextoanalisisperiodistico.com\/index.php\/wp-json\/wp\/v2\/posts\/12308"}],"collection":[{"href":"https:\/\/contextoanalisisperiodistico.com\/index.php\/wp-json\/wp\/v2\/posts"}],"about":[{"href":"https:\/\/contextoanalisisperiodistico.com\/index.php\/wp-json\/wp\/v2\/types\/post"}],"author":[{"embeddable":true,"href":"https:\/\/contextoanalisisperiodistico.com\/index.php\/wp-json\/wp\/v2\/users\/4"}],"replies":[{"embeddable":true,"href":"https:\/\/contextoanalisisperiodistico.com\/index.php\/wp-json\/wp\/v2\/comments?post=12308"}],"version-history":[{"count":1,"href":"https:\/\/contextoanalisisperiodistico.com\/index.php\/wp-json\/wp\/v2\/posts\/12308\/revisions"}],"predecessor-version":[{"id":12312,"href":"https:\/\/contextoanalisisperiodistico.com\/index.php\/wp-json\/wp\/v2\/posts\/12308\/revisions\/12312"}],"wp:featuredmedia":[{"embeddable":true,"href":"https:\/\/contextoanalisisperiodistico.com\/index.php\/wp-json\/wp\/v2\/media\/12309"}],"wp:attachment":[{"href":"https:\/\/contextoanalisisperiodistico.com\/index.php\/wp-json\/wp\/v2\/media?parent=12308"}],"wp:term":[{"taxonomy":"category","embeddable":true,"href":"https:\/\/contextoanalisisperiodistico.com\/index.php\/wp-json\/wp\/v2\/categories?post=12308"},{"taxonomy":"post_tag","embeddable":true,"href":"https:\/\/contextoanalisisperiodistico.com\/index.php\/wp-json\/wp\/v2\/tags?post=12308"}],"curies":[{"name":"wp","href":"https:\/\/api.w.org\/{rel}","templated":true}]}}