{"id":12259,"date":"2023-04-20T22:04:33","date_gmt":"2023-04-21T04:04:33","guid":{"rendered":"https:\/\/contextoanalisisperiodistico.com\/?p=12259"},"modified":"2023-04-20T22:04:39","modified_gmt":"2023-04-21T04:04:39","slug":"centro-integral-de-revalorizacion-de-residuos-sera-por-convencimiento-no-por-imposicion-gobernador-salomon-jara","status":"publish","type":"post","link":"https:\/\/contextoanalisisperiodistico.com\/index.php\/2023\/04\/20\/centro-integral-de-revalorizacion-de-residuos-sera-por-convencimiento-no-por-imposicion-gobernador-salomon-jara\/","title":{"rendered":"Centro Integral de Revalorizaci\u00f3n de Residuos, ser\u00e1 por convencimiento no por imposici\u00f3n: Gobernador Salom\u00f3n Jara"},"content":{"rendered":"<div id=\"fb-root\"><\/div>\n\n<p>\u2022 El Gobierno de Oaxaca trabaja para integrar una pol\u00edtica de cultura ambiental que coadyuve al tratamiento integral de residuos<\/p>\n\n\n\n<p>\u2022 En el programa \u201cJueves de Gozona\u201d, el Mandatario Estatal habl\u00f3 sobre los avances de las negociaciones con los principales sindicatos de la entidad<\/p>\n\n\n\n<p>Oaxaca de Ju\u00e1rez, Oax., 20 de abril de 2023.- El Gobernador del Estado de Oaxaca Salom\u00f3n Jara Cruz reconoci\u00f3 que, la crisis en materia de residuos s\u00f3lidos, generada por la falta de pol\u00edticas p\u00fablicas para su tratamiento y la nula atenci\u00f3n por gobernantes del pasado, ser\u00e1 atendida con la realizaci\u00f3n del Centro Integral de Revalorizaci\u00f3n de Residuos S\u00f3lidos Urbanos (CIRRSU).<\/p>\n\n\n\n<p>En el programa \u201cJueves de Gozona\u201d transmitido por la Corporaci\u00f3n Oaxaque\u00f1a de Radio y Televisi\u00f3n (Cortv), el titular de la Gubernatura del Estado recalc\u00f3 que, aunque se construya dicho Centro Integral, ser\u00e1n necesario retomar pr\u00e1cticas y valores para el cuidado del medio ambiente, y hacer a un lado el uso de pl\u00e1sticos y utensilios desechables.<\/p>\n\n\n\n<p>En el ejercicio de comunicaci\u00f3n en el que participaron la periodista Lizbeth Javier y el periodista Humberto Cruz, el Mandatario Oaxaque\u00f1o reconoci\u00f3 que para concretar la instalaci\u00f3n del CIRRSU, se antepuso el di\u00e1logo y la concertaci\u00f3n para lograr el beneficio colectivo.<\/p>\n\n\n\n<p>\u201cMantendremos la defensa del inter\u00e9s p\u00fablico, ser\u00e1 por convencimiento no por imposici\u00f3n\u201d, asever\u00f3 Salom\u00f3n Jara, al adelantar que buscar\u00e1n estrategias de este tipo en ciudades como Huajuapan de Le\u00f3n o en destinos como Huatulco, donde la problem\u00e1tica de los residuos s\u00f3lidos crece cada d\u00eda.<\/p>\n\n\n\n<p>Detall\u00f3 que el proyecto del CIRRSU tuvo como antecedente la b\u00fasqueda de un espacio f\u00edsico para poder procesar 850 toneladas de desechos que se originan en la zona metropolitana de Oaxaca, y fue San Lorenzo Albarradas el municipio donde, luego de asambleas comunitarias, aprobaron su participaci\u00f3n.<\/p>\n\n\n\n<p>En este mismo tema, el secretario de Gobierno Jes\u00fas Romero L\u00f3pez dijo que se cuenta con la aprobaci\u00f3n de todas las agencias municipales, las cuales avalaron a las autoridades municipales, para la construcci\u00f3n de este Centro en el predio \u201cEl Carpintero\u201d de dicha demarcaci\u00f3n.<\/p>\n\n\n\n<p>Afirm\u00f3 que este proyecto no generar\u00e1 ning\u00fan da\u00f1o ambiental, contrario a ello, se atender\u00e1n las necesidades hist\u00f3ricas de la comunidad, como el pavimento de calles, mejoras a los servicios de salud y educativos. Tambi\u00e9n, habr\u00e1 un nuevo modelo de negocios ante el aprovechamiento de los residuos.<\/p>\n\n\n\n<p>Avanza negociaci\u00f3n con principales sindicatos de Oaxaca<\/p>\n\n\n\n<p>En otro tema, el Gobernador Salom\u00f3n Jara inform\u00f3 que hay avances importantes en cuanto a la negociaci\u00f3n con sindicatos de Oaxaca, como el Sindicato de Trabajadores de los Poderes del Estado e Instituciones Descentralizadas de Car\u00e1cter Estatal (STPEIDCEO), con quienes se firmar\u00e1 en breve el nuevo contrato colectivo de trabajo, derivado de las mesas encabezadas por el secretario de Administraci\u00f3n Antonino Morales Toledo.<\/p>\n\n\n\n<p>De igual forma se mantiene un di\u00e1logo permanente con integrantes del magisterio oaxaque\u00f1o, ya que, al conocer la naturaleza de la lucha y demanda social, se da soluci\u00f3n oportuna a las peticiones planteadas. En este mismo sentido, inform\u00f3 que el plant\u00f3n de estudiantes normalistas fue levantado al llegar a un consenso en beneficio del estudiantado.<\/p>\n\n\n\n<p>Asimismo, reconoci\u00f3 la buena disposici\u00f3n de los integrantes de la Secci\u00f3n 35 del Sindicato Nacional de Trabajadores de la Salud (SNTSA), quienes han colaborado en la transici\u00f3n de los servicios de salud a IMSS Bienestar.<\/p>\n\n\n\n<p>Finalmente, el Gobernador del Estado reiter\u00f3 que \u201cen Oaxaca hay estabilidad social, porque se ha otorgado atenci\u00f3n directa, sin intermediarios, ahora se atiende a los presidentes y presidentas municipales en las reuniones distritales, ya no hay padrinos ni madrinas para una gesti\u00f3n, ahora hay un trato directo\u201d.<\/p>\n\n\n\n<p>En Jueves de Gozona, en la secci\u00f3n Oaxaca Profundo, particip\u00f3 la Villa de Etla, con la marimba \u201cMaderas\u201d, agrupaci\u00f3n de la Casa de la Cultura de dicho municipio, quienes interpretaron \u201cLa Martiniana\u201d.<\/p>\n\n\n\n<p>De igual forma se present\u00f3 una muestra artesanal y gastron\u00f3mica de la demarcaci\u00f3n ubicada en los Valles Centrales de Oaxaca<\/p>\n\n\n\n<p>-0-<\/p>\n\n\n\n<figure class=\"wp-block-image size-large\"><img fetchpriority=\"high\" decoding=\"async\" width=\"601\" height=\"1024\" src=\"https:\/\/contextoanalisisperiodistico.com\/wp-content\/uploads\/2023\/04\/img-20230420-wa00922797777536777118796-601x1024.jpg\" alt=\"\" class=\"wp-image-12261\" srcset=\"https:\/\/contextoanalisisperiodistico.com\/wp-content\/uploads\/2023\/04\/img-20230420-wa00922797777536777118796-601x1024.jpg 601w, https:\/\/contextoanalisisperiodistico.com\/wp-content\/uploads\/2023\/04\/img-20230420-wa00922797777536777118796-176x300.jpg 176w, https:\/\/contextoanalisisperiodistico.com\/wp-content\/uploads\/2023\/04\/img-20230420-wa00922797777536777118796.jpg 614w\" sizes=\"(max-width: 601px) 100vw, 601px\" \/><\/figure>\n\n\n\n<figure class=\"wp-block-image\"><img decoding=\"async\" width=\"1024\" height=\"682\" src=\"https:\/\/contextoanalisisperiodistico.com\/wp-content\/uploads\/2023\/04\/img-20230420-wa00943184434017385133755-1024x682.jpg\" alt=\"\" class=\"wp-image-12262\" srcset=\"https:\/\/contextoanalisisperiodistico.com\/wp-content\/uploads\/2023\/04\/img-20230420-wa00943184434017385133755-1024x682.jpg 1024w, https:\/\/contextoanalisisperiodistico.com\/wp-content\/uploads\/2023\/04\/img-20230420-wa00943184434017385133755-300x200.jpg 300w, https:\/\/contextoanalisisperiodistico.com\/wp-content\/uploads\/2023\/04\/img-20230420-wa00943184434017385133755-768x512.jpg 768w, https:\/\/contextoanalisisperiodistico.com\/wp-content\/uploads\/2023\/04\/img-20230420-wa00943184434017385133755-1536x1023.jpg 1536w, https:\/\/contextoanalisisperiodistico.com\/wp-content\/uploads\/2023\/04\/img-20230420-wa00943184434017385133755.jpg 1600w\" sizes=\"(max-width: 1024px) 100vw, 1024px\" \/><\/figure>\n","protected":false},"excerpt":{"rendered":"<p>\u2022 El Gobierno de Oaxaca trabaja para integrar una pol\u00edtica de cultura ambiental que coadyuve&#8230;<\/p>\n","protected":false},"author":4,"featured_media":12260,"comment_status":"open","ping_status":"open","sticky":false,"template":"","format":"standard","meta":{"footnotes":""},"categories":[9],"tags":[],"jetpack_sharing_enabled":true,"featured_image_urls":{"full":["https:\/\/contextoanalisisperiodistico.com\/wp-content\/uploads\/2023\/04\/IMG-20230420-WA0093.jpg",1600,1066,false],"thumbnail":["https:\/\/contextoanalisisperiodistico.com\/wp-content\/uploads\/2023\/04\/IMG-20230420-WA0093-150x150.jpg",150,150,true],"medium":["https:\/\/contextoanalisisperiodistico.com\/wp-content\/uploads\/2023\/04\/IMG-20230420-WA0093-300x200.jpg",300,200,true],"medium_large":["https:\/\/contextoanalisisperiodistico.com\/wp-content\/uploads\/2023\/04\/IMG-20230420-WA0093-768x512.jpg",640,427,true],"large":["https:\/\/contextoanalisisperiodistico.com\/wp-content\/uploads\/2023\/04\/IMG-20230420-WA0093-1024x682.jpg",640,426,true],"1536x1536":["https:\/\/contextoanalisisperiodistico.com\/wp-content\/uploads\/2023\/04\/IMG-20230420-WA0093-1536x1023.jpg",1536,1023,true],"2048x2048":["https:\/\/contextoanalisisperiodistico.com\/wp-content\/uploads\/2023\/04\/IMG-20230420-WA0093.jpg",1600,1066,false],"covernews-slider-full":["https:\/\/contextoanalisisperiodistico.com\/wp-content\/uploads\/2023\/04\/IMG-20230420-WA0093-1115x715.jpg",1115,715,true],"covernews-slider-center":["https:\/\/contextoanalisisperiodistico.com\/wp-content\/uploads\/2023\/04\/IMG-20230420-WA0093-800x500.jpg",800,500,true],"covernews-featured":["https:\/\/contextoanalisisperiodistico.com\/wp-content\/uploads\/2023\/04\/IMG-20230420-WA0093-1024x682.jpg",1024,682,true],"covernews-medium":["https:\/\/contextoanalisisperiodistico.com\/wp-content\/uploads\/2023\/04\/IMG-20230420-WA0093-540x340.jpg",540,340,true],"covernews-medium-square":["https:\/\/contextoanalisisperiodistico.com\/wp-content\/uploads\/2023\/04\/IMG-20230420-WA0093-400x250.jpg",400,250,true]},"author_info":{"display_name":"Mario Gir\u00f3n","author_link":"https:\/\/contextoanalisisperiodistico.com\/index.php\/author\/director\/"},"category_info":"<a href=\"https:\/\/contextoanalisisperiodistico.com\/index.php\/category\/politica\/\" rel=\"category tag\">Pol\u00edtica<\/a>","tag_info":"Pol\u00edtica","comment_count":"0","jetpack_featured_media_url":"https:\/\/contextoanalisisperiodistico.com\/wp-content\/uploads\/2023\/04\/IMG-20230420-WA0093.jpg","_links":{"self":[{"href":"https:\/\/contextoanalisisperiodistico.com\/index.php\/wp-json\/wp\/v2\/posts\/12259"}],"collection":[{"href":"https:\/\/contextoanalisisperiodistico.com\/index.php\/wp-json\/wp\/v2\/posts"}],"about":[{"href":"https:\/\/contextoanalisisperiodistico.com\/index.php\/wp-json\/wp\/v2\/types\/post"}],"author":[{"embeddable":true,"href":"https:\/\/contextoanalisisperiodistico.com\/index.php\/wp-json\/wp\/v2\/users\/4"}],"replies":[{"embeddable":true,"href":"https:\/\/contextoanalisisperiodistico.com\/index.php\/wp-json\/wp\/v2\/comments?post=12259"}],"version-history":[{"count":1,"href":"https:\/\/contextoanalisisperiodistico.com\/index.php\/wp-json\/wp\/v2\/posts\/12259\/revisions"}],"predecessor-version":[{"id":12263,"href":"https:\/\/contextoanalisisperiodistico.com\/index.php\/wp-json\/wp\/v2\/posts\/12259\/revisions\/12263"}],"wp:featuredmedia":[{"embeddable":true,"href":"https:\/\/contextoanalisisperiodistico.com\/index.php\/wp-json\/wp\/v2\/media\/12260"}],"wp:attachment":[{"href":"https:\/\/contextoanalisisperiodistico.com\/index.php\/wp-json\/wp\/v2\/media?parent=12259"}],"wp:term":[{"taxonomy":"category","embeddable":true,"href":"https:\/\/contextoanalisisperiodistico.com\/index.php\/wp-json\/wp\/v2\/categories?post=12259"},{"taxonomy":"post_tag","embeddable":true,"href":"https:\/\/contextoanalisisperiodistico.com\/index.php\/wp-json\/wp\/v2\/tags?post=12259"}],"curies":[{"name":"wp","href":"https:\/\/api.w.org\/{rel}","templated":true}]}}