{"id":12246,"date":"2023-04-20T17:41:38","date_gmt":"2023-04-20T23:41:38","guid":{"rendered":"https:\/\/contextoanalisisperiodistico.com\/index.php\/2023\/04\/20\/consejo-general-del-ogaipo-aprueba-el-catalogo-de-informacion-de-interes-publico\/"},"modified":"2023-04-20T17:41:38","modified_gmt":"2023-04-20T23:41:38","slug":"consejo-general-del-ogaipo-aprueba-el-catalogo-de-informacion-de-interes-publico","status":"publish","type":"post","link":"https:\/\/contextoanalisisperiodistico.com\/index.php\/2023\/04\/20\/consejo-general-del-ogaipo-aprueba-el-catalogo-de-informacion-de-interes-publico\/","title":{"rendered":"Consejo General del OGAIPO aprueba el cat\u00e1logo de informaci\u00f3n de inter\u00e9s p\u00fablico"},"content":{"rendered":"<div id=\"fb-root\"><\/div>\n\n<p><strong>&nbsp;<\/strong><\/p>\n\n\n\n<p>Oaxaca de Ju\u00e1rez, Oax.- Este 20 de abril, el Pleno del \u00d3rgano Garante de Acceso a la Informaci\u00f3n P\u00fablica, Transparencia, Protecci\u00f3n de Datos Personales y Buen Gobierno del Estado de Oaxaca (OGAIPO) celebr\u00f3 su Octava &nbsp;Sesi\u00f3n Extraordinaria 2023.<\/p>\n\n\n\n<p>&nbsp;<\/p>\n\n\n\n<p>En esta Sesi\u00f3n, el Consejo General del OGAIPO aprob\u00f3 por unanimidad de votos el Cat\u00e1logo de Informaci\u00f3n de Inter\u00e9s P\u00fablico que deber\u00e1n de publicar los Sujetos Obligados del Estado de Oaxaca, correspondiente al ejercicio 2022.<\/p>\n\n\n\n<p>&nbsp;<\/p>\n\n\n\n<p>La informaci\u00f3n de inter\u00e9s p\u00fablico es aquella que resulta beneficiosa o relevante para la sociedad, cuya divulgaci\u00f3n resulta \u00fatil para que se comprendan las actividades que realizan las instituciones p\u00fablicas por las leyes en la materia, y la cual resulta obligatoria tanto en su identificaci\u00f3n como en su publicaci\u00f3n, debiendo considerar su disponibilidad en datos abiertos.<\/p>\n\n\n\n<p>&nbsp;<\/p>\n\n\n\n<p>En otro orden de ideas, se aprob\u00f3 por unanimidad, el t\u00e9rmino de la suspensi\u00f3n de plazos legales para la sustanciaci\u00f3n en los procedimientos para la tramitaci\u00f3n de solicitudes de acceso a la informaci\u00f3n y\/o protecci\u00f3n de datos personales, recursos de revisi\u00f3n, quejas y denuncias, as\u00ed como, la publicaci\u00f3n y\/o actualizaci\u00f3n de las obligaciones de transparencia y la solventaci\u00f3n de las mismas para el Sujeto Obligado, Secretar\u00eda de Finanzas de Oaxaca.&nbsp;<\/p>\n","protected":false},"excerpt":{"rendered":"<p>&nbsp; Oaxaca de Ju\u00e1rez, Oax.- Este 20 de abril, el Pleno del \u00d3rgano Garante de&#8230;<\/p>\n","protected":false},"author":4,"featured_media":12245,"comment_status":"open","ping_status":"open","sticky":false,"template":"","format":"standard","meta":{"footnotes":""},"categories":[9],"tags":[],"jetpack_sharing_enabled":true,"featured_image_urls":{"full":["https:\/\/contextoanalisisperiodistico.com\/wp-content\/uploads\/2023\/04\/IMG_1233-scaled.jpg",2560,1707,false],"thumbnail":["https:\/\/contextoanalisisperiodistico.com\/wp-content\/uploads\/2023\/04\/IMG_1233-150x150.jpg",150,150,true],"medium":["https:\/\/contextoanalisisperiodistico.com\/wp-content\/uploads\/2023\/04\/IMG_1233-300x200.jpg",300,200,true],"medium_large":["https:\/\/contextoanalisisperiodistico.com\/wp-content\/uploads\/2023\/04\/IMG_1233-768x512.jpg",640,427,true],"large":["https:\/\/contextoanalisisperiodistico.com\/wp-content\/uploads\/2023\/04\/IMG_1233-1024x683.jpg",640,427,true],"1536x1536":["https:\/\/contextoanalisisperiodistico.com\/wp-content\/uploads\/2023\/04\/IMG_1233-1536x1024.jpg",1536,1024,true],"2048x2048":["https:\/\/contextoanalisisperiodistico.com\/wp-content\/uploads\/2023\/04\/IMG_1233-2048x1365.jpg",2048,1365,true],"covernews-slider-full":["https:\/\/contextoanalisisperiodistico.com\/wp-content\/uploads\/2023\/04\/IMG_1233-1115x715.jpg",1115,715,true],"covernews-slider-center":["https:\/\/contextoanalisisperiodistico.com\/wp-content\/uploads\/2023\/04\/IMG_1233-800x500.jpg",800,500,true],"covernews-featured":["https:\/\/contextoanalisisperiodistico.com\/wp-content\/uploads\/2023\/04\/IMG_1233-1024x683.jpg",1024,683,true],"covernews-medium":["https:\/\/contextoanalisisperiodistico.com\/wp-content\/uploads\/2023\/04\/IMG_1233-540x340.jpg",540,340,true],"covernews-medium-square":["https:\/\/contextoanalisisperiodistico.com\/wp-content\/uploads\/2023\/04\/IMG_1233-400x250.jpg",400,250,true]},"author_info":{"display_name":"Mario Gir\u00f3n","author_link":"https:\/\/contextoanalisisperiodistico.com\/index.php\/author\/director\/"},"category_info":"<a href=\"https:\/\/contextoanalisisperiodistico.com\/index.php\/category\/politica\/\" rel=\"category tag\">Pol\u00edtica<\/a>","tag_info":"Pol\u00edtica","comment_count":"0","jetpack_featured_media_url":"https:\/\/contextoanalisisperiodistico.com\/wp-content\/uploads\/2023\/04\/IMG_1233-scaled.jpg","_links":{"self":[{"href":"https:\/\/contextoanalisisperiodistico.com\/index.php\/wp-json\/wp\/v2\/posts\/12246"}],"collection":[{"href":"https:\/\/contextoanalisisperiodistico.com\/index.php\/wp-json\/wp\/v2\/posts"}],"about":[{"href":"https:\/\/contextoanalisisperiodistico.com\/index.php\/wp-json\/wp\/v2\/types\/post"}],"author":[{"embeddable":true,"href":"https:\/\/contextoanalisisperiodistico.com\/index.php\/wp-json\/wp\/v2\/users\/4"}],"replies":[{"embeddable":true,"href":"https:\/\/contextoanalisisperiodistico.com\/index.php\/wp-json\/wp\/v2\/comments?post=12246"}],"version-history":[{"count":0,"href":"https:\/\/contextoanalisisperiodistico.com\/index.php\/wp-json\/wp\/v2\/posts\/12246\/revisions"}],"wp:featuredmedia":[{"embeddable":true,"href":"https:\/\/contextoanalisisperiodistico.com\/index.php\/wp-json\/wp\/v2\/media\/12245"}],"wp:attachment":[{"href":"https:\/\/contextoanalisisperiodistico.com\/index.php\/wp-json\/wp\/v2\/media?parent=12246"}],"wp:term":[{"taxonomy":"category","embeddable":true,"href":"https:\/\/contextoanalisisperiodistico.com\/index.php\/wp-json\/wp\/v2\/categories?post=12246"},{"taxonomy":"post_tag","embeddable":true,"href":"https:\/\/contextoanalisisperiodistico.com\/index.php\/wp-json\/wp\/v2\/tags?post=12246"}],"curies":[{"name":"wp","href":"https:\/\/api.w.org\/{rel}","templated":true}]}}