{"id":12205,"date":"2023-04-20T14:40:18","date_gmt":"2023-04-20T20:40:18","guid":{"rendered":"https:\/\/contextoanalisisperiodistico.com\/?p=12205"},"modified":"2023-04-20T14:40:30","modified_gmt":"2023-04-20T20:40:30","slug":"municipio-capitalino-participa-en-el-encuentro-distrital-en-busca-de-solucion-a-necesidades-urgentes","status":"publish","type":"post","link":"https:\/\/contextoanalisisperiodistico.com\/index.php\/2023\/04\/20\/municipio-capitalino-participa-en-el-encuentro-distrital-en-busca-de-solucion-a-necesidades-urgentes\/","title":{"rendered":"Municipio capitalino participa en el encuentro distrital en busca de soluci\u00f3n a necesidades urgentes"},"content":{"rendered":"<div id=\"fb-root\"><\/div>\n\n<p>*Mart\u00ednez Neri busca soluciones conjuntas para atender necesidades urgentes con el apoyo del Gobierno del Estado<\/p>\n\n\n\n<p>En un ambiente de colaboraci\u00f3n, se llev\u00f3 a cabo una reuni\u00f3n de trabajo en la que particip\u00f3 el presidente municipal de Oaxaca de Ju\u00e1rez, Francisco Mart\u00ednez Neri, y el gobernador del estado, Salom\u00f3n Jara Cruz, acompa\u00f1ado por su respectivo gabinete legal y ampliado.<\/p>\n\n\n\n<p>Durante la reuni\u00f3n, que tuvo lugar en un ambiente de cordialidad y respeto, el presidente municipal expuso las necesidades m\u00e1s apremiantes del municipio y solicit\u00f3 la intervenci\u00f3n de las dependencias del Gobierno del Estado para atenderlas de manera coordinada.<\/p>\n\n\n\n<p>Entre las principales necesidades que se expusieron destacan el mejoramiento y equipamiento de las escuelas de educaci\u00f3n b\u00e1sica que se encuentran deterioradas desde la pandemia, el saneamiento de los r\u00edos Atoyac y Salado, la certificaci\u00f3n y mejor equipamiento para la polic\u00eda municipal y la atenci\u00f3n a las agencias y colonias en sus necesidades de obra, agua potable, drenaje, electrificaci\u00f3n y certeza jur\u00eddica en la tenencia de la tierra.<\/p>\n\n\n\n<p>En este sentido el edil capitalino, se entrevist\u00f3 con las y los titulares de diversas secretar\u00edas, entre las que se encuentran la Secretar\u00eda de Educaci\u00f3n P\u00fablica en Oaxaca, Delfina Guzm\u00e1n D\u00edaz; de Bienestar, Laura Estrada Mauro; de Fomento Agroalimentario y Desarrollo Rural, V\u00edctor L\u00f3pez Leyva; y del Instituto de Planeaci\u00f3n para el Bienestar, Juanita Cruz Cruz, con quienes tuvo la oportunidad de exponer de manera detallada las necesidades espec\u00edficas del municipio de Oaxaca de Ju\u00e1rez.<\/p>\n\n\n\n<p>En este encuentro se destac\u00f3 la importancia de trabajar de manera coordinada y conjunta para lograr una atenci\u00f3n efectiva a las problem\u00e1ticas que aquejan a los municipios de la entidad, y avanzar as\u00ed hacia un desarrollo sostenible y equitativo que beneficie a la poblaci\u00f3n.<\/p>\n\n\n\n<p>El presidente municipal, Francisco Mart\u00ednez Neri, agradeci\u00f3 la disposici\u00f3n del gobernador del estado y de su equipo de trabajo para escuchar y atender las necesidades de Oaxaca de Ju\u00e1rez, y se mostr\u00f3 confiado en que, con el trabajo conjunto de todas las dependencias, se lograr\u00e1 mejorar la calidad de vida de los ciudadanos.<\/p>\n\n\n\n<p>Con este tipo de encuentros, se busca fomentar la colaboraci\u00f3n y el trabajo en equipo entre los distintos niveles de gobierno, para lograr una atenci\u00f3n integral y efectiva a las problem\u00e1ticas que aquejan a la poblaci\u00f3n, y avanzar as\u00ed hacia un futuro m\u00e1s pr\u00f3spero y equitativo para todos.<\/p>\n\n\n\n<figure class=\"wp-block-image size-large\"><img fetchpriority=\"high\" decoding=\"async\" width=\"1024\" height=\"683\" src=\"https:\/\/contextoanalisisperiodistico.com\/wp-content\/uploads\/2023\/04\/img-20230420-wa00343761247745385628778-1024x683.jpg\" alt=\"\" class=\"wp-image-12208\" srcset=\"https:\/\/contextoanalisisperiodistico.com\/wp-content\/uploads\/2023\/04\/img-20230420-wa00343761247745385628778-1024x683.jpg 1024w, https:\/\/contextoanalisisperiodistico.com\/wp-content\/uploads\/2023\/04\/img-20230420-wa00343761247745385628778-300x200.jpg 300w, https:\/\/contextoanalisisperiodistico.com\/wp-content\/uploads\/2023\/04\/img-20230420-wa00343761247745385628778-768x512.jpg 768w, https:\/\/contextoanalisisperiodistico.com\/wp-content\/uploads\/2023\/04\/img-20230420-wa00343761247745385628778-1536x1024.jpg 1536w, https:\/\/contextoanalisisperiodistico.com\/wp-content\/uploads\/2023\/04\/img-20230420-wa00343761247745385628778.jpg 1600w\" sizes=\"(max-width: 1024px) 100vw, 1024px\" \/><\/figure>\n\n\n\n<figure class=\"wp-block-image\"><img decoding=\"async\" width=\"1024\" height=\"683\" src=\"https:\/\/contextoanalisisperiodistico.com\/wp-content\/uploads\/2023\/04\/img-20230420-wa00351998532437440920399-1024x683.jpg\" alt=\"\" class=\"wp-image-12207\" srcset=\"https:\/\/contextoanalisisperiodistico.com\/wp-content\/uploads\/2023\/04\/img-20230420-wa00351998532437440920399-1024x683.jpg 1024w, https:\/\/contextoanalisisperiodistico.com\/wp-content\/uploads\/2023\/04\/img-20230420-wa00351998532437440920399-300x200.jpg 300w, https:\/\/contextoanalisisperiodistico.com\/wp-content\/uploads\/2023\/04\/img-20230420-wa00351998532437440920399-768x512.jpg 768w, https:\/\/contextoanalisisperiodistico.com\/wp-content\/uploads\/2023\/04\/img-20230420-wa00351998532437440920399-1536x1024.jpg 1536w, https:\/\/contextoanalisisperiodistico.com\/wp-content\/uploads\/2023\/04\/img-20230420-wa00351998532437440920399.jpg 1600w\" sizes=\"(max-width: 1024px) 100vw, 1024px\" \/><\/figure>\n\n\n\n<figure class=\"wp-block-image\"><img decoding=\"async\" width=\"1024\" height=\"683\" src=\"https:\/\/contextoanalisisperiodistico.com\/wp-content\/uploads\/2023\/04\/img-20230420-wa00333457589315019587017-1024x683.jpg\" alt=\"\" class=\"wp-image-12209\" srcset=\"https:\/\/contextoanalisisperiodistico.com\/wp-content\/uploads\/2023\/04\/img-20230420-wa00333457589315019587017-1024x683.jpg 1024w, https:\/\/contextoanalisisperiodistico.com\/wp-content\/uploads\/2023\/04\/img-20230420-wa00333457589315019587017-300x200.jpg 300w, https:\/\/contextoanalisisperiodistico.com\/wp-content\/uploads\/2023\/04\/img-20230420-wa00333457589315019587017-768x512.jpg 768w, https:\/\/contextoanalisisperiodistico.com\/wp-content\/uploads\/2023\/04\/img-20230420-wa00333457589315019587017-1536x1024.jpg 1536w, https:\/\/contextoanalisisperiodistico.com\/wp-content\/uploads\/2023\/04\/img-20230420-wa00333457589315019587017.jpg 1600w\" sizes=\"(max-width: 1024px) 100vw, 1024px\" \/><\/figure>\n","protected":false},"excerpt":{"rendered":"<p>*Mart\u00ednez Neri busca soluciones conjuntas para atender necesidades urgentes con el apoyo del Gobierno del&#8230;<\/p>\n","protected":false},"author":4,"featured_media":12206,"comment_status":"open","ping_status":"open","sticky":false,"template":"","format":"standard","meta":{"footnotes":""},"categories":[9],"tags":[],"jetpack_sharing_enabled":true,"featured_image_urls":{"full":["https:\/\/contextoanalisisperiodistico.com\/wp-content\/uploads\/2023\/04\/IMG-20230420-WA0036.jpg",1600,1067,false],"thumbnail":["https:\/\/contextoanalisisperiodistico.com\/wp-content\/uploads\/2023\/04\/IMG-20230420-WA0036-150x150.jpg",150,150,true],"medium":["https:\/\/contextoanalisisperiodistico.com\/wp-content\/uploads\/2023\/04\/IMG-20230420-WA0036-300x200.jpg",300,200,true],"medium_large":["https:\/\/contextoanalisisperiodistico.com\/wp-content\/uploads\/2023\/04\/IMG-20230420-WA0036-768x512.jpg",640,427,true],"large":["https:\/\/contextoanalisisperiodistico.com\/wp-content\/uploads\/2023\/04\/IMG-20230420-WA0036-1024x683.jpg",640,427,true],"1536x1536":["https:\/\/contextoanalisisperiodistico.com\/wp-content\/uploads\/2023\/04\/IMG-20230420-WA0036-1536x1024.jpg",1536,1024,true],"2048x2048":["https:\/\/contextoanalisisperiodistico.com\/wp-content\/uploads\/2023\/04\/IMG-20230420-WA0036.jpg",1600,1067,false],"covernews-slider-full":["https:\/\/contextoanalisisperiodistico.com\/wp-content\/uploads\/2023\/04\/IMG-20230420-WA0036-1115x715.jpg",1115,715,true],"covernews-slider-center":["https:\/\/contextoanalisisperiodistico.com\/wp-content\/uploads\/2023\/04\/IMG-20230420-WA0036-800x500.jpg",800,500,true],"covernews-featured":["https:\/\/contextoanalisisperiodistico.com\/wp-content\/uploads\/2023\/04\/IMG-20230420-WA0036-1024x683.jpg",1024,683,true],"covernews-medium":["https:\/\/contextoanalisisperiodistico.com\/wp-content\/uploads\/2023\/04\/IMG-20230420-WA0036-540x340.jpg",540,340,true],"covernews-medium-square":["https:\/\/contextoanalisisperiodistico.com\/wp-content\/uploads\/2023\/04\/IMG-20230420-WA0036-400x250.jpg",400,250,true]},"author_info":{"display_name":"Mario Gir\u00f3n","author_link":"https:\/\/contextoanalisisperiodistico.com\/index.php\/author\/director\/"},"category_info":"<a href=\"https:\/\/contextoanalisisperiodistico.com\/index.php\/category\/politica\/\" rel=\"category tag\">Pol\u00edtica<\/a>","tag_info":"Pol\u00edtica","comment_count":"0","jetpack_featured_media_url":"https:\/\/contextoanalisisperiodistico.com\/wp-content\/uploads\/2023\/04\/IMG-20230420-WA0036.jpg","_links":{"self":[{"href":"https:\/\/contextoanalisisperiodistico.com\/index.php\/wp-json\/wp\/v2\/posts\/12205"}],"collection":[{"href":"https:\/\/contextoanalisisperiodistico.com\/index.php\/wp-json\/wp\/v2\/posts"}],"about":[{"href":"https:\/\/contextoanalisisperiodistico.com\/index.php\/wp-json\/wp\/v2\/types\/post"}],"author":[{"embeddable":true,"href":"https:\/\/contextoanalisisperiodistico.com\/index.php\/wp-json\/wp\/v2\/users\/4"}],"replies":[{"embeddable":true,"href":"https:\/\/contextoanalisisperiodistico.com\/index.php\/wp-json\/wp\/v2\/comments?post=12205"}],"version-history":[{"count":1,"href":"https:\/\/contextoanalisisperiodistico.com\/index.php\/wp-json\/wp\/v2\/posts\/12205\/revisions"}],"predecessor-version":[{"id":12210,"href":"https:\/\/contextoanalisisperiodistico.com\/index.php\/wp-json\/wp\/v2\/posts\/12205\/revisions\/12210"}],"wp:featuredmedia":[{"embeddable":true,"href":"https:\/\/contextoanalisisperiodistico.com\/index.php\/wp-json\/wp\/v2\/media\/12206"}],"wp:attachment":[{"href":"https:\/\/contextoanalisisperiodistico.com\/index.php\/wp-json\/wp\/v2\/media?parent=12205"}],"wp:term":[{"taxonomy":"category","embeddable":true,"href":"https:\/\/contextoanalisisperiodistico.com\/index.php\/wp-json\/wp\/v2\/categories?post=12205"},{"taxonomy":"post_tag","embeddable":true,"href":"https:\/\/contextoanalisisperiodistico.com\/index.php\/wp-json\/wp\/v2\/tags?post=12205"}],"curies":[{"name":"wp","href":"https:\/\/api.w.org\/{rel}","templated":true}]}}