{"id":12194,"date":"2023-04-20T10:56:29","date_gmt":"2023-04-20T16:56:29","guid":{"rendered":"https:\/\/contextoanalisisperiodistico.com\/index.php\/2023\/04\/20\/nada-impide-donacion-de-juguetes-al-dif-para-entregarlos-el-dia-del-nino-irma-bolanos\/"},"modified":"2023-04-20T10:56:29","modified_gmt":"2023-04-20T16:56:29","slug":"nada-impide-donacion-de-juguetes-al-dif-para-entregarlos-el-dia-del-nino-irma-bolanos","status":"publish","type":"post","link":"https:\/\/contextoanalisisperiodistico.com\/index.php\/2023\/04\/20\/nada-impide-donacion-de-juguetes-al-dif-para-entregarlos-el-dia-del-nino-irma-bolanos\/","title":{"rendered":"Nada impide donaci\u00f3n de juguetes al DIF para entregarlos el D\u00eda del Ni\u00f1o: Irma Bola\u00f1os"},"content":{"rendered":"<div id=\"fb-root\"><\/div>\n\n<p>*Apoyo total a la campa\u00f1a Bida Tsia <\/p>\n\n\n\n<p>La Presidenta honoraria del Sistema DIF Oaxaca, Irma Bola\u00f1os, reconoce: <\/p>\n\n\n\n<p>\u00abLa lluvia de ayer no impidi\u00f3 que llegaran las donaciones de Karina Bar\u00f3n, titular del Secretariado Ejecutivo Oaxaca; el Capit\u00e1n de Fragata, Ivan Garc\u00eda \u00c1lvarez, Secretario de SSPC Oaxaca y Roberto Carlos Vera, director administrativo del Instituto Estatal de Educaci\u00f3n P\u00fablica de Oaxaca en representaci\u00f3n del Director General, Emilio Montero P\u00e9rez\u00bb.<\/p>\n\n\n\n<figure class=\"wp-block-image size-large\"><img fetchpriority=\"high\" decoding=\"async\" width=\"720\" height=\"480\" src=\"https:\/\/contextoanalisisperiodistico.com\/wp-content\/uploads\/2023\/04\/fb_img_16820093803774182477001996042987.jpg\" alt=\"\" class=\"wp-image-12193\" srcset=\"https:\/\/contextoanalisisperiodistico.com\/wp-content\/uploads\/2023\/04\/fb_img_16820093803774182477001996042987.jpg 720w, https:\/\/contextoanalisisperiodistico.com\/wp-content\/uploads\/2023\/04\/fb_img_16820093803774182477001996042987-300x200.jpg 300w\" sizes=\"(max-width: 720px) 100vw, 720px\" \/><\/figure>\n\n\n\n<figure class=\"wp-block-image\"><img decoding=\"async\" width=\"300\" height=\"200\" src=\"https:\/\/contextoanalisisperiodistico.com\/wp-content\/uploads\/2023\/04\/fb_img_16820093850522216680711764344573-300x200.jpg\" alt=\"\" class=\"wp-image-12192\" srcset=\"https:\/\/contextoanalisisperiodistico.com\/wp-content\/uploads\/2023\/04\/fb_img_16820093850522216680711764344573-300x200.jpg 300w, https:\/\/contextoanalisisperiodistico.com\/wp-content\/uploads\/2023\/04\/fb_img_16820093850522216680711764344573.jpg 720w\" sizes=\"(max-width: 300px) 100vw, 300px\" \/><\/figure>\n\n\n\n<figure class=\"wp-block-image\"><img decoding=\"async\" width=\"300\" height=\"200\" src=\"https:\/\/contextoanalisisperiodistico.com\/wp-content\/uploads\/2023\/04\/fb_img_16820093935552481840389111957733-300x200.jpg\" alt=\"\" class=\"wp-image-12191\" srcset=\"https:\/\/contextoanalisisperiodistico.com\/wp-content\/uploads\/2023\/04\/fb_img_16820093935552481840389111957733-300x200.jpg 300w, https:\/\/contextoanalisisperiodistico.com\/wp-content\/uploads\/2023\/04\/fb_img_16820093935552481840389111957733.jpg 720w\" sizes=\"(max-width: 300px) 100vw, 300px\" \/><\/figure>\n\n\n\n<p>\u00abGracias por su apoyo y disposici\u00f3n de respaldar nuestra campa\u00f1a #BidaoTsia. Este 30 de abril llevaremos alegr\u00eda a nuestras ni\u00f1as y ni\u00f1os en las comunidades de #Oaxaca\u00bb.<\/p>\n","protected":false},"excerpt":{"rendered":"<p>*Apoyo total a la campa\u00f1a Bida Tsia La Presidenta honoraria del Sistema DIF Oaxaca, Irma&#8230;<\/p>\n","protected":false},"author":4,"featured_media":12190,"comment_status":"open","ping_status":"open","sticky":false,"template":"","format":"standard","meta":{"footnotes":""},"categories":[9],"tags":[],"jetpack_sharing_enabled":true,"featured_image_urls":{"full":["https:\/\/contextoanalisisperiodistico.com\/wp-content\/uploads\/2023\/04\/FB_IMG_1682009389240.jpg",720,480,false],"thumbnail":["https:\/\/contextoanalisisperiodistico.com\/wp-content\/uploads\/2023\/04\/FB_IMG_1682009389240-150x150.jpg",150,150,true],"medium":["https:\/\/contextoanalisisperiodistico.com\/wp-content\/uploads\/2023\/04\/FB_IMG_1682009389240-300x200.jpg",300,200,true],"medium_large":["https:\/\/contextoanalisisperiodistico.com\/wp-content\/uploads\/2023\/04\/FB_IMG_1682009389240.jpg",640,427,false],"large":["https:\/\/contextoanalisisperiodistico.com\/wp-content\/uploads\/2023\/04\/FB_IMG_1682009389240.jpg",640,427,false],"1536x1536":["https:\/\/contextoanalisisperiodistico.com\/wp-content\/uploads\/2023\/04\/FB_IMG_1682009389240.jpg",720,480,false],"2048x2048":["https:\/\/contextoanalisisperiodistico.com\/wp-content\/uploads\/2023\/04\/FB_IMG_1682009389240.jpg",720,480,false],"covernews-slider-full":["https:\/\/contextoanalisisperiodistico.com\/wp-content\/uploads\/2023\/04\/FB_IMG_1682009389240.jpg",720,480,false],"covernews-slider-center":["https:\/\/contextoanalisisperiodistico.com\/wp-content\/uploads\/2023\/04\/FB_IMG_1682009389240.jpg",720,480,false],"covernews-featured":["https:\/\/contextoanalisisperiodistico.com\/wp-content\/uploads\/2023\/04\/FB_IMG_1682009389240.jpg",720,480,false],"covernews-medium":["https:\/\/contextoanalisisperiodistico.com\/wp-content\/uploads\/2023\/04\/FB_IMG_1682009389240-540x340.jpg",540,340,true],"covernews-medium-square":["https:\/\/contextoanalisisperiodistico.com\/wp-content\/uploads\/2023\/04\/FB_IMG_1682009389240-400x250.jpg",400,250,true]},"author_info":{"display_name":"Mario Gir\u00f3n","author_link":"https:\/\/contextoanalisisperiodistico.com\/index.php\/author\/director\/"},"category_info":"<a href=\"https:\/\/contextoanalisisperiodistico.com\/index.php\/category\/politica\/\" rel=\"category tag\">Pol\u00edtica<\/a>","tag_info":"Pol\u00edtica","comment_count":"0","jetpack_featured_media_url":"https:\/\/contextoanalisisperiodistico.com\/wp-content\/uploads\/2023\/04\/FB_IMG_1682009389240.jpg","_links":{"self":[{"href":"https:\/\/contextoanalisisperiodistico.com\/index.php\/wp-json\/wp\/v2\/posts\/12194"}],"collection":[{"href":"https:\/\/contextoanalisisperiodistico.com\/index.php\/wp-json\/wp\/v2\/posts"}],"about":[{"href":"https:\/\/contextoanalisisperiodistico.com\/index.php\/wp-json\/wp\/v2\/types\/post"}],"author":[{"embeddable":true,"href":"https:\/\/contextoanalisisperiodistico.com\/index.php\/wp-json\/wp\/v2\/users\/4"}],"replies":[{"embeddable":true,"href":"https:\/\/contextoanalisisperiodistico.com\/index.php\/wp-json\/wp\/v2\/comments?post=12194"}],"version-history":[{"count":0,"href":"https:\/\/contextoanalisisperiodistico.com\/index.php\/wp-json\/wp\/v2\/posts\/12194\/revisions"}],"wp:featuredmedia":[{"embeddable":true,"href":"https:\/\/contextoanalisisperiodistico.com\/index.php\/wp-json\/wp\/v2\/media\/12190"}],"wp:attachment":[{"href":"https:\/\/contextoanalisisperiodistico.com\/index.php\/wp-json\/wp\/v2\/media?parent=12194"}],"wp:term":[{"taxonomy":"category","embeddable":true,"href":"https:\/\/contextoanalisisperiodistico.com\/index.php\/wp-json\/wp\/v2\/categories?post=12194"},{"taxonomy":"post_tag","embeddable":true,"href":"https:\/\/contextoanalisisperiodistico.com\/index.php\/wp-json\/wp\/v2\/tags?post=12194"}],"curies":[{"name":"wp","href":"https:\/\/api.w.org\/{rel}","templated":true}]}}