{"id":12186,"date":"2023-04-20T09:38:13","date_gmt":"2023-04-20T15:38:13","guid":{"rendered":"https:\/\/contextoanalisisperiodistico.com\/?p=12186"},"modified":"2023-04-20T09:38:24","modified_gmt":"2023-04-20T15:38:24","slug":"amazon-mexico-y-gobierno-de-oaxaca-aliados-para-impulsar-la-economia-digital","status":"publish","type":"post","link":"https:\/\/contextoanalisisperiodistico.com\/index.php\/2023\/04\/20\/amazon-mexico-y-gobierno-de-oaxaca-aliados-para-impulsar-la-economia-digital\/","title":{"rendered":"Amazon M\u00e9xico y Gobierno de Oaxaca, aliados para impulsar la econom\u00eda digital"},"content":{"rendered":"<div id=\"fb-root\"><\/div>\n\n<p><br>\u2022 Se trabajar\u00e1 en programas de capacitaci\u00f3n para que las MiPyMEs y el sector artesanal comiencen a vender en l\u00ednea e incrementen su participaci\u00f3n en el mercado<\/p>\n\n\n\n<p>Oaxaca de Ju\u00e1rez, Oax. 20 de abril de 2023.- La Secretar\u00eda de Desarrollo Econ\u00f3mico de Oaxaca (Sedeco) firm\u00f3 una carta de intenci\u00f3n con Amazon M\u00e9xico, que permitir\u00e1 promover acciones conjuntas para impulsar la digitalizaci\u00f3n de las micro, peque\u00f1as y medianas empresas (MiPyMEs), as\u00ed como de artesanas y artesanos de la entidad.<\/p>\n\n\n\n<p>El acuerdo signado en el marco del S\u00e9ptimo Encuentro de Gobernadores del Sur-Sureste de M\u00e9xico por el titular de la dependencia, Ra\u00fal Ruiz Robles, tambi\u00e9n tiene la finalidad de apoyarles a fortalecer la promoci\u00f3n y comercializaci\u00f3n de sus productos a trav\u00e9s de la tienda amazon.com.mx.<\/p>\n\n\n\n<p>A ra\u00edz de esta colaboraci\u00f3n, se trabajar\u00e1 en programas continuos de capacitaci\u00f3n para la integraci\u00f3n de empresas del sur-sureste a la tienda de Amazon, el entrenamiento de empresas artesanales para que comiencen a vender en l\u00ednea a trav\u00e9s de la categor\u00eda Amazon Hecho a Mano, y el apoyo a empresas que buscan expandirse fuera de M\u00e9xico y exportar a otros pa\u00edses con el programa Amazon Ventas Globales.<\/p>\n\n\n\n<p>Mediante este tipo de acciones la administraci\u00f3n estatal da cumplimiento al eje estrat\u00e9gico de pol\u00edticas p\u00fablicas para lograr la Construcci\u00f3n de las Bases para el Desarrollo Integral y Sustentable de las ocho regiones de Oaxaca, en materia de desarrollo econ\u00f3mico.<\/p>\n\n\n\n<p>\u201cNos entusiasma mucho trabajar con los gobiernos del sur-sureste para apoyar el crecimiento de las MiPyMEs y artesanos de la regi\u00f3n y as\u00ed tambi\u00e9n contribuir a su desarrollo socioecon\u00f3mico. Nuestra colaboraci\u00f3n ayudar\u00e1 a las personas emprendedoras de los siete estados a llegar a clientes en todo M\u00e9xico y en otros pa\u00edses como Estados Unidos y Canad\u00e1, a trav\u00e9s del comercio electr\u00f3nico\u201d, dijo Renata Arvizu Manzano, l\u00edder de Marketplace de Amazon M\u00e9xico.<\/p>\n\n\n\n<p>En el acto estuvo presente el Gobernador del Estado de Oaxaca, Salom\u00f3n Jara Cruz, la secretaria de Medio Ambiente, Biodiversidad, Energ\u00edas y Sostenibilidad de Oaxaca, Karime Unda Harp, as\u00ed como los gobernadores y secretarios de Desarrollo Econ\u00f3mico de los estados del sur-sureste de M\u00e9xico y Ken Salazar, embajador de los Estados Unidos de Am\u00e9rica en M\u00e9xico, como testigo de honor.<\/p>\n\n\n\n<figure class=\"wp-block-image size-large\"><img fetchpriority=\"high\" decoding=\"async\" width=\"1024\" height=\"682\" src=\"https:\/\/contextoanalisisperiodistico.com\/wp-content\/uploads\/2023\/04\/img-20230420-wa00143438263097736757385-1024x682.jpg\" alt=\"\" class=\"wp-image-12188\" srcset=\"https:\/\/contextoanalisisperiodistico.com\/wp-content\/uploads\/2023\/04\/img-20230420-wa00143438263097736757385-1024x682.jpg 1024w, https:\/\/contextoanalisisperiodistico.com\/wp-content\/uploads\/2023\/04\/img-20230420-wa00143438263097736757385-300x200.jpg 300w, https:\/\/contextoanalisisperiodistico.com\/wp-content\/uploads\/2023\/04\/img-20230420-wa00143438263097736757385-768x512.jpg 768w, https:\/\/contextoanalisisperiodistico.com\/wp-content\/uploads\/2023\/04\/img-20230420-wa00143438263097736757385-1536x1023.jpg 1536w, https:\/\/contextoanalisisperiodistico.com\/wp-content\/uploads\/2023\/04\/img-20230420-wa00143438263097736757385.jpg 1600w\" sizes=\"(max-width: 1024px) 100vw, 1024px\" \/><\/figure>\n","protected":false},"excerpt":{"rendered":"<p>\u2022 Se trabajar\u00e1 en programas de capacitaci\u00f3n para que las MiPyMEs y el sector artesanal&#8230;<\/p>\n","protected":false},"author":4,"featured_media":12187,"comment_status":"open","ping_status":"open","sticky":false,"template":"","format":"standard","meta":{"footnotes":""},"categories":[9],"tags":[],"jetpack_sharing_enabled":true,"featured_image_urls":{"full":["https:\/\/contextoanalisisperiodistico.com\/wp-content\/uploads\/2023\/04\/IMG-20230420-WA0015.jpg",1600,1066,false],"thumbnail":["https:\/\/contextoanalisisperiodistico.com\/wp-content\/uploads\/2023\/04\/IMG-20230420-WA0015-150x150.jpg",150,150,true],"medium":["https:\/\/contextoanalisisperiodistico.com\/wp-content\/uploads\/2023\/04\/IMG-20230420-WA0015-300x200.jpg",300,200,true],"medium_large":["https:\/\/contextoanalisisperiodistico.com\/wp-content\/uploads\/2023\/04\/IMG-20230420-WA0015-768x512.jpg",640,427,true],"large":["https:\/\/contextoanalisisperiodistico.com\/wp-content\/uploads\/2023\/04\/IMG-20230420-WA0015-1024x682.jpg",640,426,true],"1536x1536":["https:\/\/contextoanalisisperiodistico.com\/wp-content\/uploads\/2023\/04\/IMG-20230420-WA0015-1536x1023.jpg",1536,1023,true],"2048x2048":["https:\/\/contextoanalisisperiodistico.com\/wp-content\/uploads\/2023\/04\/IMG-20230420-WA0015.jpg",1600,1066,false],"covernews-slider-full":["https:\/\/contextoanalisisperiodistico.com\/wp-content\/uploads\/2023\/04\/IMG-20230420-WA0015-1115x715.jpg",1115,715,true],"covernews-slider-center":["https:\/\/contextoanalisisperiodistico.com\/wp-content\/uploads\/2023\/04\/IMG-20230420-WA0015-800x500.jpg",800,500,true],"covernews-featured":["https:\/\/contextoanalisisperiodistico.com\/wp-content\/uploads\/2023\/04\/IMG-20230420-WA0015-1024x682.jpg",1024,682,true],"covernews-medium":["https:\/\/contextoanalisisperiodistico.com\/wp-content\/uploads\/2023\/04\/IMG-20230420-WA0015-540x340.jpg",540,340,true],"covernews-medium-square":["https:\/\/contextoanalisisperiodistico.com\/wp-content\/uploads\/2023\/04\/IMG-20230420-WA0015-400x250.jpg",400,250,true]},"author_info":{"display_name":"Mario Gir\u00f3n","author_link":"https:\/\/contextoanalisisperiodistico.com\/index.php\/author\/director\/"},"category_info":"<a href=\"https:\/\/contextoanalisisperiodistico.com\/index.php\/category\/politica\/\" rel=\"category tag\">Pol\u00edtica<\/a>","tag_info":"Pol\u00edtica","comment_count":"0","jetpack_featured_media_url":"https:\/\/contextoanalisisperiodistico.com\/wp-content\/uploads\/2023\/04\/IMG-20230420-WA0015.jpg","_links":{"self":[{"href":"https:\/\/contextoanalisisperiodistico.com\/index.php\/wp-json\/wp\/v2\/posts\/12186"}],"collection":[{"href":"https:\/\/contextoanalisisperiodistico.com\/index.php\/wp-json\/wp\/v2\/posts"}],"about":[{"href":"https:\/\/contextoanalisisperiodistico.com\/index.php\/wp-json\/wp\/v2\/types\/post"}],"author":[{"embeddable":true,"href":"https:\/\/contextoanalisisperiodistico.com\/index.php\/wp-json\/wp\/v2\/users\/4"}],"replies":[{"embeddable":true,"href":"https:\/\/contextoanalisisperiodistico.com\/index.php\/wp-json\/wp\/v2\/comments?post=12186"}],"version-history":[{"count":1,"href":"https:\/\/contextoanalisisperiodistico.com\/index.php\/wp-json\/wp\/v2\/posts\/12186\/revisions"}],"predecessor-version":[{"id":12189,"href":"https:\/\/contextoanalisisperiodistico.com\/index.php\/wp-json\/wp\/v2\/posts\/12186\/revisions\/12189"}],"wp:featuredmedia":[{"embeddable":true,"href":"https:\/\/contextoanalisisperiodistico.com\/index.php\/wp-json\/wp\/v2\/media\/12187"}],"wp:attachment":[{"href":"https:\/\/contextoanalisisperiodistico.com\/index.php\/wp-json\/wp\/v2\/media?parent=12186"}],"wp:term":[{"taxonomy":"category","embeddable":true,"href":"https:\/\/contextoanalisisperiodistico.com\/index.php\/wp-json\/wp\/v2\/categories?post=12186"},{"taxonomy":"post_tag","embeddable":true,"href":"https:\/\/contextoanalisisperiodistico.com\/index.php\/wp-json\/wp\/v2\/tags?post=12186"}],"curies":[{"name":"wp","href":"https:\/\/api.w.org\/{rel}","templated":true}]}}