{"id":12179,"date":"2023-04-19T22:46:06","date_gmt":"2023-04-20T04:46:06","guid":{"rendered":"https:\/\/contextoanalisisperiodistico.com\/index.php\/2023\/04\/19\/segundo-corte-de-danos-materiales-por-aguacero-vespertino-en-la-ciudad\/"},"modified":"2023-04-19T22:46:06","modified_gmt":"2023-04-20T04:46:06","slug":"segundo-corte-de-danos-materiales-por-aguacero-vespertino-en-la-ciudad","status":"publish","type":"post","link":"https:\/\/contextoanalisisperiodistico.com\/index.php\/2023\/04\/19\/segundo-corte-de-danos-materiales-por-aguacero-vespertino-en-la-ciudad\/","title":{"rendered":"Segundo corte de da\u00f1os materiales por aguacero vespertino en la ciudad"},"content":{"rendered":"<div id=\"fb-root\"><\/div>\n\n<p><em>SECRETAR\u00cdA DE SEGURIDAD CIUDADANA MOVILIDAD Y PROTECCI\u00d3N CIVIL<\/em><\/p>\n\n\n\n<p>Segundo Corte: 20:40<\/p>\n\n\n\n<p><em>REPORTE DE \u00c1RBOLES CA\u00cdDOS REPORTADOS AL 9-1-1<\/em><\/p>\n\n\n\n<p>1.- 17:29 Se cay\u00f3 una jacaranda en Boulevard la Paz, esquina camino antiguo a San Felipe del Agua. Se encuentra encima de los cables.<\/p>\n\n\n\n<p>2.- 17:31 Se cay\u00f3 un \u00e1rbol encima de una camioneta marca Mazda, color gris, en la avenida M\u00e9xico, esquina Coahuila, Fraccionamiento San Felipe.<\/p>\n\n\n\n<p>3.- 17:31 \u00c1rbol ca\u00eddo en Heroico Colegio Militar, de la colonia Reforma.<\/p>\n\n\n\n<p>4.- 17:33 \u00c1rbol ca\u00eddo sobre una casa y puestos, en calle Oaxaca, n\u00famero 611, esquina Calle 7, de la Agencia de Santa Rosa Panzacola.<\/p>\n\n\n\n<p>5.- 17:35 Ca\u00edda de \u00e1rbol de Pir\u00fa, de aproximadamente 8 metros, en la calle 16 de Septiembre, colonia Aurora.<\/p>\n\n\n\n<p>6.- 17:37 Ca\u00edda de un \u00e1rbol encima de una casa, en calle Quetzalc\u00f3atl, n\u00fam. 110, entre Avenida Montoya y Tl\u00e1loc, colonia Netzahualc\u00f3yotl, Agencia de San Martin Mexicapam. \u00c1rbol ficus, de aprox 5 metros de alto<\/p>\n\n\n\n<p>7.- 17:37 \u00c1rbol ca\u00eddo en la calle Nezahualc\u00f3yotl, atr\u00e1s del hotel Misi\u00f3n de los \u00c1ngeles, en la colonia Reforma.<\/p>\n\n\n\n<p>8.- 17:38 Dos \u00e1rboles ca\u00eddos en la carretera a San Luis Beltr\u00e1n, esquina Dalias, de la colonia Jard\u00edn, una cuadra arriba de la cl\u00ednica m\u00e9dica Donaj\u00ed. Miden de largo de 3 a 4 metros, y 80 cms. de di\u00e1metro. Obstruyen la circulaci\u00f3n.<\/p>\n\n\n\n<p>9.- 17:39 \u00c1rbol ca\u00eddo frente a la Iglesia de los Pobres, sobre Heroico Colegio Militar, en la colonia Reforma.<\/p>\n\n\n\n<p>10.- 17:43 \u00c1rbol ca\u00eddo sobre un negocio (una caseta de peri\u00f3dicos) en la calle Sauces, esquina M\u00e1rtires de Chicago, en la Unidad Fovissste.<\/p>\n\n\n\n<p>11.- 17:48 \u00c1rbol ca\u00eddo encima de cables de alta tensi\u00f3n en la calle 16 de Septiembre, esquina con Primero de Mayo, Col. Aurora.<\/p>\n\n\n\n<p>12.- 17:49 Ca\u00edda de un \u00e1rbol en una caseta de vendedores. Esto en el parque Hidalgo, frente a la Escuela Secundaria Mois\u00e9s S\u00e1enz Garza.<\/p>\n\n\n\n<p>13.- 17:51 2 \u00e1rboles ca\u00eddos en calle Macedonio Alcal\u00e1, entre Humboldt y G\u00f3mez Far\u00edas, de la col Reforma. Obstruye un carril de circulaci\u00f3n.<\/p>\n\n\n\n<p>14.- 17:53 Ca\u00edda de un \u00e1rbol en la calle M\u00e1rtires de Chicago, colonia Reforma. Una cuadra arriba de la tienda Soriana Reforma, hacia el m\u00f3dulo azul.<\/p>\n\n\n\n<p>15.- 17:56 \u00c1rbol ca\u00eddo en la calle Eucaliptos, entre Emilio Carranza y Amapolas, colonia Reforma. Mide 30 metros de largo, atr\u00e1s de la Escuela Primaria Espa\u00f1a.<\/p>\n\n\n\n<p>16 17:57 Rama que est\u00e1 a punto de caer sobre los cables de alta tensi\u00f3n en calle Ajusco, 131, entre Popocat\u00e9petl y Xicot\u00e9ncatl, de la colonia Ricardo Flores Mag\u00f3n.<\/p>\n\n\n\n<p>17 17:59 2 \u00e1rboles ca\u00eddos. Uno de ellos cay\u00f3 sobre un veh\u00edculo. Esto en Avenida de la Paz, antiguo camino a San Felipe del Agua, a un lado de CFE, obstruye el paso en el callej\u00f3n.<\/p>\n\n\n\n<p>18 17:59 \u00c1rbol ca\u00eddo en el callej\u00f3n del Carmen, esquina Tinoco y Palacios, colonia Centro. Es un laurel de la india. Est\u00e1 abajo del mercado S\u00e1nchez Pascuas.<\/p>\n\n\n\n<p>19.- 18:01 \u00c1rbol de aprox 15 metros, al interior de la Escuela Primaria Rufino Tamayo. Esto en la privada de Reforma, sin n\u00fam., frente al Seguro Social, col. Centro.<\/p>\n\n\n\n<p>20 18:01 Ca\u00edda de un \u00e1rbol en calle Heroico Colegio Militar, entre Palmeras y Sabinos, en la colonia Reforma.<\/p>\n\n\n\n<p>21 18:02 \u00c1rbol caido sobre cables de CFE, en la calle Paricutin, esquina Cofre de Perote, en la colonia Volcanes. Indica que es un pino de 7 metros de largo. Menciona que los cables y el transformador est\u00e1 haciendo corto circuito y se bot\u00f3 una de sus cuchillas. Se le dio la recomendaci\u00f3n al usuario de realizar el reporte a CFE y se le proporcion\u00f3 su n\u00famero de incidente del 911.<\/p>\n\n\n\n<p>22 18:02 Ca\u00edda de un \u00e1rbol encima de caseta en calle Avenida Ju\u00e1rez esq. Lic. Primo Verdad, de la colonia Centro.<\/p>\n\n\n\n<p>23 18:04 \u00c1rbol ca\u00eddo sobre la calle Quetzalc\u00f3atl<br \/>, en la colonia Nezahualc\u00f3yotl, a la vuelta del mercado de san Martin Mexicapam.<\/p>\n\n\n\n<p>24 18:08 ca\u00edda de la rama de un \u00e1rbol sobre la Calle Nezahualc\u00f3yotl, enfrente de la Cl\u00ednica Mayolo Amador. La rama obstruye la circulaci\u00f3n.<\/p>\n\n\n\n<p>25 18:13 Ca\u00edda de un \u00e1rbol en calle Manuel Di\u00e9guez, n\u00fam. 16, entre Baca calder\u00f3n y \u00c1lvaro l Di\u00e9guez, infonavit Primero de Mayo, \u00e1rbol de pino de aprox 4 metros de alto.<\/p>\n\n\n\n<p>26 18:14 Se cay\u00f3 un \u00e1rbol seco sobre los cables de alta tensi\u00f3n y se est\u00e1n incendiando los cables, sobre la Calle Cumbres de Acultzingo, entre Izalco y Llano de las Flores, de la colonia Volcanes.<\/p>\n\n\n\n<p>27 18:15 \u00c1rbol frondoso a punto de caerse en una casa, en la tercera privada de Cuarta Oriente, esquina 10 Norte, de la colonia Cuauht\u00e9moc. Mide 10 de largo y 80 cm de di\u00e1metro.<\/p>\n\n\n\n<p>28 18:22 \u00c1rbol ca\u00eddo en calle prolongaci\u00f3n de Emiliano Zapata, n\u00fam. 617, de la colonia Reforma.<\/p>\n\n\n\n<p>29 18:25 \u00c1rbol de Pir\u00fa ca\u00eddo en la Privada de Jacarandas, entre \u00c1lamos y Martires de Rio Blanco, Colonia Aurora.<\/p>\n\n\n\n<p>30 18:26 Arbol ca\u00eddo sobre 2 autos en Avenida M\u00e9xico, entre Coahuila y Yucat\u00e1n, de la colonia San Felipe del Agua.<\/p>\n\n\n\n<p>31 18:29 Cay\u00f3 una rama de \u00e1rbol encima de un poste y los cables se encuentran tirados sobre la calle de Tinoco y Palacios, entres callej\u00f3n del Carmen y Quetzalc\u00f3atl, colonia Centro.<\/p>\n\n\n\n<p>32 18:30 Arbol ca\u00eddo. Rompi\u00f3 cables y est\u00e1n derribados en la calle Circuito Oriente, entre Chapala y Sayula, del Fraccionamiento La Cascada.<\/p>\n\n\n\n<p>33 18:31 Se cay\u00f3 la rama de un \u00e1rbol sobre la Calle Joaqu\u00edn Amaro, esquina con Callej\u00f3n del Carmen, Colonia Figueroa. Tir\u00f3 cables de tel\u00e9fono y fractur\u00f3 un poste de madera de Telmex, del lado del mercado S\u00e1nchez Pascuas.<\/p>\n\n\n\n<p>34 18:31 \u00c1rbol de pir\u00fa de 20 a 25 metros de altura, a punto de caer en la calle Cosijopi, n\u00famero 204, entre calle Garc\u00eda Vigil y Porfirio D\u00edaz, colonia Centro.<\/p>\n\n\n\n<p>35 17:29 Jacaranda ca\u00edda en Boulevard la Paz, esquina Camino Antiguo, San Felipe del Agua. Se encuentra encima de los cables.<\/p>\n\n\n\n<p>37 18:58 Se cay\u00f3 un \u00e1rbol sobre un domicilio. Esto en la Calle Rafael Osuna, 117, entre Avenida San Felipe y las Etnias, Colonia Ol\u00edmpica.<\/p>\n\n\n\n<p>SIN ENERG\u00cdA EL\u00c9CTRICA<br \/>1.- Agencia de Dolores, parte de la colonia volcanes y colonia Siete Regiones.<\/p>\n\n\n\n<p>ENCHARCAMIENTO<br \/>1.- Sobre la avenida Universidad, frente a la Facultad de Enfermer\u00eda de la UABJO.<\/p>\n\n\n\n<p>2.- Encharcamientos sobre la calle de Reforma Agraria, entrePllan de Ayala y Avenida Universidad.<\/p>\n\n\n\n<p>3.- Calle de Fuerza A\u00e9rea, frente al estacionamiento del Hospital Civil. 4 motocicletas y 4 veh\u00edculos anegados.<\/p>\n\n\n\n<p>BARDA DA\u00d1ADA<br \/>1.- Melchor Ocampo entre Guerrero e Hidalgo.<\/p>\n\n\n\n<figure class=\"wp-block-image size-large\"><img fetchpriority=\"high\" decoding=\"async\" width=\"1024\" height=\"684\" src=\"https:\/\/contextoanalisisperiodistico.com\/wp-content\/uploads\/2023\/04\/img-20230419-wa01203358465470957198013-1024x684.jpg\" alt=\"\" class=\"wp-image-12177\" srcset=\"https:\/\/contextoanalisisperiodistico.com\/wp-content\/uploads\/2023\/04\/img-20230419-wa01203358465470957198013-1024x684.jpg 1024w, https:\/\/contextoanalisisperiodistico.com\/wp-content\/uploads\/2023\/04\/img-20230419-wa01203358465470957198013-300x200.jpg 300w, https:\/\/contextoanalisisperiodistico.com\/wp-content\/uploads\/2023\/04\/img-20230419-wa01203358465470957198013-768x513.jpg 768w, https:\/\/contextoanalisisperiodistico.com\/wp-content\/uploads\/2023\/04\/img-20230419-wa01203358465470957198013-1536x1026.jpg 1536w, https:\/\/contextoanalisisperiodistico.com\/wp-content\/uploads\/2023\/04\/img-20230419-wa01203358465470957198013.jpg 1600w\" sizes=\"(max-width: 1024px) 100vw, 1024px\" \/><\/figure>\n\n\n\n<figure class=\"wp-block-image\"><img decoding=\"async\" width=\"1024\" height=\"684\" src=\"https:\/\/contextoanalisisperiodistico.com\/wp-content\/uploads\/2023\/04\/img-20230419-wa01425675216674929928060-1024x684.jpg\" alt=\"\" class=\"wp-image-12174\" srcset=\"https:\/\/contextoanalisisperiodistico.com\/wp-content\/uploads\/2023\/04\/img-20230419-wa01425675216674929928060-1024x684.jpg 1024w, https:\/\/contextoanalisisperiodistico.com\/wp-content\/uploads\/2023\/04\/img-20230419-wa01425675216674929928060-300x200.jpg 300w, https:\/\/contextoanalisisperiodistico.com\/wp-content\/uploads\/2023\/04\/img-20230419-wa01425675216674929928060-768x513.jpg 768w, https:\/\/contextoanalisisperiodistico.com\/wp-content\/uploads\/2023\/04\/img-20230419-wa01425675216674929928060.jpg 1280w\" sizes=\"(max-width: 1024px) 100vw, 1024px\" \/><\/figure>\n\n\n\n<figure class=\"wp-block-image\"><img decoding=\"async\" width=\"1024\" height=\"576\" src=\"https:\/\/contextoanalisisperiodistico.com\/wp-content\/uploads\/2023\/04\/img-20230419-wa01355814201691335593580-1024x576.jpg\" alt=\"\" class=\"wp-image-12178\" srcset=\"https:\/\/contextoanalisisperiodistico.com\/wp-content\/uploads\/2023\/04\/img-20230419-wa01355814201691335593580-1024x576.jpg 1024w, https:\/\/contextoanalisisperiodistico.com\/wp-content\/uploads\/2023\/04\/img-20230419-wa01355814201691335593580-300x169.jpg 300w, https:\/\/contextoanalisisperiodistico.com\/wp-content\/uploads\/2023\/04\/img-20230419-wa01355814201691335593580-768x432.jpg 768w, https:\/\/contextoanalisisperiodistico.com\/wp-content\/uploads\/2023\/04\/img-20230419-wa01355814201691335593580-1536x864.jpg 1536w, https:\/\/contextoanalisisperiodistico.com\/wp-content\/uploads\/2023\/04\/img-20230419-wa01355814201691335593580.jpg 1599w\" sizes=\"(max-width: 1024px) 100vw, 1024px\" \/><\/figure>\n\n\n\n<figure class=\"wp-block-image\"><img loading=\"lazy\" decoding=\"async\" width=\"1024\" height=\"576\" src=\"https:\/\/contextoanalisisperiodistico.com\/wp-content\/uploads\/2023\/04\/img-20230419-wa01341340519704380984183-1024x576.jpg\" alt=\"\" class=\"wp-image-12175\" srcset=\"https:\/\/contextoanalisisperiodistico.com\/wp-content\/uploads\/2023\/04\/img-20230419-wa01341340519704380984183-1024x576.jpg 1024w, https:\/\/contextoanalisisperiodistico.com\/wp-content\/uploads\/2023\/04\/img-20230419-wa01341340519704380984183-300x169.jpg 300w, https:\/\/contextoanalisisperiodistico.com\/wp-content\/uploads\/2023\/04\/img-20230419-wa01341340519704380984183-768x432.jpg 768w, https:\/\/contextoanalisisperiodistico.com\/wp-content\/uploads\/2023\/04\/img-20230419-wa01341340519704380984183-1536x864.jpg 1536w, https:\/\/contextoanalisisperiodistico.com\/wp-content\/uploads\/2023\/04\/img-20230419-wa01341340519704380984183.jpg 1599w\" sizes=\"(max-width: 1024px) 100vw, 1024px\" \/><\/figure>\n\n\n\n<figure class=\"wp-block-image\"><img loading=\"lazy\" decoding=\"async\" width=\"1024\" height=\"576\" src=\"https:\/\/contextoanalisisperiodistico.com\/wp-content\/uploads\/2023\/04\/img-20230419-wa01332544105069286291519-1024x576.jpg\" alt=\"\" class=\"wp-image-12176\" srcset=\"https:\/\/contextoanalisisperiodistico.com\/wp-content\/uploads\/2023\/04\/img-20230419-wa01332544105069286291519-1024x576.jpg 1024w, https:\/\/contextoanalisisperiodistico.com\/wp-content\/uploads\/2023\/04\/img-20230419-wa01332544105069286291519-300x169.jpg 300w, https:\/\/contextoanalisisperiodistico.com\/wp-content\/uploads\/2023\/04\/img-20230419-wa01332544105069286291519-768x432.jpg 768w, https:\/\/contextoanalisisperiodistico.com\/wp-content\/uploads\/2023\/04\/img-20230419-wa01332544105069286291519-1536x864.jpg 1536w, https:\/\/contextoanalisisperiodistico.com\/wp-content\/uploads\/2023\/04\/img-20230419-wa01332544105069286291519.jpg 1599w\" sizes=\"(max-width: 1024px) 100vw, 1024px\" \/><\/figure>\n","protected":false},"excerpt":{"rendered":"<p>SECRETAR\u00cdA DE SEGURIDAD CIUDADANA MOVILIDAD Y PROTECCI\u00d3N CIVIL Segundo Corte: 20:40 REPORTE DE \u00c1RBOLES CA\u00cdDOS&#8230;<\/p>\n","protected":false},"author":4,"featured_media":12173,"comment_status":"open","ping_status":"open","sticky":false,"template":"","format":"standard","meta":{"footnotes":""},"categories":[9],"tags":[],"jetpack_sharing_enabled":true,"featured_image_urls":{"full":["https:\/\/contextoanalisisperiodistico.com\/wp-content\/uploads\/2023\/04\/IMG-20230419-WA0133.jpg",1599,899,false],"thumbnail":["https:\/\/contextoanalisisperiodistico.com\/wp-content\/uploads\/2023\/04\/IMG-20230419-WA0133-150x150.jpg",150,150,true],"medium":["https:\/\/contextoanalisisperiodistico.com\/wp-content\/uploads\/2023\/04\/IMG-20230419-WA0133-300x169.jpg",300,169,true],"medium_large":["https:\/\/contextoanalisisperiodistico.com\/wp-content\/uploads\/2023\/04\/IMG-20230419-WA0133-768x432.jpg",640,360,true],"large":["https:\/\/contextoanalisisperiodistico.com\/wp-content\/uploads\/2023\/04\/IMG-20230419-WA0133-1024x576.jpg",640,360,true],"1536x1536":["https:\/\/contextoanalisisperiodistico.com\/wp-content\/uploads\/2023\/04\/IMG-20230419-WA0133-1536x864.jpg",1536,864,true],"2048x2048":["https:\/\/contextoanalisisperiodistico.com\/wp-content\/uploads\/2023\/04\/IMG-20230419-WA0133.jpg",1599,899,false],"covernews-slider-full":["https:\/\/contextoanalisisperiodistico.com\/wp-content\/uploads\/2023\/04\/IMG-20230419-WA0133-1115x715.jpg",1115,715,true],"covernews-slider-center":["https:\/\/contextoanalisisperiodistico.com\/wp-content\/uploads\/2023\/04\/IMG-20230419-WA0133-800x500.jpg",800,500,true],"covernews-featured":["https:\/\/contextoanalisisperiodistico.com\/wp-content\/uploads\/2023\/04\/IMG-20230419-WA0133-1024x576.jpg",1024,576,true],"covernews-medium":["https:\/\/contextoanalisisperiodistico.com\/wp-content\/uploads\/2023\/04\/IMG-20230419-WA0133-540x340.jpg",540,340,true],"covernews-medium-square":["https:\/\/contextoanalisisperiodistico.com\/wp-content\/uploads\/2023\/04\/IMG-20230419-WA0133-400x250.jpg",400,250,true]},"author_info":{"display_name":"Mario Gir\u00f3n","author_link":"https:\/\/contextoanalisisperiodistico.com\/index.php\/author\/director\/"},"category_info":"<a href=\"https:\/\/contextoanalisisperiodistico.com\/index.php\/category\/politica\/\" rel=\"category tag\">Pol\u00edtica<\/a>","tag_info":"Pol\u00edtica","comment_count":"0","jetpack_featured_media_url":"https:\/\/contextoanalisisperiodistico.com\/wp-content\/uploads\/2023\/04\/IMG-20230419-WA0133.jpg","_links":{"self":[{"href":"https:\/\/contextoanalisisperiodistico.com\/index.php\/wp-json\/wp\/v2\/posts\/12179"}],"collection":[{"href":"https:\/\/contextoanalisisperiodistico.com\/index.php\/wp-json\/wp\/v2\/posts"}],"about":[{"href":"https:\/\/contextoanalisisperiodistico.com\/index.php\/wp-json\/wp\/v2\/types\/post"}],"author":[{"embeddable":true,"href":"https:\/\/contextoanalisisperiodistico.com\/index.php\/wp-json\/wp\/v2\/users\/4"}],"replies":[{"embeddable":true,"href":"https:\/\/contextoanalisisperiodistico.com\/index.php\/wp-json\/wp\/v2\/comments?post=12179"}],"version-history":[{"count":0,"href":"https:\/\/contextoanalisisperiodistico.com\/index.php\/wp-json\/wp\/v2\/posts\/12179\/revisions"}],"wp:featuredmedia":[{"embeddable":true,"href":"https:\/\/contextoanalisisperiodistico.com\/index.php\/wp-json\/wp\/v2\/media\/12173"}],"wp:attachment":[{"href":"https:\/\/contextoanalisisperiodistico.com\/index.php\/wp-json\/wp\/v2\/media?parent=12179"}],"wp:term":[{"taxonomy":"category","embeddable":true,"href":"https:\/\/contextoanalisisperiodistico.com\/index.php\/wp-json\/wp\/v2\/categories?post=12179"},{"taxonomy":"post_tag","embeddable":true,"href":"https:\/\/contextoanalisisperiodistico.com\/index.php\/wp-json\/wp\/v2\/tags?post=12179"}],"curies":[{"name":"wp","href":"https:\/\/api.w.org\/{rel}","templated":true}]}}