{"id":12165,"date":"2023-04-19T21:16:46","date_gmt":"2023-04-20T03:16:46","guid":{"rendered":"https:\/\/contextoanalisisperiodistico.com\/?p=12165"},"modified":"2023-04-19T21:17:16","modified_gmt":"2023-04-20T03:17:16","slug":"levantan-paro-trabajadores-de-los-sso","status":"publish","type":"post","link":"https:\/\/contextoanalisisperiodistico.com\/index.php\/2023\/04\/19\/levantan-paro-trabajadores-de-los-sso\/","title":{"rendered":"Levantan paro trabajadores de los SSO"},"content":{"rendered":"<div id=\"fb-root\"><\/div>\n\n<ul>\n<li>Dependencia alcanza acuerdos con diversos sindicatos<\/li>\n<\/ul>\n\n\n\n<p>Oaxaca de Ju\u00e1rez, Oax., 19 de abril de 2023.- Los Servicios de Salud de Oaxaca (SSO), informaron que tras tres mesas de di\u00e1logo con representantes de la secci\u00f3n 35 y 74 del Sindicato Nacional de Trabajadores de la Secretar\u00eda de Salud (SNTSA) la noche de este mi\u00e9rcoles se levant\u00f3 la asamblea permanente que manten\u00eda en la red m\u00e9dica y administrativa.<\/p>\n\n\n\n<p>A partir de ma\u00f1ana 20 de abril todas las \u00e1reas de la instituci\u00f3n reactivar\u00e1n las actividades pertinentes.<\/p>\n\n\n\n<p>Cabe destacar que las acciones sindicales se realizaron en las \u00e1reas de consulta externa y administrativas; la atenci\u00f3n de urgencias, hospitalizaci\u00f3n y rayos X estuvieron operando de manera normal.<\/p>\n\n\n\n<p>Los SSO se pronuncian a favor del di\u00e1logo respetuoso y el consenso para atender las demandas y peticiones de las diferentes agrupaciones agremiadas a esta dependencia, y se mantiene garante de los derechos de las y los trabajadores.<\/p>\n\n\n\n<p>Asimismo, se reafirma el compromiso de sumar esfuerzos de manera coordinada a favor de la poblaci\u00f3n.<\/p>\n\n\n\n<p>-0-<\/p>\n","protected":false},"excerpt":{"rendered":"<p>Oaxaca de Ju\u00e1rez, Oax., 19 de abril de 2023.- Los Servicios de Salud de Oaxaca&#8230;<\/p>\n","protected":false},"author":4,"featured_media":12166,"comment_status":"open","ping_status":"open","sticky":false,"template":"","format":"standard","meta":{"footnotes":""},"categories":[9],"tags":[],"jetpack_sharing_enabled":true,"featured_image_urls":{"full":["https:\/\/contextoanalisisperiodistico.com\/wp-content\/uploads\/2023\/04\/IMG-20230419-WA0138.jpg",720,720,false],"thumbnail":["https:\/\/contextoanalisisperiodistico.com\/wp-content\/uploads\/2023\/04\/IMG-20230419-WA0138-150x150.jpg",150,150,true],"medium":["https:\/\/contextoanalisisperiodistico.com\/wp-content\/uploads\/2023\/04\/IMG-20230419-WA0138-300x300.jpg",300,300,true],"medium_large":["https:\/\/contextoanalisisperiodistico.com\/wp-content\/uploads\/2023\/04\/IMG-20230419-WA0138.jpg",640,640,false],"large":["https:\/\/contextoanalisisperiodistico.com\/wp-content\/uploads\/2023\/04\/IMG-20230419-WA0138.jpg",640,640,false],"1536x1536":["https:\/\/contextoanalisisperiodistico.com\/wp-content\/uploads\/2023\/04\/IMG-20230419-WA0138.jpg",720,720,false],"2048x2048":["https:\/\/contextoanalisisperiodistico.com\/wp-content\/uploads\/2023\/04\/IMG-20230419-WA0138.jpg",720,720,false],"covernews-slider-full":["https:\/\/contextoanalisisperiodistico.com\/wp-content\/uploads\/2023\/04\/IMG-20230419-WA0138-720x715.jpg",720,715,true],"covernews-slider-center":["https:\/\/contextoanalisisperiodistico.com\/wp-content\/uploads\/2023\/04\/IMG-20230419-WA0138-720x500.jpg",720,500,true],"covernews-featured":["https:\/\/contextoanalisisperiodistico.com\/wp-content\/uploads\/2023\/04\/IMG-20230419-WA0138.jpg",720,720,false],"covernews-medium":["https:\/\/contextoanalisisperiodistico.com\/wp-content\/uploads\/2023\/04\/IMG-20230419-WA0138-540x340.jpg",540,340,true],"covernews-medium-square":["https:\/\/contextoanalisisperiodistico.com\/wp-content\/uploads\/2023\/04\/IMG-20230419-WA0138-400x250.jpg",400,250,true]},"author_info":{"display_name":"Mario Gir\u00f3n","author_link":"https:\/\/contextoanalisisperiodistico.com\/index.php\/author\/director\/"},"category_info":"<a href=\"https:\/\/contextoanalisisperiodistico.com\/index.php\/category\/politica\/\" rel=\"category tag\">Pol\u00edtica<\/a>","tag_info":"Pol\u00edtica","comment_count":"0","jetpack_featured_media_url":"https:\/\/contextoanalisisperiodistico.com\/wp-content\/uploads\/2023\/04\/IMG-20230419-WA0138.jpg","_links":{"self":[{"href":"https:\/\/contextoanalisisperiodistico.com\/index.php\/wp-json\/wp\/v2\/posts\/12165"}],"collection":[{"href":"https:\/\/contextoanalisisperiodistico.com\/index.php\/wp-json\/wp\/v2\/posts"}],"about":[{"href":"https:\/\/contextoanalisisperiodistico.com\/index.php\/wp-json\/wp\/v2\/types\/post"}],"author":[{"embeddable":true,"href":"https:\/\/contextoanalisisperiodistico.com\/index.php\/wp-json\/wp\/v2\/users\/4"}],"replies":[{"embeddable":true,"href":"https:\/\/contextoanalisisperiodistico.com\/index.php\/wp-json\/wp\/v2\/comments?post=12165"}],"version-history":[{"count":1,"href":"https:\/\/contextoanalisisperiodistico.com\/index.php\/wp-json\/wp\/v2\/posts\/12165\/revisions"}],"predecessor-version":[{"id":12167,"href":"https:\/\/contextoanalisisperiodistico.com\/index.php\/wp-json\/wp\/v2\/posts\/12165\/revisions\/12167"}],"wp:featuredmedia":[{"embeddable":true,"href":"https:\/\/contextoanalisisperiodistico.com\/index.php\/wp-json\/wp\/v2\/media\/12166"}],"wp:attachment":[{"href":"https:\/\/contextoanalisisperiodistico.com\/index.php\/wp-json\/wp\/v2\/media?parent=12165"}],"wp:term":[{"taxonomy":"category","embeddable":true,"href":"https:\/\/contextoanalisisperiodistico.com\/index.php\/wp-json\/wp\/v2\/categories?post=12165"},{"taxonomy":"post_tag","embeddable":true,"href":"https:\/\/contextoanalisisperiodistico.com\/index.php\/wp-json\/wp\/v2\/tags?post=12165"}],"curies":[{"name":"wp","href":"https:\/\/api.w.org\/{rel}","templated":true}]}}