{"id":1214,"date":"2022-03-08T20:15:55","date_gmt":"2022-03-09T02:15:55","guid":{"rendered":"http:\/\/contextoanalisisperiodistico.com.mx\/2022\/03\/08\/asesta-golpe-al-narco-menudeo-policia-municipal-de-santa-lucia-del-camino\/"},"modified":"2022-03-08T20:15:55","modified_gmt":"2022-03-09T02:15:55","slug":"asesta-golpe-al-narco-menudeo-policia-municipal-de-santa-lucia-del-camino","status":"publish","type":"post","link":"https:\/\/contextoanalisisperiodistico.com\/index.php\/2022\/03\/08\/asesta-golpe-al-narco-menudeo-policia-municipal-de-santa-lucia-del-camino\/","title":{"rendered":"Asesta golpe al narco menudeo polic\u00eda municipal de Santa Luc\u00eda del Camino"},"content":{"rendered":"<div id=\"fb-root\"><\/div>\n\n<p>Polic\u00eda municipal de @SantaLucia_Ayto detiene a narcomenudistas en la colonia primavera de Santa Luc\u00eda del Camino. Los sujetos intentaron darse a la fuga y fueron detenidos inmediatamente. Un golpe m\u00e1s a la delincuencia @JC_GMarquez<\/p>\n\n\n\n<figure class=\"wp-block-image size-large\"><img decoding=\"async\" src=\"https:\/\/contextoinformacionyanalisisperiodistico.files.wordpress.com\/2022\/03\/img-20220308-wa0069.jpg?w=768\" alt=\"\" class=\"wp-image-1213\" \/><\/figure>\n","protected":false},"excerpt":{"rendered":"<p>Polic\u00eda municipal de @SantaLucia_Ayto detiene a narcomenudistas en la colonia primavera de Santa Luc\u00eda del&#8230;<\/p>\n","protected":false},"author":2,"featured_media":1212,"comment_status":"open","ping_status":"open","sticky":false,"template":"","format":"standard","meta":{"footnotes":""},"categories":[7,10],"tags":[],"jetpack_sharing_enabled":true,"featured_image_urls":{"full":"","thumbnail":"","medium":"","medium_large":"","large":"","1536x1536":"","2048x2048":"","covernews-slider-full":"","covernews-slider-center":"","covernews-featured":"","covernews-medium":"","covernews-medium-square":""},"author_info":{"display_name":"Miguel","author_link":"https:\/\/contextoanalisisperiodistico.com\/index.php\/author\/editor\/"},"category_info":"<a href=\"https:\/\/contextoanalisisperiodistico.com\/index.php\/category\/municipios\/\" rel=\"category tag\">Municipios<\/a> <a href=\"https:\/\/contextoanalisisperiodistico.com\/index.php\/category\/seguridad\/\" rel=\"category tag\">Seguridad<\/a>","tag_info":"Seguridad","comment_count":"0","jetpack_featured_media_url":"","_links":{"self":[{"href":"https:\/\/contextoanalisisperiodistico.com\/index.php\/wp-json\/wp\/v2\/posts\/1214"}],"collection":[{"href":"https:\/\/contextoanalisisperiodistico.com\/index.php\/wp-json\/wp\/v2\/posts"}],"about":[{"href":"https:\/\/contextoanalisisperiodistico.com\/index.php\/wp-json\/wp\/v2\/types\/post"}],"author":[{"embeddable":true,"href":"https:\/\/contextoanalisisperiodistico.com\/index.php\/wp-json\/wp\/v2\/users\/2"}],"replies":[{"embeddable":true,"href":"https:\/\/contextoanalisisperiodistico.com\/index.php\/wp-json\/wp\/v2\/comments?post=1214"}],"version-history":[{"count":0,"href":"https:\/\/contextoanalisisperiodistico.com\/index.php\/wp-json\/wp\/v2\/posts\/1214\/revisions"}],"wp:featuredmedia":[{"embeddable":true,"href":"https:\/\/contextoanalisisperiodistico.com\/index.php\/wp-json\/"}],"wp:attachment":[{"href":"https:\/\/contextoanalisisperiodistico.com\/index.php\/wp-json\/wp\/v2\/media?parent=1214"}],"wp:term":[{"taxonomy":"category","embeddable":true,"href":"https:\/\/contextoanalisisperiodistico.com\/index.php\/wp-json\/wp\/v2\/categories?post=1214"},{"taxonomy":"post_tag","embeddable":true,"href":"https:\/\/contextoanalisisperiodistico.com\/index.php\/wp-json\/wp\/v2\/tags?post=1214"}],"curies":[{"name":"wp","href":"https:\/\/api.w.org\/{rel}","templated":true}]}}