{"id":12131,"date":"2023-04-19T16:01:55","date_gmt":"2023-04-19T22:01:55","guid":{"rendered":"https:\/\/contextoanalisisperiodistico.com\/?p=12131"},"modified":"2023-04-19T16:02:16","modified_gmt":"2023-04-19T22:02:16","slug":"reciben-diablitos-de-trabajo-estibadores-de-la-central-de-abasto-entregados-por-defensores-de-la-4t","status":"publish","type":"post","link":"https:\/\/contextoanalisisperiodistico.com\/index.php\/2023\/04\/19\/reciben-diablitos-de-trabajo-estibadores-de-la-central-de-abasto-entregados-por-defensores-de-la-4t\/","title":{"rendered":"Reciben diablitos de trabajo estibadores de la Central de Abasto, entregados por Defensores de la 4T"},"content":{"rendered":"<div id=\"fb-root\"><\/div>\n\n<p>\u201cSabemos que los estibadores son personas de trabajo, que viven d\u00eda a d\u00eda con el esfuerzo del sudor de su frente, por eso quiero decirles que no est\u00e1n solos y gracias a las gestiones de empresarios comprometidos con Oaxaca, se les donar\u00e1n 20 \u2018diablitos\u2019 para que sigan desempe\u00f1ando su noble labor\u201d, sostuvo No\u00e9 Jara, referente de Morena en la capital, esto, tras reunirse con integrantes de la Uni\u00f3n de Estibadores \u00abPorfirio D\u00edaz\u00bb y \u00abFernando Montes de Oca\u00bb, de la Central de Abastos.<\/p>\n\n\n\n<p>El tambi\u00e9n l\u00edder del colectivo Defensores de la 4T, destac\u00f3 que contin\u00faan sum\u00e1ndose al equipo de trabajo el diputado local Samuel Gurri\u00f3n, la s\u00edndico Nancy Mota, el s\u00edndico Jorge Castro Campos y la regidora Deyanira Altamirano, as\u00ed como el empresario mezcalero Ray Chagoya. \u201cEstas gestiones son fruto de la unidad, de mujeres y hombres que est\u00e1n comprometidos con Oaxaca\u201d, finaliz\u00f3.<\/p>\n\n\n\n<p>Cabe se\u00f1alar que los \u2018diablitos\u2019 fueron entregados directamente a los estibadores, quienes expresaron su agradecimiento \u201cpues en mucho tiempo nadie ha volteado a ver a este sector tan abandonado\u201d, recalcaron.<\/p>\n\n\n\n<figure class=\"wp-block-image size-large\"><img fetchpriority=\"high\" decoding=\"async\" width=\"1024\" height=\"682\" src=\"https:\/\/contextoanalisisperiodistico.com\/wp-content\/uploads\/2023\/04\/img-20230419-wa00814637912022258966281-1024x682.jpg\" alt=\"\" class=\"wp-image-12135\" srcset=\"https:\/\/contextoanalisisperiodistico.com\/wp-content\/uploads\/2023\/04\/img-20230419-wa00814637912022258966281-1024x682.jpg 1024w, https:\/\/contextoanalisisperiodistico.com\/wp-content\/uploads\/2023\/04\/img-20230419-wa00814637912022258966281-300x200.jpg 300w, https:\/\/contextoanalisisperiodistico.com\/wp-content\/uploads\/2023\/04\/img-20230419-wa00814637912022258966281-768x512.jpg 768w, https:\/\/contextoanalisisperiodistico.com\/wp-content\/uploads\/2023\/04\/img-20230419-wa00814637912022258966281-1536x1023.jpg 1536w, https:\/\/contextoanalisisperiodistico.com\/wp-content\/uploads\/2023\/04\/img-20230419-wa00814637912022258966281.jpg 1600w\" sizes=\"(max-width: 1024px) 100vw, 1024px\" \/><\/figure>\n\n\n\n<figure class=\"wp-block-image\"><img decoding=\"async\" width=\"300\" height=\"200\" src=\"https:\/\/contextoanalisisperiodistico.com\/wp-content\/uploads\/2023\/04\/img-20230419-wa00785437666607811619382-300x200.jpg\" alt=\"\" class=\"wp-image-12134\" srcset=\"https:\/\/contextoanalisisperiodistico.com\/wp-content\/uploads\/2023\/04\/img-20230419-wa00785437666607811619382-300x200.jpg 300w, https:\/\/contextoanalisisperiodistico.com\/wp-content\/uploads\/2023\/04\/img-20230419-wa00785437666607811619382-768x512.jpg 768w, https:\/\/contextoanalisisperiodistico.com\/wp-content\/uploads\/2023\/04\/img-20230419-wa00785437666607811619382.jpg 960w\" sizes=\"(max-width: 300px) 100vw, 300px\" \/><\/figure>\n\n\n\n<figure class=\"wp-block-image\"><img decoding=\"async\" width=\"300\" height=\"200\" src=\"https:\/\/contextoanalisisperiodistico.com\/wp-content\/uploads\/2023\/04\/img-20230419-wa00792516685750993180518-300x200.jpg\" alt=\"\" class=\"wp-image-12133\" srcset=\"https:\/\/contextoanalisisperiodistico.com\/wp-content\/uploads\/2023\/04\/img-20230419-wa00792516685750993180518-300x200.jpg 300w, https:\/\/contextoanalisisperiodistico.com\/wp-content\/uploads\/2023\/04\/img-20230419-wa00792516685750993180518-768x512.jpg 768w, https:\/\/contextoanalisisperiodistico.com\/wp-content\/uploads\/2023\/04\/img-20230419-wa00792516685750993180518.jpg 960w\" sizes=\"(max-width: 300px) 100vw, 300px\" \/><\/figure>\n","protected":false},"excerpt":{"rendered":"<p>\u201cSabemos que los estibadores son personas de trabajo, que viven d\u00eda a d\u00eda con el&#8230;<\/p>\n","protected":false},"author":4,"featured_media":12132,"comment_status":"open","ping_status":"open","sticky":false,"template":"","format":"standard","meta":{"footnotes":""},"categories":[9],"tags":[],"jetpack_sharing_enabled":true,"featured_image_urls":{"full":["https:\/\/contextoanalisisperiodistico.com\/wp-content\/uploads\/2023\/04\/IMG-20230419-WA0080.jpg",1600,1066,false],"thumbnail":["https:\/\/contextoanalisisperiodistico.com\/wp-content\/uploads\/2023\/04\/IMG-20230419-WA0080-150x150.jpg",150,150,true],"medium":["https:\/\/contextoanalisisperiodistico.com\/wp-content\/uploads\/2023\/04\/IMG-20230419-WA0080-300x200.jpg",300,200,true],"medium_large":["https:\/\/contextoanalisisperiodistico.com\/wp-content\/uploads\/2023\/04\/IMG-20230419-WA0080-768x512.jpg",640,427,true],"large":["https:\/\/contextoanalisisperiodistico.com\/wp-content\/uploads\/2023\/04\/IMG-20230419-WA0080-1024x682.jpg",640,426,true],"1536x1536":["https:\/\/contextoanalisisperiodistico.com\/wp-content\/uploads\/2023\/04\/IMG-20230419-WA0080-1536x1023.jpg",1536,1023,true],"2048x2048":["https:\/\/contextoanalisisperiodistico.com\/wp-content\/uploads\/2023\/04\/IMG-20230419-WA0080.jpg",1600,1066,false],"covernews-slider-full":["https:\/\/contextoanalisisperiodistico.com\/wp-content\/uploads\/2023\/04\/IMG-20230419-WA0080-1115x715.jpg",1115,715,true],"covernews-slider-center":["https:\/\/contextoanalisisperiodistico.com\/wp-content\/uploads\/2023\/04\/IMG-20230419-WA0080-800x500.jpg",800,500,true],"covernews-featured":["https:\/\/contextoanalisisperiodistico.com\/wp-content\/uploads\/2023\/04\/IMG-20230419-WA0080-1024x682.jpg",1024,682,true],"covernews-medium":["https:\/\/contextoanalisisperiodistico.com\/wp-content\/uploads\/2023\/04\/IMG-20230419-WA0080-540x340.jpg",540,340,true],"covernews-medium-square":["https:\/\/contextoanalisisperiodistico.com\/wp-content\/uploads\/2023\/04\/IMG-20230419-WA0080-400x250.jpg",400,250,true]},"author_info":{"display_name":"Mario Gir\u00f3n","author_link":"https:\/\/contextoanalisisperiodistico.com\/index.php\/author\/director\/"},"category_info":"<a href=\"https:\/\/contextoanalisisperiodistico.com\/index.php\/category\/politica\/\" rel=\"category tag\">Pol\u00edtica<\/a>","tag_info":"Pol\u00edtica","comment_count":"0","jetpack_featured_media_url":"https:\/\/contextoanalisisperiodistico.com\/wp-content\/uploads\/2023\/04\/IMG-20230419-WA0080.jpg","_links":{"self":[{"href":"https:\/\/contextoanalisisperiodistico.com\/index.php\/wp-json\/wp\/v2\/posts\/12131"}],"collection":[{"href":"https:\/\/contextoanalisisperiodistico.com\/index.php\/wp-json\/wp\/v2\/posts"}],"about":[{"href":"https:\/\/contextoanalisisperiodistico.com\/index.php\/wp-json\/wp\/v2\/types\/post"}],"author":[{"embeddable":true,"href":"https:\/\/contextoanalisisperiodistico.com\/index.php\/wp-json\/wp\/v2\/users\/4"}],"replies":[{"embeddable":true,"href":"https:\/\/contextoanalisisperiodistico.com\/index.php\/wp-json\/wp\/v2\/comments?post=12131"}],"version-history":[{"count":1,"href":"https:\/\/contextoanalisisperiodistico.com\/index.php\/wp-json\/wp\/v2\/posts\/12131\/revisions"}],"predecessor-version":[{"id":12136,"href":"https:\/\/contextoanalisisperiodistico.com\/index.php\/wp-json\/wp\/v2\/posts\/12131\/revisions\/12136"}],"wp:featuredmedia":[{"embeddable":true,"href":"https:\/\/contextoanalisisperiodistico.com\/index.php\/wp-json\/wp\/v2\/media\/12132"}],"wp:attachment":[{"href":"https:\/\/contextoanalisisperiodistico.com\/index.php\/wp-json\/wp\/v2\/media?parent=12131"}],"wp:term":[{"taxonomy":"category","embeddable":true,"href":"https:\/\/contextoanalisisperiodistico.com\/index.php\/wp-json\/wp\/v2\/categories?post=12131"},{"taxonomy":"post_tag","embeddable":true,"href":"https:\/\/contextoanalisisperiodistico.com\/index.php\/wp-json\/wp\/v2\/tags?post=12131"}],"curies":[{"name":"wp","href":"https:\/\/api.w.org\/{rel}","templated":true}]}}