{"id":12115,"date":"2023-04-19T12:50:20","date_gmt":"2023-04-19T18:50:20","guid":{"rendered":"https:\/\/contextoanalisisperiodistico.com\/?p=12115"},"modified":"2023-04-19T12:51:39","modified_gmt":"2023-04-19T18:51:39","slug":"respuesta-municipal-de-limpieza-por-danos-de-lluvia-en-la-via-publica-capitalina","status":"publish","type":"post","link":"https:\/\/contextoanalisisperiodistico.com\/index.php\/2023\/04\/19\/respuesta-municipal-de-limpieza-por-danos-de-lluvia-en-la-via-publica-capitalina\/","title":{"rendered":"Respuesta municipal de limpieza por da\u00f1os de lluvia en la v\u00eda p\u00fablica capitalina"},"content":{"rendered":"<div id=\"fb-root\"><\/div>\n\n<p>Comunicado. El presidente municipal de Oaxaca de Ju\u00e1rez, Francisco Mart\u00ednez Neri, sigue atendiendo las necesidades de apoyo de la poblaci\u00f3n, derivadas de las lluvias de los \u00faltimos d\u00edas, a trav\u00e9s de la Secretar\u00eda de Obras P\u00fablicas y Desarrollo Urbano.<\/p>\n\n\n\n<p>De acuerdo a las instrucciones del edil capitalino, se atienden los siguientes lugares:<\/p>\n\n\n\n<p>Carretera antigua a Monte Alb\u00e1n, apoyo con retroexcavadora y camiones para retiro de escombro en la col. Colosio, San Mart\u00edn Mexicapam.<\/p>\n\n\n\n<p>Apoyo con Motoconformadora, retroexcavadora y camiones para retiro de deslave, en Pueblo Nuevo, calle Salina Cruz.<\/p>\n\n\n\n<p>Limpieza y desazolve en carretera Internacional 190<\/p>\n\n\n\n<p>Limpieza y retiro de azolve en calle Porfirio D\u00edaz, esq. Callej\u00f3n Aldama<\/p>\n\n\n\n<p>Limpieza y retiro de azolve en Ni\u00f1os H\u00e9roes<\/p>\n\n\n\n<p>Limpieza y retiro de azolve en av. La Paz, tramo: Valerio Trujano &#8211; Morelos<\/p>\n\n\n\n<p>Limpieza y retiro de escombro as\u00ed como desazolve de alcantarillas en calle 16 de Septiembre, en la agencia de 5 Se\u00f1ores.<\/p>\n\n\n\n<figure class=\"wp-block-image size-large\"><img fetchpriority=\"high\" decoding=\"async\" width=\"1024\" height=\"768\" src=\"https:\/\/contextoanalisisperiodistico.com\/wp-content\/uploads\/2023\/04\/img-20230419-wa00506037505559400076796-1024x768.jpg\" alt=\"\" class=\"wp-image-12116\" srcset=\"https:\/\/contextoanalisisperiodistico.com\/wp-content\/uploads\/2023\/04\/img-20230419-wa00506037505559400076796-1024x768.jpg 1024w, https:\/\/contextoanalisisperiodistico.com\/wp-content\/uploads\/2023\/04\/img-20230419-wa00506037505559400076796-300x225.jpg 300w, https:\/\/contextoanalisisperiodistico.com\/wp-content\/uploads\/2023\/04\/img-20230419-wa00506037505559400076796-768x576.jpg 768w, https:\/\/contextoanalisisperiodistico.com\/wp-content\/uploads\/2023\/04\/img-20230419-wa00506037505559400076796.jpg 1040w\" sizes=\"(max-width: 1024px) 100vw, 1024px\" \/><\/figure>\n\n\n\n<figure class=\"wp-block-image size-large\"><img decoding=\"async\" width=\"1024\" height=\"460\" src=\"https:\/\/contextoanalisisperiodistico.com\/wp-content\/uploads\/2023\/04\/img-20230419-wa00545664517241960526148-1024x460.jpg\" alt=\"\" class=\"wp-image-12117\" srcset=\"https:\/\/contextoanalisisperiodistico.com\/wp-content\/uploads\/2023\/04\/img-20230419-wa00545664517241960526148-1024x460.jpg 1024w, https:\/\/contextoanalisisperiodistico.com\/wp-content\/uploads\/2023\/04\/img-20230419-wa00545664517241960526148-300x135.jpg 300w, https:\/\/contextoanalisisperiodistico.com\/wp-content\/uploads\/2023\/04\/img-20230419-wa00545664517241960526148-768x345.jpg 768w, https:\/\/contextoanalisisperiodistico.com\/wp-content\/uploads\/2023\/04\/img-20230419-wa00545664517241960526148-1536x689.jpg 1536w, https:\/\/contextoanalisisperiodistico.com\/wp-content\/uploads\/2023\/04\/img-20230419-wa00545664517241960526148.jpg 1600w\" sizes=\"(max-width: 1024px) 100vw, 1024px\" \/><\/figure>\n\n\n\n<figure class=\"wp-block-image size-large\"><img decoding=\"async\" width=\"1024\" height=\"768\" src=\"https:\/\/contextoanalisisperiodistico.com\/wp-content\/uploads\/2023\/04\/img-20230419-wa00485437375799350520978.jpg\" alt=\"\" class=\"wp-image-12118\" srcset=\"https:\/\/contextoanalisisperiodistico.com\/wp-content\/uploads\/2023\/04\/img-20230419-wa00485437375799350520978.jpg 1024w, https:\/\/contextoanalisisperiodistico.com\/wp-content\/uploads\/2023\/04\/img-20230419-wa00485437375799350520978-300x225.jpg 300w, https:\/\/contextoanalisisperiodistico.com\/wp-content\/uploads\/2023\/04\/img-20230419-wa00485437375799350520978-768x576.jpg 768w\" sizes=\"(max-width: 1024px) 100vw, 1024px\" \/><\/figure>\n\n\n\n<figure class=\"wp-block-image size-large\"><img loading=\"lazy\" decoding=\"async\" width=\"1024\" height=\"495\" src=\"https:\/\/contextoanalisisperiodistico.com\/wp-content\/uploads\/2023\/04\/img-20230419-wa00537334717302849267729-1024x495.jpg\" alt=\"\" class=\"wp-image-12119\" srcset=\"https:\/\/contextoanalisisperiodistico.com\/wp-content\/uploads\/2023\/04\/img-20230419-wa00537334717302849267729-1024x495.jpg 1024w, https:\/\/contextoanalisisperiodistico.com\/wp-content\/uploads\/2023\/04\/img-20230419-wa00537334717302849267729-300x145.jpg 300w, https:\/\/contextoanalisisperiodistico.com\/wp-content\/uploads\/2023\/04\/img-20230419-wa00537334717302849267729-768x371.jpg 768w, https:\/\/contextoanalisisperiodistico.com\/wp-content\/uploads\/2023\/04\/img-20230419-wa00537334717302849267729.jpg 1280w\" sizes=\"(max-width: 1024px) 100vw, 1024px\" \/><\/figure>\n","protected":false},"excerpt":{"rendered":"<p>Comunicado. El presidente municipal de Oaxaca de Ju\u00e1rez, Francisco Mart\u00ednez Neri, sigue atendiendo las necesidades&#8230;<\/p>\n","protected":false},"author":4,"featured_media":12114,"comment_status":"open","ping_status":"open","sticky":false,"template":"","format":"standard","meta":{"footnotes":""},"categories":[9],"tags":[],"jetpack_sharing_enabled":true,"featured_image_urls":{"full":["https:\/\/contextoanalisisperiodistico.com\/wp-content\/uploads\/2023\/04\/IMG-20230419-WA0052.jpg",1280,619,false],"thumbnail":["https:\/\/contextoanalisisperiodistico.com\/wp-content\/uploads\/2023\/04\/IMG-20230419-WA0052-150x150.jpg",150,150,true],"medium":["https:\/\/contextoanalisisperiodistico.com\/wp-content\/uploads\/2023\/04\/IMG-20230419-WA0052-300x145.jpg",300,145,true],"medium_large":["https:\/\/contextoanalisisperiodistico.com\/wp-content\/uploads\/2023\/04\/IMG-20230419-WA0052-768x371.jpg",640,309,true],"large":["https:\/\/contextoanalisisperiodistico.com\/wp-content\/uploads\/2023\/04\/IMG-20230419-WA0052-1024x495.jpg",640,309,true],"1536x1536":["https:\/\/contextoanalisisperiodistico.com\/wp-content\/uploads\/2023\/04\/IMG-20230419-WA0052.jpg",1280,619,false],"2048x2048":["https:\/\/contextoanalisisperiodistico.com\/wp-content\/uploads\/2023\/04\/IMG-20230419-WA0052.jpg",1280,619,false],"covernews-slider-full":["https:\/\/contextoanalisisperiodistico.com\/wp-content\/uploads\/2023\/04\/IMG-20230419-WA0052-1115x619.jpg",1115,619,true],"covernews-slider-center":["https:\/\/contextoanalisisperiodistico.com\/wp-content\/uploads\/2023\/04\/IMG-20230419-WA0052-800x500.jpg",800,500,true],"covernews-featured":["https:\/\/contextoanalisisperiodistico.com\/wp-content\/uploads\/2023\/04\/IMG-20230419-WA0052-1024x495.jpg",1024,495,true],"covernews-medium":["https:\/\/contextoanalisisperiodistico.com\/wp-content\/uploads\/2023\/04\/IMG-20230419-WA0052-540x340.jpg",540,340,true],"covernews-medium-square":["https:\/\/contextoanalisisperiodistico.com\/wp-content\/uploads\/2023\/04\/IMG-20230419-WA0052-400x250.jpg",400,250,true]},"author_info":{"display_name":"Mario Gir\u00f3n","author_link":"https:\/\/contextoanalisisperiodistico.com\/index.php\/author\/director\/"},"category_info":"<a href=\"https:\/\/contextoanalisisperiodistico.com\/index.php\/category\/politica\/\" rel=\"category tag\">Pol\u00edtica<\/a>","tag_info":"Pol\u00edtica","comment_count":"0","jetpack_featured_media_url":"https:\/\/contextoanalisisperiodistico.com\/wp-content\/uploads\/2023\/04\/IMG-20230419-WA0052.jpg","_links":{"self":[{"href":"https:\/\/contextoanalisisperiodistico.com\/index.php\/wp-json\/wp\/v2\/posts\/12115"}],"collection":[{"href":"https:\/\/contextoanalisisperiodistico.com\/index.php\/wp-json\/wp\/v2\/posts"}],"about":[{"href":"https:\/\/contextoanalisisperiodistico.com\/index.php\/wp-json\/wp\/v2\/types\/post"}],"author":[{"embeddable":true,"href":"https:\/\/contextoanalisisperiodistico.com\/index.php\/wp-json\/wp\/v2\/users\/4"}],"replies":[{"embeddable":true,"href":"https:\/\/contextoanalisisperiodistico.com\/index.php\/wp-json\/wp\/v2\/comments?post=12115"}],"version-history":[{"count":1,"href":"https:\/\/contextoanalisisperiodistico.com\/index.php\/wp-json\/wp\/v2\/posts\/12115\/revisions"}],"predecessor-version":[{"id":12120,"href":"https:\/\/contextoanalisisperiodistico.com\/index.php\/wp-json\/wp\/v2\/posts\/12115\/revisions\/12120"}],"wp:featuredmedia":[{"embeddable":true,"href":"https:\/\/contextoanalisisperiodistico.com\/index.php\/wp-json\/wp\/v2\/media\/12114"}],"wp:attachment":[{"href":"https:\/\/contextoanalisisperiodistico.com\/index.php\/wp-json\/wp\/v2\/media?parent=12115"}],"wp:term":[{"taxonomy":"category","embeddable":true,"href":"https:\/\/contextoanalisisperiodistico.com\/index.php\/wp-json\/wp\/v2\/categories?post=12115"},{"taxonomy":"post_tag","embeddable":true,"href":"https:\/\/contextoanalisisperiodistico.com\/index.php\/wp-json\/wp\/v2\/tags?post=12115"}],"curies":[{"name":"wp","href":"https:\/\/api.w.org\/{rel}","templated":true}]}}