{"id":1211,"date":"2022-03-08T16:39:38","date_gmt":"2022-03-08T22:39:38","guid":{"rendered":"http:\/\/contextoanalisisperiodistico.com.mx\/2022\/03\/08\/la-importancia-de-cuidar-la-salud-mental-dif-oaxaca\/"},"modified":"2022-03-08T16:39:38","modified_gmt":"2022-03-08T22:39:38","slug":"la-importancia-de-cuidar-la-salud-mental-dif-oaxaca","status":"publish","type":"post","link":"https:\/\/contextoanalisisperiodistico.com\/index.php\/2022\/03\/08\/la-importancia-de-cuidar-la-salud-mental-dif-oaxaca\/","title":{"rendered":"\u00abLa importancia de cuidar la salud mental\u00bb: DIF OAXACA"},"content":{"rendered":"<div id=\"fb-root\"><\/div>\n\n<p>Recuerda que la salud mental es de suma importancia y debemos cuidarla, si necesitas orientaci\u00f3n psicol\u00f3gica no dudes en comunicarte a nuestra l\u00ednea de orientaci\u00f3n a distancia; env\u00eda un WhatsApp al n\u00famero 951 247 2032.<\/p>\n","protected":false},"excerpt":{"rendered":"<p>Recuerda que la salud mental es de suma importancia y debemos cuidarla, si necesitas orientaci\u00f3n&#8230;<\/p>\n","protected":false},"author":2,"featured_media":1210,"comment_status":"open","ping_status":"open","sticky":false,"template":"","format":"standard","meta":{"footnotes":""},"categories":[3],"tags":[],"jetpack_sharing_enabled":true,"featured_image_urls":{"full":"","thumbnail":"","medium":"","medium_large":"","large":"","1536x1536":"","2048x2048":"","covernews-slider-full":"","covernews-slider-center":"","covernews-featured":"","covernews-medium":"","covernews-medium-square":""},"author_info":{"display_name":"Miguel","author_link":"https:\/\/contextoanalisisperiodistico.com\/index.php\/author\/editor\/"},"category_info":"<a href=\"https:\/\/contextoanalisisperiodistico.com\/index.php\/category\/ciudad\/\" rel=\"category tag\">Ciudad<\/a>","tag_info":"Ciudad","comment_count":"0","jetpack_featured_media_url":"","_links":{"self":[{"href":"https:\/\/contextoanalisisperiodistico.com\/index.php\/wp-json\/wp\/v2\/posts\/1211"}],"collection":[{"href":"https:\/\/contextoanalisisperiodistico.com\/index.php\/wp-json\/wp\/v2\/posts"}],"about":[{"href":"https:\/\/contextoanalisisperiodistico.com\/index.php\/wp-json\/wp\/v2\/types\/post"}],"author":[{"embeddable":true,"href":"https:\/\/contextoanalisisperiodistico.com\/index.php\/wp-json\/wp\/v2\/users\/2"}],"replies":[{"embeddable":true,"href":"https:\/\/contextoanalisisperiodistico.com\/index.php\/wp-json\/wp\/v2\/comments?post=1211"}],"version-history":[{"count":0,"href":"https:\/\/contextoanalisisperiodistico.com\/index.php\/wp-json\/wp\/v2\/posts\/1211\/revisions"}],"wp:featuredmedia":[{"embeddable":true,"href":"https:\/\/contextoanalisisperiodistico.com\/index.php\/wp-json\/"}],"wp:attachment":[{"href":"https:\/\/contextoanalisisperiodistico.com\/index.php\/wp-json\/wp\/v2\/media?parent=1211"}],"wp:term":[{"taxonomy":"category","embeddable":true,"href":"https:\/\/contextoanalisisperiodistico.com\/index.php\/wp-json\/wp\/v2\/categories?post=1211"},{"taxonomy":"post_tag","embeddable":true,"href":"https:\/\/contextoanalisisperiodistico.com\/index.php\/wp-json\/wp\/v2\/tags?post=1211"}],"curies":[{"name":"wp","href":"https:\/\/api.w.org\/{rel}","templated":true}]}}