{"id":12085,"date":"2023-04-18T19:27:16","date_gmt":"2023-04-19T01:27:16","guid":{"rendered":"https:\/\/contextoanalisisperiodistico.com\/?p=12085"},"modified":"2023-04-18T19:27:29","modified_gmt":"2023-04-19T01:27:29","slug":"fortalecen-politicas-de-prevencion-del-vih-e-its-para-habitantes-de-oaxaca-de-juarez","status":"publish","type":"post","link":"https:\/\/contextoanalisisperiodistico.com\/index.php\/2023\/04\/18\/fortalecen-politicas-de-prevencion-del-vih-e-its-para-habitantes-de-oaxaca-de-juarez\/","title":{"rendered":"Fortalecen pol\u00edticas de prevenci\u00f3n del VIH e ITS para habitantes de Oaxaca de Ju\u00e1rez"},"content":{"rendered":"<div id=\"fb-root\"><\/div>\n\n<p>* Las acciones de ambas instancias estar\u00e1n encaminadas a la prevenci\u00f3n del VIH y otras infecciones de transmisi\u00f3n sexual en el municipio de Oaxaca de Ju\u00e1rez.<\/p>\n\n\n\n<figure class=\"wp-block-image size-large\"><img fetchpriority=\"high\" decoding=\"async\" width=\"1024\" height=\"683\" src=\"https:\/\/contextoanalisisperiodistico.com\/wp-content\/uploads\/2023\/04\/img-20230418-wa0126702795030437518131-1024x683.jpg\" alt=\"\" class=\"wp-image-12088\" srcset=\"https:\/\/contextoanalisisperiodistico.com\/wp-content\/uploads\/2023\/04\/img-20230418-wa0126702795030437518131-1024x683.jpg 1024w, https:\/\/contextoanalisisperiodistico.com\/wp-content\/uploads\/2023\/04\/img-20230418-wa0126702795030437518131-300x200.jpg 300w, https:\/\/contextoanalisisperiodistico.com\/wp-content\/uploads\/2023\/04\/img-20230418-wa0126702795030437518131-768x512.jpg 768w, https:\/\/contextoanalisisperiodistico.com\/wp-content\/uploads\/2023\/04\/img-20230418-wa0126702795030437518131.jpg 1446w\" sizes=\"(max-width: 1024px) 100vw, 1024px\" \/><\/figure>\n\n\n\n<figure class=\"wp-block-image\"><img decoding=\"async\" width=\"1024\" height=\"683\" src=\"https:\/\/contextoanalisisperiodistico.com\/wp-content\/uploads\/2023\/04\/img-20230418-wa01278266989544368771848-1024x683.jpg\" alt=\"\" class=\"wp-image-12089\" srcset=\"https:\/\/contextoanalisisperiodistico.com\/wp-content\/uploads\/2023\/04\/img-20230418-wa01278266989544368771848-1024x683.jpg 1024w, https:\/\/contextoanalisisperiodistico.com\/wp-content\/uploads\/2023\/04\/img-20230418-wa01278266989544368771848-300x200.jpg 300w, https:\/\/contextoanalisisperiodistico.com\/wp-content\/uploads\/2023\/04\/img-20230418-wa01278266989544368771848-768x512.jpg 768w, https:\/\/contextoanalisisperiodistico.com\/wp-content\/uploads\/2023\/04\/img-20230418-wa01278266989544368771848.jpg 1500w\" sizes=\"(max-width: 1024px) 100vw, 1024px\" \/><\/figure>\n\n\n\n<figure class=\"wp-block-image\"><img decoding=\"async\" width=\"1024\" height=\"682\" src=\"https:\/\/contextoanalisisperiodistico.com\/wp-content\/uploads\/2023\/04\/img-20230418-wa01252193960303973772690-1024x682.jpg\" alt=\"\" class=\"wp-image-12087\" srcset=\"https:\/\/contextoanalisisperiodistico.com\/wp-content\/uploads\/2023\/04\/img-20230418-wa01252193960303973772690-1024x682.jpg 1024w, https:\/\/contextoanalisisperiodistico.com\/wp-content\/uploads\/2023\/04\/img-20230418-wa01252193960303973772690-300x200.jpg 300w, https:\/\/contextoanalisisperiodistico.com\/wp-content\/uploads\/2023\/04\/img-20230418-wa01252193960303973772690-768x512.jpg 768w, https:\/\/contextoanalisisperiodistico.com\/wp-content\/uploads\/2023\/04\/img-20230418-wa01252193960303973772690.jpg 1448w\" sizes=\"(max-width: 1024px) 100vw, 1024px\" \/><\/figure>\n\n\n\n<p>El municipio de Oaxaca de Ju\u00e1rez est\u00e1 tomando medidas para fortalecer las pol\u00edticas de prevenci\u00f3n del VIH y otras Infecciones de Transmisi\u00f3n Sexual (ITS), en un esfuerzo conjunto con el Consejo Estatal para la Prevenci\u00f3n y Control del Sida (COESIDA). Es por ello que el d\u00eda de hoy ambas instancias suscribieron un convenio de colaboraci\u00f3n.<\/p>\n\n\n\n<p>Este convenio de colaboraci\u00f3n busca reforzar la educaci\u00f3n sexual y la difusi\u00f3n de m\u00e9todos efectivos para prevenir la transmisi\u00f3n del VIH, as\u00ed como el acceso universal a medicamentos antirretrovirales. Adem\u00e1s, se busca combatir el estigma y la discriminaci\u00f3n asociados con el VIH y el Sida.<\/p>\n\n\n\n<p>El primer concejal, Francisco Mart\u00ednez Neri, expres\u00f3 su satisfacci\u00f3n por la implementaci\u00f3n de estas acciones que llevaran en coordinaci\u00f3n con la directora general del COESIDA, Gabriela de Refugio Vel\u00e1squez Rosas, ya que afectan a toda la poblaci\u00f3n. \u00abEs crucial abordar esta problem\u00e1tica y la firma de este convenio es un paso importante para contribuir al combate de estas enfermedades, especialmente a trav\u00e9s de la prevenci\u00f3n\u00bb, a\u00f1adi\u00f3.<\/p>\n\n\n\n<p>Este es un paso importante para proteger la salud de la poblaci\u00f3n y mejorar la calidad de vida de las y los habitantes de Oaxaca de Ju\u00e1rez.<\/p>\n","protected":false},"excerpt":{"rendered":"<p>* Las acciones de ambas instancias estar\u00e1n encaminadas a la prevenci\u00f3n del VIH y otras&#8230;<\/p>\n","protected":false},"author":4,"featured_media":12086,"comment_status":"open","ping_status":"open","sticky":false,"template":"","format":"standard","meta":{"footnotes":""},"categories":[9],"tags":[],"jetpack_sharing_enabled":true,"featured_image_urls":{"full":["https:\/\/contextoanalisisperiodistico.com\/wp-content\/uploads\/2023\/04\/IMG-20230418-WA0128.jpg",1600,1066,false],"thumbnail":["https:\/\/contextoanalisisperiodistico.com\/wp-content\/uploads\/2023\/04\/IMG-20230418-WA0128-150x150.jpg",150,150,true],"medium":["https:\/\/contextoanalisisperiodistico.com\/wp-content\/uploads\/2023\/04\/IMG-20230418-WA0128-300x200.jpg",300,200,true],"medium_large":["https:\/\/contextoanalisisperiodistico.com\/wp-content\/uploads\/2023\/04\/IMG-20230418-WA0128-768x512.jpg",640,427,true],"large":["https:\/\/contextoanalisisperiodistico.com\/wp-content\/uploads\/2023\/04\/IMG-20230418-WA0128-1024x682.jpg",640,426,true],"1536x1536":["https:\/\/contextoanalisisperiodistico.com\/wp-content\/uploads\/2023\/04\/IMG-20230418-WA0128-1536x1023.jpg",1536,1023,true],"2048x2048":["https:\/\/contextoanalisisperiodistico.com\/wp-content\/uploads\/2023\/04\/IMG-20230418-WA0128.jpg",1600,1066,false],"covernews-slider-full":["https:\/\/contextoanalisisperiodistico.com\/wp-content\/uploads\/2023\/04\/IMG-20230418-WA0128-1115x715.jpg",1115,715,true],"covernews-slider-center":["https:\/\/contextoanalisisperiodistico.com\/wp-content\/uploads\/2023\/04\/IMG-20230418-WA0128-800x500.jpg",800,500,true],"covernews-featured":["https:\/\/contextoanalisisperiodistico.com\/wp-content\/uploads\/2023\/04\/IMG-20230418-WA0128-1024x682.jpg",1024,682,true],"covernews-medium":["https:\/\/contextoanalisisperiodistico.com\/wp-content\/uploads\/2023\/04\/IMG-20230418-WA0128-540x340.jpg",540,340,true],"covernews-medium-square":["https:\/\/contextoanalisisperiodistico.com\/wp-content\/uploads\/2023\/04\/IMG-20230418-WA0128-400x250.jpg",400,250,true]},"author_info":{"display_name":"Mario Gir\u00f3n","author_link":"https:\/\/contextoanalisisperiodistico.com\/index.php\/author\/director\/"},"category_info":"<a href=\"https:\/\/contextoanalisisperiodistico.com\/index.php\/category\/politica\/\" rel=\"category tag\">Pol\u00edtica<\/a>","tag_info":"Pol\u00edtica","comment_count":"0","jetpack_featured_media_url":"https:\/\/contextoanalisisperiodistico.com\/wp-content\/uploads\/2023\/04\/IMG-20230418-WA0128.jpg","_links":{"self":[{"href":"https:\/\/contextoanalisisperiodistico.com\/index.php\/wp-json\/wp\/v2\/posts\/12085"}],"collection":[{"href":"https:\/\/contextoanalisisperiodistico.com\/index.php\/wp-json\/wp\/v2\/posts"}],"about":[{"href":"https:\/\/contextoanalisisperiodistico.com\/index.php\/wp-json\/wp\/v2\/types\/post"}],"author":[{"embeddable":true,"href":"https:\/\/contextoanalisisperiodistico.com\/index.php\/wp-json\/wp\/v2\/users\/4"}],"replies":[{"embeddable":true,"href":"https:\/\/contextoanalisisperiodistico.com\/index.php\/wp-json\/wp\/v2\/comments?post=12085"}],"version-history":[{"count":1,"href":"https:\/\/contextoanalisisperiodistico.com\/index.php\/wp-json\/wp\/v2\/posts\/12085\/revisions"}],"predecessor-version":[{"id":12090,"href":"https:\/\/contextoanalisisperiodistico.com\/index.php\/wp-json\/wp\/v2\/posts\/12085\/revisions\/12090"}],"wp:featuredmedia":[{"embeddable":true,"href":"https:\/\/contextoanalisisperiodistico.com\/index.php\/wp-json\/wp\/v2\/media\/12086"}],"wp:attachment":[{"href":"https:\/\/contextoanalisisperiodistico.com\/index.php\/wp-json\/wp\/v2\/media?parent=12085"}],"wp:term":[{"taxonomy":"category","embeddable":true,"href":"https:\/\/contextoanalisisperiodistico.com\/index.php\/wp-json\/wp\/v2\/categories?post=12085"},{"taxonomy":"post_tag","embeddable":true,"href":"https:\/\/contextoanalisisperiodistico.com\/index.php\/wp-json\/wp\/v2\/tags?post=12085"}],"curies":[{"name":"wp","href":"https:\/\/api.w.org\/{rel}","templated":true}]}}