{"id":12082,"date":"2023-04-18T18:11:22","date_gmt":"2023-04-19T00:11:22","guid":{"rendered":"https:\/\/contextoanalisisperiodistico.com\/?p=12082"},"modified":"2023-04-18T18:11:51","modified_gmt":"2023-04-19T00:11:51","slug":"deudores-alimentarios-no-podran-ser-candidatos-en-oaxaca-miriam-de-los-angeles-vazquez-ruiz","status":"publish","type":"post","link":"https:\/\/contextoanalisisperiodistico.com\/index.php\/2023\/04\/18\/deudores-alimentarios-no-podran-ser-candidatos-en-oaxaca-miriam-de-los-angeles-vazquez-ruiz\/","title":{"rendered":"Deudores alimentarios no podr\u00e1n ser candidatos en Oaxaca: Miriam de los \u00c1ngeles V\u00e1zquez Ruiz"},"content":{"rendered":"<div id=\"fb-root\"><\/div>\n\n<p>*Impulsa presidenta de la Mesa Directiva de la LXV Legislatura local reforma al art\u00edculo 23 de la Constituci\u00f3n local<\/p>\n\n\n\n<p>Oaxaca, Oax,17 de abril de 2023 &nbsp;.- La presidenta de la Mesa Directiva de la LXV Legislatura local, Miriam de los \u00c1ngeles V\u00e1zquez Ruiz propuso una reforma constitucional para impedir que deudores alimentarios puedan acceder a candidaturas de elecci\u00f3n popular en Oaxaca.<\/p>\n\n\n\n<p>Por lo cual present\u00f3 la iniciativa con proyecto de decreto por el que se reforma la fracci\u00f3n II del art\u00edculo 23 de la Constituci\u00f3n Pol\u00edtica del Estado Libre y Soberano de Oaxaca.<\/p>\n\n\n\n<p>Consider\u00f3 que la obligaci\u00f3n de dar alimentos ya se encuentra en la legislaci\u00f3n, y es necesario reforzar las consecuencias en caso de incumplimiento de las mismas, generando sanciones m\u00e1s estrictas, con la finalidad de garantizar que las ni\u00f1as, ni\u00f1os y adolescentes tengan lo necesario para su mejor desarrollo.<\/p>\n\n\n\n<p>La integrante del grupo parlamentario del Partido del Trabajo de la LXV Legislatura enfatiz\u00f3 que en el \u00e1mbito del servicio p\u00fablico, es fundamental que las personas que aspiren a un cargo de elecci\u00f3n popular sean \u00edntegras en todos los sentidos.<\/p>\n\n\n\n<p>\u201cResulta necesario que las personas que aspiren a un cargo de elecci\u00f3n popular est\u00e9n al corriente en el cumplimiento de todas sus obligaciones, siendo la m\u00e1s importante el pago de la pensi\u00f3n alimenticia que les corresponda por lo que es importante que se asegure el cumplimiento de tal obligaci\u00f3n\u201d, sostuvo.<\/p>\n\n\n\n<p>Manifest\u00f3 como &nbsp;oportuno &nbsp;incorporar al marco jur\u00eddico como requisito indispensable para acceder a candidaturas de puestos de elecci\u00f3n popular, que las personas postulantes no hayan sido condenados por delito doloso y mediante resoluci\u00f3n firme por delitos cometidos por razones de g\u00e9nero, por violencia familiar.<\/p>\n\n\n\n<p>Y sobre todo \u2013 apunt\u00f3- no estar inscrito como persona alimentaria morosa en cualquier registro oficial a menos que acredite estar al corriente en el pago, cancele en su totalidad la deuda, o bien, tramite el descuento pertinente ante las instancias que as\u00ed corresponda.<\/p>\n\n\n\n<p>De donde, V\u00e1zquez Ruiz propuso reformas al art\u00edculo 23 de la Constituci\u00f3n Pol\u00edtica del Estado libre y Soberano de Oaxaca, para incentivar el cumplimiento de las obligaciones alimenticias.<\/p>\n\n\n\n<p>La Reforma<\/p>\n\n\n\n<p>Solo podr\u00e1n participar en los procesos electorales en calidad de candidata o candidato a alguno de los cargos de representaci\u00f3n popular, aquella ciudadana o ciudadano que no haya sido condenado por delito doloso y mediante resoluci\u00f3n firme por delitos cometidos por razones de g\u00e9nero, por violencia familiar; por delitos sexuales y no estar inscrito como persona alimentaria morosa en cualquier registro oficial a menos que acredite estar al corriente en el pago, cancele en su totalidad la deuda, o bien, tramite el descuento pertinente ante las instancias que as\u00ed corresponda, en t\u00e9rminos de lo dispuesto en la ley de la materia.<\/p>\n","protected":false},"excerpt":{"rendered":"<p>*Impulsa presidenta de la Mesa Directiva de la LXV Legislatura local reforma al art\u00edculo 23&#8230;<\/p>\n","protected":false},"author":4,"featured_media":12083,"comment_status":"open","ping_status":"open","sticky":false,"template":"","format":"standard","meta":{"footnotes":""},"categories":[6],"tags":[],"jetpack_sharing_enabled":true,"featured_image_urls":{"full":["https:\/\/contextoanalisisperiodistico.com\/wp-content\/uploads\/2023\/04\/DeudoresalimentariosnopodrAnsercandidatosenOaxaca.jpeg",683,1043,false],"thumbnail":["https:\/\/contextoanalisisperiodistico.com\/wp-content\/uploads\/2023\/04\/DeudoresalimentariosnopodrAnsercandidatosenOaxaca-150x150.jpeg",150,150,true],"medium":["https:\/\/contextoanalisisperiodistico.com\/wp-content\/uploads\/2023\/04\/DeudoresalimentariosnopodrAnsercandidatosenOaxaca-196x300.jpeg",196,300,true],"medium_large":["https:\/\/contextoanalisisperiodistico.com\/wp-content\/uploads\/2023\/04\/DeudoresalimentariosnopodrAnsercandidatosenOaxaca.jpeg",640,977,false],"large":["https:\/\/contextoanalisisperiodistico.com\/wp-content\/uploads\/2023\/04\/DeudoresalimentariosnopodrAnsercandidatosenOaxaca-671x1024.jpeg",640,977,true],"1536x1536":["https:\/\/contextoanalisisperiodistico.com\/wp-content\/uploads\/2023\/04\/DeudoresalimentariosnopodrAnsercandidatosenOaxaca.jpeg",683,1043,false],"2048x2048":["https:\/\/contextoanalisisperiodistico.com\/wp-content\/uploads\/2023\/04\/DeudoresalimentariosnopodrAnsercandidatosenOaxaca.jpeg",683,1043,false],"covernews-slider-full":["https:\/\/contextoanalisisperiodistico.com\/wp-content\/uploads\/2023\/04\/DeudoresalimentariosnopodrAnsercandidatosenOaxaca-683x715.jpeg",683,715,true],"covernews-slider-center":["https:\/\/contextoanalisisperiodistico.com\/wp-content\/uploads\/2023\/04\/DeudoresalimentariosnopodrAnsercandidatosenOaxaca-683x500.jpeg",683,500,true],"covernews-featured":["https:\/\/contextoanalisisperiodistico.com\/wp-content\/uploads\/2023\/04\/DeudoresalimentariosnopodrAnsercandidatosenOaxaca.jpeg",683,1043,false],"covernews-medium":["https:\/\/contextoanalisisperiodistico.com\/wp-content\/uploads\/2023\/04\/DeudoresalimentariosnopodrAnsercandidatosenOaxaca-540x340.jpeg",540,340,true],"covernews-medium-square":["https:\/\/contextoanalisisperiodistico.com\/wp-content\/uploads\/2023\/04\/DeudoresalimentariosnopodrAnsercandidatosenOaxaca-400x250.jpeg",400,250,true]},"author_info":{"display_name":"Mario Gir\u00f3n","author_link":"https:\/\/contextoanalisisperiodistico.com\/index.php\/author\/director\/"},"category_info":"<a href=\"https:\/\/contextoanalisisperiodistico.com\/index.php\/category\/legislatura\/\" rel=\"category tag\">Legislatura<\/a>","tag_info":"Legislatura","comment_count":"0","jetpack_featured_media_url":"https:\/\/contextoanalisisperiodistico.com\/wp-content\/uploads\/2023\/04\/DeudoresalimentariosnopodrAnsercandidatosenOaxaca.jpeg","_links":{"self":[{"href":"https:\/\/contextoanalisisperiodistico.com\/index.php\/wp-json\/wp\/v2\/posts\/12082"}],"collection":[{"href":"https:\/\/contextoanalisisperiodistico.com\/index.php\/wp-json\/wp\/v2\/posts"}],"about":[{"href":"https:\/\/contextoanalisisperiodistico.com\/index.php\/wp-json\/wp\/v2\/types\/post"}],"author":[{"embeddable":true,"href":"https:\/\/contextoanalisisperiodistico.com\/index.php\/wp-json\/wp\/v2\/users\/4"}],"replies":[{"embeddable":true,"href":"https:\/\/contextoanalisisperiodistico.com\/index.php\/wp-json\/wp\/v2\/comments?post=12082"}],"version-history":[{"count":1,"href":"https:\/\/contextoanalisisperiodistico.com\/index.php\/wp-json\/wp\/v2\/posts\/12082\/revisions"}],"predecessor-version":[{"id":12084,"href":"https:\/\/contextoanalisisperiodistico.com\/index.php\/wp-json\/wp\/v2\/posts\/12082\/revisions\/12084"}],"wp:featuredmedia":[{"embeddable":true,"href":"https:\/\/contextoanalisisperiodistico.com\/index.php\/wp-json\/wp\/v2\/media\/12083"}],"wp:attachment":[{"href":"https:\/\/contextoanalisisperiodistico.com\/index.php\/wp-json\/wp\/v2\/media?parent=12082"}],"wp:term":[{"taxonomy":"category","embeddable":true,"href":"https:\/\/contextoanalisisperiodistico.com\/index.php\/wp-json\/wp\/v2\/categories?post=12082"},{"taxonomy":"post_tag","embeddable":true,"href":"https:\/\/contextoanalisisperiodistico.com\/index.php\/wp-json\/wp\/v2\/tags?post=12082"}],"curies":[{"name":"wp","href":"https:\/\/api.w.org\/{rel}","templated":true}]}}