{"id":12055,"date":"2023-04-18T15:08:14","date_gmt":"2023-04-18T21:08:14","guid":{"rendered":"https:\/\/contextoanalisisperiodistico.com\/?p=12055"},"modified":"2023-04-18T15:08:25","modified_gmt":"2023-04-18T21:08:25","slug":"con-respeto-y-responsabilidad-continua-gobierno-del-estado-mesa-de-negociacion-con-el-stpeidceo","status":"publish","type":"post","link":"https:\/\/contextoanalisisperiodistico.com\/index.php\/2023\/04\/18\/con-respeto-y-responsabilidad-continua-gobierno-del-estado-mesa-de-negociacion-con-el-stpeidceo\/","title":{"rendered":"Con respeto y responsabilidad, contin\u00faa Gobierno del Estado mesa de negociaci\u00f3n con el STPEIDCEO"},"content":{"rendered":"<div id=\"fb-root\"><\/div>\n\n<p>*Antonino Morales Toledo, secretario de Administraci\u00f3n, se\u00f1al\u00f3 que se analiza cada punto del Pliego Petitorio 2023, garantizando los derechos labores y cuidando las finanzas estatales<\/p>\n\n\n\n<figure class=\"wp-block-image size-large\"><img fetchpriority=\"high\" decoding=\"async\" width=\"960\" height=\"960\" src=\"https:\/\/contextoanalisisperiodistico.com\/wp-content\/uploads\/2023\/04\/img-20230418-wa00887804433190463998179.jpg\" alt=\"\" class=\"wp-image-12058\" srcset=\"https:\/\/contextoanalisisperiodistico.com\/wp-content\/uploads\/2023\/04\/img-20230418-wa00887804433190463998179.jpg 960w, https:\/\/contextoanalisisperiodistico.com\/wp-content\/uploads\/2023\/04\/img-20230418-wa00887804433190463998179-300x300.jpg 300w, https:\/\/contextoanalisisperiodistico.com\/wp-content\/uploads\/2023\/04\/img-20230418-wa00887804433190463998179-150x150.jpg 150w, https:\/\/contextoanalisisperiodistico.com\/wp-content\/uploads\/2023\/04\/img-20230418-wa00887804433190463998179-768x768.jpg 768w\" sizes=\"(max-width: 960px) 100vw, 960px\" \/><\/figure>\n\n\n\n<figure class=\"wp-block-image\"><img decoding=\"async\" width=\"300\" height=\"200\" src=\"https:\/\/contextoanalisisperiodistico.com\/wp-content\/uploads\/2023\/04\/img-20230418-wa00872155718702387296904-300x200.jpg\" alt=\"\" class=\"wp-image-12057\" srcset=\"https:\/\/contextoanalisisperiodistico.com\/wp-content\/uploads\/2023\/04\/img-20230418-wa00872155718702387296904-300x200.jpg 300w, https:\/\/contextoanalisisperiodistico.com\/wp-content\/uploads\/2023\/04\/img-20230418-wa00872155718702387296904-768x512.jpg 768w, https:\/\/contextoanalisisperiodistico.com\/wp-content\/uploads\/2023\/04\/img-20230418-wa00872155718702387296904.jpg 960w\" sizes=\"(max-width: 300px) 100vw, 300px\" \/><\/figure>\n\n\n\n<figure class=\"wp-block-image\"><img decoding=\"async\" width=\"1024\" height=\"683\" src=\"https:\/\/contextoanalisisperiodistico.com\/wp-content\/uploads\/2023\/04\/img-20230418-wa00714001488286781195097-1024x683.jpg\" alt=\"\" class=\"wp-image-12059\" srcset=\"https:\/\/contextoanalisisperiodistico.com\/wp-content\/uploads\/2023\/04\/img-20230418-wa00714001488286781195097-1024x683.jpg 1024w, https:\/\/contextoanalisisperiodistico.com\/wp-content\/uploads\/2023\/04\/img-20230418-wa00714001488286781195097-300x200.jpg 300w, https:\/\/contextoanalisisperiodistico.com\/wp-content\/uploads\/2023\/04\/img-20230418-wa00714001488286781195097-768x512.jpg 768w, https:\/\/contextoanalisisperiodistico.com\/wp-content\/uploads\/2023\/04\/img-20230418-wa00714001488286781195097-1536x1024.jpg 1536w, https:\/\/contextoanalisisperiodistico.com\/wp-content\/uploads\/2023\/04\/img-20230418-wa00714001488286781195097.jpg 1600w\" sizes=\"(max-width: 1024px) 100vw, 1024px\" \/><\/figure>\n\n\n\n<p>Oaxaca de Ju\u00e1rez, Oax., 18 de abril 2023.- Con respeto a los derechos laborales y en la responsabilidad del uso eficaz de las finanzas estatales, contin\u00faa la mesa de trabajo entre el Gobierno del Estado y el Sindicato de Trabajadores de los Poderes del Estado e Instituciones Descentralizadas de Car\u00e1cter Estatal (STPEIDCEO) para atender las demandas de este gremio sindical.<\/p>\n\n\n\n<p>A 20 d\u00edas de haberse instalado de manera formal las negociaciones, el secretario de Administraci\u00f3n Antonino Morales Toledo sostuvo que en un marco de respeto y anteponiendo el di\u00e1logo y mutuo acuerdo, se analizan cada una de las cl\u00e1usulas del Pliego Petitorio 2023.<\/p>\n\n\n\n<p>Reconoci\u00f3 la sensibilidad y apertura al di\u00e1logo por parte de las y los integrantes de la Comisi\u00f3n Negociadora y del Comit\u00e9 Directivo del STPEIDCEO para analizar cada punto del pliego petitorio, garantizando los derechos labores y cuidando las finanzas estatales; recursos p\u00fablicos que deben ser administrados con transparencia, honestidad y responsabilidad, tal como lo establece el Gobernador Salom\u00f3n Jara Cruz.<\/p>\n\n\n\n<p>El responsable de la pol\u00edtica administrativa estatal expuso que cada una de las reuniones de la mesa de negociaci\u00f3n se han llevado a cabo en un clima de respeto mutuo y cordialidad.<\/p>\n\n\n\n<p>Asegur\u00f3 que en estos tiempos de transformaci\u00f3n se tienen que valorar prestaciones justas para las y los trabajadores, adem\u00e1s del escenario social y los proyectos que se impulsan para beneficiar a los pueblos y comunidades de Oaxaca.<\/p>\n\n\n\n<p>Reiter\u00f3 que se continuar\u00e1 con el di\u00e1logo abierto, respetuoso y transparente entre el Gobierno del Estado y este gremio sindical y reconoci\u00f3 la voluntad de acuerdos de la dirigencia sindical y de quienes integran la Comisi\u00f3n Negociadora. \u00abSiempre se respetar\u00e1n la autonom\u00eda sindical y los derechos establecidos en la ley\u00bb, precis\u00f3.<\/p>\n","protected":false},"excerpt":{"rendered":"<p>*Antonino Morales Toledo, secretario de Administraci\u00f3n, se\u00f1al\u00f3 que se analiza cada punto del Pliego Petitorio&#8230;<\/p>\n","protected":false},"author":4,"featured_media":12056,"comment_status":"open","ping_status":"open","sticky":false,"template":"","format":"standard","meta":{"footnotes":""},"categories":[9],"tags":[],"jetpack_sharing_enabled":true,"featured_image_urls":{"full":["https:\/\/contextoanalisisperiodistico.com\/wp-content\/uploads\/2023\/04\/IMG-20230418-WA0072.jpg",1600,1066,false],"thumbnail":["https:\/\/contextoanalisisperiodistico.com\/wp-content\/uploads\/2023\/04\/IMG-20230418-WA0072-150x150.jpg",150,150,true],"medium":["https:\/\/contextoanalisisperiodistico.com\/wp-content\/uploads\/2023\/04\/IMG-20230418-WA0072-300x200.jpg",300,200,true],"medium_large":["https:\/\/contextoanalisisperiodistico.com\/wp-content\/uploads\/2023\/04\/IMG-20230418-WA0072-768x512.jpg",640,427,true],"large":["https:\/\/contextoanalisisperiodistico.com\/wp-content\/uploads\/2023\/04\/IMG-20230418-WA0072-1024x682.jpg",640,426,true],"1536x1536":["https:\/\/contextoanalisisperiodistico.com\/wp-content\/uploads\/2023\/04\/IMG-20230418-WA0072-1536x1023.jpg",1536,1023,true],"2048x2048":["https:\/\/contextoanalisisperiodistico.com\/wp-content\/uploads\/2023\/04\/IMG-20230418-WA0072.jpg",1600,1066,false],"covernews-slider-full":["https:\/\/contextoanalisisperiodistico.com\/wp-content\/uploads\/2023\/04\/IMG-20230418-WA0072-1115x715.jpg",1115,715,true],"covernews-slider-center":["https:\/\/contextoanalisisperiodistico.com\/wp-content\/uploads\/2023\/04\/IMG-20230418-WA0072-800x500.jpg",800,500,true],"covernews-featured":["https:\/\/contextoanalisisperiodistico.com\/wp-content\/uploads\/2023\/04\/IMG-20230418-WA0072-1024x682.jpg",1024,682,true],"covernews-medium":["https:\/\/contextoanalisisperiodistico.com\/wp-content\/uploads\/2023\/04\/IMG-20230418-WA0072-540x340.jpg",540,340,true],"covernews-medium-square":["https:\/\/contextoanalisisperiodistico.com\/wp-content\/uploads\/2023\/04\/IMG-20230418-WA0072-400x250.jpg",400,250,true]},"author_info":{"display_name":"Mario Gir\u00f3n","author_link":"https:\/\/contextoanalisisperiodistico.com\/index.php\/author\/director\/"},"category_info":"<a href=\"https:\/\/contextoanalisisperiodistico.com\/index.php\/category\/politica\/\" rel=\"category tag\">Pol\u00edtica<\/a>","tag_info":"Pol\u00edtica","comment_count":"0","jetpack_featured_media_url":"https:\/\/contextoanalisisperiodistico.com\/wp-content\/uploads\/2023\/04\/IMG-20230418-WA0072.jpg","_links":{"self":[{"href":"https:\/\/contextoanalisisperiodistico.com\/index.php\/wp-json\/wp\/v2\/posts\/12055"}],"collection":[{"href":"https:\/\/contextoanalisisperiodistico.com\/index.php\/wp-json\/wp\/v2\/posts"}],"about":[{"href":"https:\/\/contextoanalisisperiodistico.com\/index.php\/wp-json\/wp\/v2\/types\/post"}],"author":[{"embeddable":true,"href":"https:\/\/contextoanalisisperiodistico.com\/index.php\/wp-json\/wp\/v2\/users\/4"}],"replies":[{"embeddable":true,"href":"https:\/\/contextoanalisisperiodistico.com\/index.php\/wp-json\/wp\/v2\/comments?post=12055"}],"version-history":[{"count":1,"href":"https:\/\/contextoanalisisperiodistico.com\/index.php\/wp-json\/wp\/v2\/posts\/12055\/revisions"}],"predecessor-version":[{"id":12060,"href":"https:\/\/contextoanalisisperiodistico.com\/index.php\/wp-json\/wp\/v2\/posts\/12055\/revisions\/12060"}],"wp:featuredmedia":[{"embeddable":true,"href":"https:\/\/contextoanalisisperiodistico.com\/index.php\/wp-json\/wp\/v2\/media\/12056"}],"wp:attachment":[{"href":"https:\/\/contextoanalisisperiodistico.com\/index.php\/wp-json\/wp\/v2\/media?parent=12055"}],"wp:term":[{"taxonomy":"category","embeddable":true,"href":"https:\/\/contextoanalisisperiodistico.com\/index.php\/wp-json\/wp\/v2\/categories?post=12055"},{"taxonomy":"post_tag","embeddable":true,"href":"https:\/\/contextoanalisisperiodistico.com\/index.php\/wp-json\/wp\/v2\/tags?post=12055"}],"curies":[{"name":"wp","href":"https:\/\/api.w.org\/{rel}","templated":true}]}}