{"id":12048,"date":"2023-04-18T14:56:22","date_gmt":"2023-04-18T20:56:22","guid":{"rendered":"https:\/\/contextoanalisisperiodistico.com\/?p=12048"},"modified":"2023-04-18T14:57:15","modified_gmt":"2023-04-18T20:57:15","slug":"inician-nuevo-capitulo-de-paz-y-bienestar-entre-oaxaca-y-chiapas-gobernador-salomon-jara","status":"publish","type":"post","link":"https:\/\/contextoanalisisperiodistico.com\/index.php\/2023\/04\/18\/inician-nuevo-capitulo-de-paz-y-bienestar-entre-oaxaca-y-chiapas-gobernador-salomon-jara\/","title":{"rendered":"\u00abInician nuevo cap\u00edtulo de paz y bienestar entre Oaxaca y Chiapas\u00bb: Gobernador Salom\u00f3n Jara"},"content":{"rendered":"<div id=\"fb-root\"><\/div>\n\n<p>*Con apoyo y seguimiento de la federaci\u00f3n se salvaguardan los derechos, usos, costumbres, la prestaci\u00f3n de los servicios p\u00fablicos y la propiedad sobre bienes inmuebles<\/p>\n\n\n\n<figure class=\"wp-block-image size-large\"><img fetchpriority=\"high\" decoding=\"async\" width=\"1024\" height=\"728\" src=\"https:\/\/contextoanalisisperiodistico.com\/wp-content\/uploads\/2023\/04\/img-20230418-wa00581644410965540407440-1024x728.jpg\" alt=\"\" class=\"wp-image-12052\" srcset=\"https:\/\/contextoanalisisperiodistico.com\/wp-content\/uploads\/2023\/04\/img-20230418-wa00581644410965540407440-1024x728.jpg 1024w, https:\/\/contextoanalisisperiodistico.com\/wp-content\/uploads\/2023\/04\/img-20230418-wa00581644410965540407440-300x213.jpg 300w, https:\/\/contextoanalisisperiodistico.com\/wp-content\/uploads\/2023\/04\/img-20230418-wa00581644410965540407440-768x546.jpg 768w, https:\/\/contextoanalisisperiodistico.com\/wp-content\/uploads\/2023\/04\/img-20230418-wa00581644410965540407440-1536x1092.jpg 1536w, https:\/\/contextoanalisisperiodistico.com\/wp-content\/uploads\/2023\/04\/img-20230418-wa00581644410965540407440.jpg 1600w\" sizes=\"(max-width: 1024px) 100vw, 1024px\" \/><\/figure>\n\n\n\n<figure class=\"wp-block-image\"><img decoding=\"async\" width=\"1024\" height=\"682\" src=\"https:\/\/contextoanalisisperiodistico.com\/wp-content\/uploads\/2023\/04\/img-20230418-wa00596158772458250013689-1024x682.jpg\" alt=\"\" class=\"wp-image-12050\" srcset=\"https:\/\/contextoanalisisperiodistico.com\/wp-content\/uploads\/2023\/04\/img-20230418-wa00596158772458250013689-1024x682.jpg 1024w, https:\/\/contextoanalisisperiodistico.com\/wp-content\/uploads\/2023\/04\/img-20230418-wa00596158772458250013689-300x200.jpg 300w, https:\/\/contextoanalisisperiodistico.com\/wp-content\/uploads\/2023\/04\/img-20230418-wa00596158772458250013689-768x512.jpg 768w, https:\/\/contextoanalisisperiodistico.com\/wp-content\/uploads\/2023\/04\/img-20230418-wa00596158772458250013689-1536x1023.jpg 1536w, https:\/\/contextoanalisisperiodistico.com\/wp-content\/uploads\/2023\/04\/img-20230418-wa00596158772458250013689.jpg 1600w\" sizes=\"(max-width: 1024px) 100vw, 1024px\" \/><\/figure>\n\n\n\n<figure class=\"wp-block-image\"><img decoding=\"async\" width=\"1024\" height=\"682\" src=\"https:\/\/contextoanalisisperiodistico.com\/wp-content\/uploads\/2023\/04\/img-20230418-wa00577750584761968723775-1024x682.jpg\" alt=\"\" class=\"wp-image-12051\" srcset=\"https:\/\/contextoanalisisperiodistico.com\/wp-content\/uploads\/2023\/04\/img-20230418-wa00577750584761968723775-1024x682.jpg 1024w, https:\/\/contextoanalisisperiodistico.com\/wp-content\/uploads\/2023\/04\/img-20230418-wa00577750584761968723775-300x200.jpg 300w, https:\/\/contextoanalisisperiodistico.com\/wp-content\/uploads\/2023\/04\/img-20230418-wa00577750584761968723775-768x512.jpg 768w, https:\/\/contextoanalisisperiodistico.com\/wp-content\/uploads\/2023\/04\/img-20230418-wa00577750584761968723775-1536x1023.jpg 1536w, https:\/\/contextoanalisisperiodistico.com\/wp-content\/uploads\/2023\/04\/img-20230418-wa00577750584761968723775.jpg 1600w\" sizes=\"(max-width: 1024px) 100vw, 1024px\" \/><\/figure>\n\n\n\n<p>Tuxtla Guti\u00e9rrez, Chis. 18 de abril de 2023.- Con el acompa\u00f1amiento y respaldo del Gobierno de la Rep\u00fablica, los gobiernos de Oaxaca y Chiapas definieron los plazos y la ruta que permitir\u00e1n solucionar de forma integral, consensuada y duradera, las diversas problem\u00e1ticas hist\u00f3ricas en la regi\u00f3n de los Chimalapas, inform\u00f3 Salom\u00f3n Jara Cruz Gobernador del Estado de Oaxaca.<\/p>\n\n\n\n<p>Lo anterior, mediante la firma de un convenio para dar continuidad a las acciones relacionadas con la redefinici\u00f3n de los l\u00edmites territoriales entre ambas entidades federativas.<\/p>\n\n\n\n<p>El evento estuvo copresidido por el Gobernador de Chiapas, Rutilio Escand\u00f3n Cadenas, y cont\u00f3 con la presencia de C\u00e9sar Y\u00e1\u00f1ez Centeno, subsecretario de Desarrollo Democr\u00e1tico, Participaci\u00f3n Social y Asuntos Religiosos de la Secretar\u00eda de Gobernaci\u00f3n.<\/p>\n\n\n\n<p>El Mandatario Oaxaque\u00f1o agradeci\u00f3 el acompa\u00f1amiento del Presidente de la Rep\u00fablica Andr\u00e9s Manuel L\u00f3pez Obrador, que deriv\u00f3 en este logro hist\u00f3rico.<\/p>\n\n\n\n<p>\u201cEl actuar del Presidente nos sirvi\u00f3 como ejemplo para encontrar una soluci\u00f3n, mediante el di\u00e1logo, la conciliaci\u00f3n y el trabajo cercano a las comunidades que constituyen instrumentos fundamentales para enfrentar y resolver retos y problem\u00e1ticas como los que hoy nos convocan, siempre con la participaci\u00f3n y el consenso de todas y todos los actores involucrados\u201d, afirm\u00f3.<\/p>\n\n\n\n<p>Asimismo, agradeci\u00f3 a las y los habitantes y autoridades de Santa Mar\u00eda y San Miguel Chimalapa por su apertura y sensibilidad para acompa\u00f1ar este esfuerzo colectivo, y salud\u00f3 el compromiso y el respaldo de las legislaturas de ambos estados para concretar los cambios constitucionales.<\/p>\n\n\n\n<p>Con este acto \u2013dijo- este gobierno ratifica el compromiso con la paz, la justicia, la gobernabilidad y el bienestar como ejes rectores del modelo de desarrollo que impulsar\u00e1 en su zona lim\u00edtrofe.<\/p>\n\n\n\n<p>En este sentido, Jara Cruz afirm\u00f3 que se ha cuidado hasta el m\u00e1s m\u00ednimo detalle para evitar afectaci\u00f3n alguna a las comunidades y no instrumentar ning\u00fan movimiento abrupto que altere la estabilidad y la tranquilidad de la poblaci\u00f3n.<\/p>\n\n\n\n<p>Afirm\u00f3 que se cuid\u00f3 hasta el m\u00e1s m\u00ednimo detalle para evitar afectaciones y movimientos abruptos que alteren la estabilidad y tranquilidad de la poblaci\u00f3n, y queden completamente salvaguardados los derechos, usos, costumbres y la pertenencia de todas y todos los habitantes de la zona lim\u00edtrofe.<\/p>\n\n\n\n<p>Este acuerdo deja bien delimitada la corresponsabilidad de las autoridades competentes para garantizar los derechos humanos, la prestaci\u00f3n de los servicios p\u00fablicos y la propiedad sobre bienes inmuebles, \u201ccon este convenio, nadie pierde y todos ganamos\u201d.<\/p>\n\n\n\n<p>Indic\u00f3 que en breve se generar\u00e1 una nueva carta geogr\u00e1fica y se realizar\u00e1n los cambios legales y administrativos necesarios en materia de asentamientos humanos, para que las nuevas autoridades competentes asuman el ejercicio de sus atribuciones.<\/p>\n\n\n\n<p>Apunt\u00f3 que se establecer\u00e1 un r\u00e9gimen especial para la protecci\u00f3n de la propiedad social; se instrumentar\u00e1 un encauzamiento conciliatorio para la soluci\u00f3n amigable de los litigios; y se seguir\u00e1n los m\u00e1s altos est\u00e1ndares t\u00e9cnicos para la construcci\u00f3n de las mojoneras. \u201cSiempre bajo un enfoque de pacificaci\u00f3n, reconstrucci\u00f3n del tejido comunitario, justicia social y bienestar para todas y todos\u201d, afirm\u00f3.<\/p>\n\n\n\n<p>El gobernante oaxaque\u00f1o se\u00f1al\u00f3 que a Chiapas y Oaxaca los une e identifica, m\u00e1s que una simple vecindad geogr\u00e1fica, la voluntad pol\u00edtica, el compromiso con el pueblo y la vocaci\u00f3n de servicio.<\/p>\n\n\n\n<p>\u201cComo Gobernador Constitucional del Estado de Oaxaca me siento muy orgulloso de ser parte de este proceso de soluci\u00f3n y pacificaci\u00f3n que nos permitir\u00e1 dejar atr\u00e1s una larga historia de conflicto y desencuentro, as\u00ed como avanzar en el objetivo de disminuir las brechas de desigualdad y atender a las y los m\u00e1s pobres\u201d, finaliz\u00f3 Salom\u00f3n Jara.<\/p>\n\n\n\n<p>-0-<\/p>\n","protected":false},"excerpt":{"rendered":"<p>*Con apoyo y seguimiento de la federaci\u00f3n se salvaguardan los derechos, usos, costumbres, la prestaci\u00f3n&#8230;<\/p>\n","protected":false},"author":4,"featured_media":12049,"comment_status":"open","ping_status":"open","sticky":false,"template":"","format":"standard","meta":{"footnotes":""},"categories":[9],"tags":[],"jetpack_sharing_enabled":true,"featured_image_urls":{"full":["https:\/\/contextoanalisisperiodistico.com\/wp-content\/uploads\/2023\/04\/IMG-20230418-WA0056.jpg",1600,1066,false],"thumbnail":["https:\/\/contextoanalisisperiodistico.com\/wp-content\/uploads\/2023\/04\/IMG-20230418-WA0056-150x150.jpg",150,150,true],"medium":["https:\/\/contextoanalisisperiodistico.com\/wp-content\/uploads\/2023\/04\/IMG-20230418-WA0056-300x200.jpg",300,200,true],"medium_large":["https:\/\/contextoanalisisperiodistico.com\/wp-content\/uploads\/2023\/04\/IMG-20230418-WA0056-768x512.jpg",640,427,true],"large":["https:\/\/contextoanalisisperiodistico.com\/wp-content\/uploads\/2023\/04\/IMG-20230418-WA0056-1024x682.jpg",640,426,true],"1536x1536":["https:\/\/contextoanalisisperiodistico.com\/wp-content\/uploads\/2023\/04\/IMG-20230418-WA0056-1536x1023.jpg",1536,1023,true],"2048x2048":["https:\/\/contextoanalisisperiodistico.com\/wp-content\/uploads\/2023\/04\/IMG-20230418-WA0056.jpg",1600,1066,false],"covernews-slider-full":["https:\/\/contextoanalisisperiodistico.com\/wp-content\/uploads\/2023\/04\/IMG-20230418-WA0056-1115x715.jpg",1115,715,true],"covernews-slider-center":["https:\/\/contextoanalisisperiodistico.com\/wp-content\/uploads\/2023\/04\/IMG-20230418-WA0056-800x500.jpg",800,500,true],"covernews-featured":["https:\/\/contextoanalisisperiodistico.com\/wp-content\/uploads\/2023\/04\/IMG-20230418-WA0056-1024x682.jpg",1024,682,true],"covernews-medium":["https:\/\/contextoanalisisperiodistico.com\/wp-content\/uploads\/2023\/04\/IMG-20230418-WA0056-540x340.jpg",540,340,true],"covernews-medium-square":["https:\/\/contextoanalisisperiodistico.com\/wp-content\/uploads\/2023\/04\/IMG-20230418-WA0056-400x250.jpg",400,250,true]},"author_info":{"display_name":"Mario Gir\u00f3n","author_link":"https:\/\/contextoanalisisperiodistico.com\/index.php\/author\/director\/"},"category_info":"<a href=\"https:\/\/contextoanalisisperiodistico.com\/index.php\/category\/politica\/\" rel=\"category tag\">Pol\u00edtica<\/a>","tag_info":"Pol\u00edtica","comment_count":"0","jetpack_featured_media_url":"https:\/\/contextoanalisisperiodistico.com\/wp-content\/uploads\/2023\/04\/IMG-20230418-WA0056.jpg","_links":{"self":[{"href":"https:\/\/contextoanalisisperiodistico.com\/index.php\/wp-json\/wp\/v2\/posts\/12048"}],"collection":[{"href":"https:\/\/contextoanalisisperiodistico.com\/index.php\/wp-json\/wp\/v2\/posts"}],"about":[{"href":"https:\/\/contextoanalisisperiodistico.com\/index.php\/wp-json\/wp\/v2\/types\/post"}],"author":[{"embeddable":true,"href":"https:\/\/contextoanalisisperiodistico.com\/index.php\/wp-json\/wp\/v2\/users\/4"}],"replies":[{"embeddable":true,"href":"https:\/\/contextoanalisisperiodistico.com\/index.php\/wp-json\/wp\/v2\/comments?post=12048"}],"version-history":[{"count":1,"href":"https:\/\/contextoanalisisperiodistico.com\/index.php\/wp-json\/wp\/v2\/posts\/12048\/revisions"}],"predecessor-version":[{"id":12053,"href":"https:\/\/contextoanalisisperiodistico.com\/index.php\/wp-json\/wp\/v2\/posts\/12048\/revisions\/12053"}],"wp:featuredmedia":[{"embeddable":true,"href":"https:\/\/contextoanalisisperiodistico.com\/index.php\/wp-json\/wp\/v2\/media\/12049"}],"wp:attachment":[{"href":"https:\/\/contextoanalisisperiodistico.com\/index.php\/wp-json\/wp\/v2\/media?parent=12048"}],"wp:term":[{"taxonomy":"category","embeddable":true,"href":"https:\/\/contextoanalisisperiodistico.com\/index.php\/wp-json\/wp\/v2\/categories?post=12048"},{"taxonomy":"post_tag","embeddable":true,"href":"https:\/\/contextoanalisisperiodistico.com\/index.php\/wp-json\/wp\/v2\/tags?post=12048"}],"curies":[{"name":"wp","href":"https:\/\/api.w.org\/{rel}","templated":true}]}}