{"id":12019,"date":"2023-04-18T10:55:19","date_gmt":"2023-04-18T16:55:19","guid":{"rendered":"https:\/\/contextoanalisisperiodistico.com\/?p=12019"},"modified":"2023-04-18T10:55:39","modified_gmt":"2023-04-18T16:55:39","slug":"estudiantes-de-la-utsso-sorprenden-con-sus-proyectos-productivos","status":"publish","type":"post","link":"https:\/\/contextoanalisisperiodistico.com\/index.php\/2023\/04\/18\/estudiantes-de-la-utsso-sorprenden-con-sus-proyectos-productivos\/","title":{"rendered":"Estudiantes de la UTSSO sorprenden con sus proyectos productivos"},"content":{"rendered":"<div id=\"fb-root\"><\/div>\n\n<p>\u2022 Presentaron sus trabajos como parte del t\u00e9rmino del cuatrimestre enero \u2013 abril 2023<\/p>\n\n\n\n<p>Sola de Vega, Oax. 18 de abril de 2023. Estudiantes de la Universidad Tecnol\u00f3gica de la Sierra Sur de Oaxaca (UTSSO) realizaron la presentaci\u00f3n de proyectos finales como parte del t\u00e9rmino de actividades acad\u00e9micas del cuatrimestre enero \u2013 abril del 2023.<\/p>\n\n\n\n<p>La rectora de esta casa de estudios Jazmin Jeanneth Sumano Celaya detall\u00f3 que los proyectos cuatrimestrales se generan como parte de la profesionalizaci\u00f3n del estudiantado, en las carreras de T\u00e9cnico Superior Universitario (TSU) e Ingenier\u00edas y Licenciatura.<\/p>\n\n\n\n<p>Entre los proyectos cuatrimestrales presentados destacan los cultivos de girasoles, tomates y chiles de agua como parte de la carrera de T\u00e9cnico Superior Universitario e Ingenier\u00eda en Agricultura Sustentable y Protegida.<\/p>\n\n\n\n<p>Estudiantes de la carrera de T\u00e9cnico Superior Universitario e Ingenier\u00eda en Procesos Alimentarios presentaron la producci\u00f3n de totopos hechos a base de reques\u00f3n, as\u00ed como mermeladas, adobos, snacks, salsas y miscel\u00e1nea de frutas y hortalizas.<\/p>\n\n\n\n<p>De la carrera T\u00e9cnico Superior Universitario en Administraci\u00f3n, Formulaci\u00f3n y Evaluaci\u00f3n de Proyectos y de la Licenciatura en Gesti\u00f3n de Negocios y Proyectos, resaltaron proyectos de rentabilidad de panader\u00edas, tienda de papel artesanal, comercializadoras de caf\u00e9, mezcal y sus derivados, dosificador qu\u00edmico, espejeadora y tostador de granos y especias.<\/p>\n\n\n\n<p>En esta presentaci\u00f3n de proyectos finales, el estudiantado de la carrera T\u00e9cnico Superior Universitario en Recursos Naturales, \u00c1rea Manejo Forestal Sustentable, e Ingenier\u00eda en Manejo de Recursos Naturales, present\u00f3 proyectos para la producci\u00f3n de plantas maderables y programas para el manejo forestal.<\/p>\n\n\n\n<p>Durante la presentaci\u00f3n de sus trabajos, las y los j\u00f3venes universitarios detallaron ante el jurado evaluador conformado por tres integrantes, la viabilidad, montos de inversi\u00f3n, periodos de ejecuci\u00f3n y resultados de la implementaci\u00f3n de sus proyectos en un contexto real.<\/p>\n\n\n\n<p>Finalmente, la rectora de esta casa de estudios Jazmin Jeanneth Sumano Celaya, convoc\u00f3 a la juventud que egresar\u00e1 del nivel medio superior, a consultar la oferta educativa de la Universidad Tecnol\u00f3gica de la Sierra Sur de Oaxaca, en la p\u00e1gina web www.utsso.edu.mx.<br \/>-0-<\/p>\n\n\n\n<figure class=\"wp-block-image size-large\"><img fetchpriority=\"high\" decoding=\"async\" width=\"1024\" height=\"682\" src=\"https:\/\/contextoanalisisperiodistico.com\/wp-content\/uploads\/2023\/04\/img-20230418-wa00358346229101426964292-1024x682.jpg\" alt=\"\" class=\"wp-image-12021\" srcset=\"https:\/\/contextoanalisisperiodistico.com\/wp-content\/uploads\/2023\/04\/img-20230418-wa00358346229101426964292-1024x682.jpg 1024w, https:\/\/contextoanalisisperiodistico.com\/wp-content\/uploads\/2023\/04\/img-20230418-wa00358346229101426964292-300x200.jpg 300w, https:\/\/contextoanalisisperiodistico.com\/wp-content\/uploads\/2023\/04\/img-20230418-wa00358346229101426964292-768x512.jpg 768w, https:\/\/contextoanalisisperiodistico.com\/wp-content\/uploads\/2023\/04\/img-20230418-wa00358346229101426964292-1536x1023.jpg 1536w, https:\/\/contextoanalisisperiodistico.com\/wp-content\/uploads\/2023\/04\/img-20230418-wa00358346229101426964292.jpg 1600w\" sizes=\"(max-width: 1024px) 100vw, 1024px\" \/><\/figure>\n\n\n\n<figure class=\"wp-block-image\"><img decoding=\"async\" width=\"1024\" height=\"682\" src=\"https:\/\/contextoanalisisperiodistico.com\/wp-content\/uploads\/2023\/04\/img-20230418-wa00398569746481293068911-1024x682.jpg\" alt=\"\" class=\"wp-image-12022\" srcset=\"https:\/\/contextoanalisisperiodistico.com\/wp-content\/uploads\/2023\/04\/img-20230418-wa00398569746481293068911-1024x682.jpg 1024w, https:\/\/contextoanalisisperiodistico.com\/wp-content\/uploads\/2023\/04\/img-20230418-wa00398569746481293068911-300x200.jpg 300w, https:\/\/contextoanalisisperiodistico.com\/wp-content\/uploads\/2023\/04\/img-20230418-wa00398569746481293068911-768x512.jpg 768w, https:\/\/contextoanalisisperiodistico.com\/wp-content\/uploads\/2023\/04\/img-20230418-wa00398569746481293068911-1536x1023.jpg 1536w, https:\/\/contextoanalisisperiodistico.com\/wp-content\/uploads\/2023\/04\/img-20230418-wa00398569746481293068911.jpg 1600w\" sizes=\"(max-width: 1024px) 100vw, 1024px\" \/><\/figure>\n\n\n\n<figure class=\"wp-block-image\"><img decoding=\"async\" width=\"1024\" height=\"682\" src=\"https:\/\/contextoanalisisperiodistico.com\/wp-content\/uploads\/2023\/04\/img-20230418-wa00402972192096017018850-1024x682.jpg\" alt=\"\" class=\"wp-image-12023\" srcset=\"https:\/\/contextoanalisisperiodistico.com\/wp-content\/uploads\/2023\/04\/img-20230418-wa00402972192096017018850-1024x682.jpg 1024w, https:\/\/contextoanalisisperiodistico.com\/wp-content\/uploads\/2023\/04\/img-20230418-wa00402972192096017018850-300x200.jpg 300w, https:\/\/contextoanalisisperiodistico.com\/wp-content\/uploads\/2023\/04\/img-20230418-wa00402972192096017018850-768x512.jpg 768w, https:\/\/contextoanalisisperiodistico.com\/wp-content\/uploads\/2023\/04\/img-20230418-wa00402972192096017018850-1536x1023.jpg 1536w, https:\/\/contextoanalisisperiodistico.com\/wp-content\/uploads\/2023\/04\/img-20230418-wa00402972192096017018850.jpg 1600w\" sizes=\"(max-width: 1024px) 100vw, 1024px\" \/><\/figure>\n","protected":false},"excerpt":{"rendered":"<p>\u2022 Presentaron sus trabajos como parte del t\u00e9rmino del cuatrimestre enero \u2013 abril 2023 Sola&#8230;<\/p>\n","protected":false},"author":4,"featured_media":12020,"comment_status":"open","ping_status":"open","sticky":false,"template":"","format":"standard","meta":{"footnotes":""},"categories":[9],"tags":[],"jetpack_sharing_enabled":true,"featured_image_urls":{"full":["https:\/\/contextoanalisisperiodistico.com\/wp-content\/uploads\/2023\/04\/IMG-20230418-WA0038.jpg",1600,1066,false],"thumbnail":["https:\/\/contextoanalisisperiodistico.com\/wp-content\/uploads\/2023\/04\/IMG-20230418-WA0038-150x150.jpg",150,150,true],"medium":["https:\/\/contextoanalisisperiodistico.com\/wp-content\/uploads\/2023\/04\/IMG-20230418-WA0038-300x200.jpg",300,200,true],"medium_large":["https:\/\/contextoanalisisperiodistico.com\/wp-content\/uploads\/2023\/04\/IMG-20230418-WA0038-768x512.jpg",640,427,true],"large":["https:\/\/contextoanalisisperiodistico.com\/wp-content\/uploads\/2023\/04\/IMG-20230418-WA0038-1024x682.jpg",640,426,true],"1536x1536":["https:\/\/contextoanalisisperiodistico.com\/wp-content\/uploads\/2023\/04\/IMG-20230418-WA0038-1536x1023.jpg",1536,1023,true],"2048x2048":["https:\/\/contextoanalisisperiodistico.com\/wp-content\/uploads\/2023\/04\/IMG-20230418-WA0038.jpg",1600,1066,false],"covernews-slider-full":["https:\/\/contextoanalisisperiodistico.com\/wp-content\/uploads\/2023\/04\/IMG-20230418-WA0038-1115x715.jpg",1115,715,true],"covernews-slider-center":["https:\/\/contextoanalisisperiodistico.com\/wp-content\/uploads\/2023\/04\/IMG-20230418-WA0038-800x500.jpg",800,500,true],"covernews-featured":["https:\/\/contextoanalisisperiodistico.com\/wp-content\/uploads\/2023\/04\/IMG-20230418-WA0038-1024x682.jpg",1024,682,true],"covernews-medium":["https:\/\/contextoanalisisperiodistico.com\/wp-content\/uploads\/2023\/04\/IMG-20230418-WA0038-540x340.jpg",540,340,true],"covernews-medium-square":["https:\/\/contextoanalisisperiodistico.com\/wp-content\/uploads\/2023\/04\/IMG-20230418-WA0038-400x250.jpg",400,250,true]},"author_info":{"display_name":"Mario Gir\u00f3n","author_link":"https:\/\/contextoanalisisperiodistico.com\/index.php\/author\/director\/"},"category_info":"<a href=\"https:\/\/contextoanalisisperiodistico.com\/index.php\/category\/politica\/\" rel=\"category tag\">Pol\u00edtica<\/a>","tag_info":"Pol\u00edtica","comment_count":"0","jetpack_featured_media_url":"https:\/\/contextoanalisisperiodistico.com\/wp-content\/uploads\/2023\/04\/IMG-20230418-WA0038.jpg","_links":{"self":[{"href":"https:\/\/contextoanalisisperiodistico.com\/index.php\/wp-json\/wp\/v2\/posts\/12019"}],"collection":[{"href":"https:\/\/contextoanalisisperiodistico.com\/index.php\/wp-json\/wp\/v2\/posts"}],"about":[{"href":"https:\/\/contextoanalisisperiodistico.com\/index.php\/wp-json\/wp\/v2\/types\/post"}],"author":[{"embeddable":true,"href":"https:\/\/contextoanalisisperiodistico.com\/index.php\/wp-json\/wp\/v2\/users\/4"}],"replies":[{"embeddable":true,"href":"https:\/\/contextoanalisisperiodistico.com\/index.php\/wp-json\/wp\/v2\/comments?post=12019"}],"version-history":[{"count":1,"href":"https:\/\/contextoanalisisperiodistico.com\/index.php\/wp-json\/wp\/v2\/posts\/12019\/revisions"}],"predecessor-version":[{"id":12024,"href":"https:\/\/contextoanalisisperiodistico.com\/index.php\/wp-json\/wp\/v2\/posts\/12019\/revisions\/12024"}],"wp:featuredmedia":[{"embeddable":true,"href":"https:\/\/contextoanalisisperiodistico.com\/index.php\/wp-json\/wp\/v2\/media\/12020"}],"wp:attachment":[{"href":"https:\/\/contextoanalisisperiodistico.com\/index.php\/wp-json\/wp\/v2\/media?parent=12019"}],"wp:term":[{"taxonomy":"category","embeddable":true,"href":"https:\/\/contextoanalisisperiodistico.com\/index.php\/wp-json\/wp\/v2\/categories?post=12019"},{"taxonomy":"post_tag","embeddable":true,"href":"https:\/\/contextoanalisisperiodistico.com\/index.php\/wp-json\/wp\/v2\/tags?post=12019"}],"curies":[{"name":"wp","href":"https:\/\/api.w.org\/{rel}","templated":true}]}}