{"id":11946,"date":"2023-04-16T13:11:04","date_gmt":"2023-04-16T19:11:04","guid":{"rendered":"https:\/\/contextoanalisisperiodistico.com\/?p=11946"},"modified":"2023-04-16T13:11:20","modified_gmt":"2023-04-16T19:11:20","slug":"con-tequio-bienestar-embellecen-el-camellon-de-la-carretera-internacional-190","status":"publish","type":"post","link":"https:\/\/contextoanalisisperiodistico.com\/index.php\/2023\/04\/16\/con-tequio-bienestar-embellecen-el-camellon-de-la-carretera-internacional-190\/","title":{"rendered":"Con Tequio Bienestar embellecen el camell\u00f3n de la carretera Internacional 190"},"content":{"rendered":"<div id=\"fb-root\"><\/div>\n\n<ul>\n<li>Se cont\u00f3 con la participaci\u00f3n del personal de diversas dependencias del Gobierno del Estado y del municipio de San Sebasti\u00e1n Tutla<\/li>\n<\/ul>\n\n\n\n<p>San Sebasti\u00e1n Tutla, Oax. 16 de abril de 2023.- Personas servidoras p\u00fablicas de las dependencias de Gobierno del Estado en coordinaci\u00f3n con el H. Ayuntamiento de San Sebasti\u00e1n Tutla realizaron este domingo diversas acciones de limpieza y embellecimiento urbano sobre el camell\u00f3n de la carretera Internacional 190, como parte del Tequio Bienestar que impulsa la Secretar\u00eda de Bienestar, Tequio e Inclusi\u00f3n (Sebienti).<\/p>\n\n\n\n<p>Como ya es costumbre, este fin de semana se realiz\u00f3 el Tequio Bienestar y en esta ocasi\u00f3n sumaron esfuerzos el personal de la Secretar\u00eda de Turismo, de la Coordinaci\u00f3n de Atenci\u00f3n Regional y Delegados por la Paz, de la Coordinaci\u00f3n de Planeaci\u00f3n y Evaluaci\u00f3n para el Desarrollo Social de Oaxaca (Copeval), y el equipo del diputado local Luis Alfonso Silva Romo.<\/p>\n\n\n\n<p>Tambi\u00e9n se cont\u00f3 con el respaldo del presidente municipal de San Sebasti\u00e1n Tutla, Alejandro Fernando Garc\u00eda V\u00e1squez, y del personal del municipio, quienes apoyaron con material para realizar los trabajos y dos veh\u00edculos para la recolecci\u00f3n de los residuos.<\/p>\n\n\n\n<p>Al respecto, Laura Estrada Mauro, titular de la Sebienti, destac\u00f3 la importancia de seguir realizando y fomentando esta actividad en sinergia con las autoridades municipales, a fin de rescatar esta pr\u00e1ctica comunitaria que unifica a los pueblos por un bien para la comunidad.<\/p>\n\n\n\n<p>En tanto, el presidente municipal de San Sebasti\u00e1n Tutla, reconoci\u00f3 al Gobernador Salom\u00f3n Jara Cruz por su compromiso con el estado y rescatar los tequios que son parte de la cultura de los pueblos.<\/p>\n\n\n\n<p>De igual manera, agradeci\u00f3 a la titular de la Sebienti por su disposici\u00f3n para impulsar esta actividad y as\u00ed limpiar un paso importante que comunica a los municipios de San Sebasti\u00e1n Tutla, San Francisco Tutla, San Agust\u00edn Yatareni y Santa Luc\u00eda del Camino.<\/p>\n\n\n\n<p>Las acciones de limpieza y embellecimiento urbano constaron de barrido, limpieza de jardineras, retiro de maleza y escombros, as\u00ed como la recolecci\u00f3n de los desechos org\u00e1nicos e inorg\u00e1nicos.<\/p>\n\n\n\n<figure class=\"wp-block-image size-large\"><img fetchpriority=\"high\" decoding=\"async\" width=\"1024\" height=\"576\" src=\"https:\/\/contextoanalisisperiodistico.com\/wp-content\/uploads\/2023\/04\/img-20230416-wa00314782342828733355262-1024x576.jpg\" alt=\"\" class=\"wp-image-11949\" srcset=\"https:\/\/contextoanalisisperiodistico.com\/wp-content\/uploads\/2023\/04\/img-20230416-wa00314782342828733355262-1024x576.jpg 1024w, https:\/\/contextoanalisisperiodistico.com\/wp-content\/uploads\/2023\/04\/img-20230416-wa00314782342828733355262-300x169.jpg 300w, https:\/\/contextoanalisisperiodistico.com\/wp-content\/uploads\/2023\/04\/img-20230416-wa00314782342828733355262-768x432.jpg 768w, https:\/\/contextoanalisisperiodistico.com\/wp-content\/uploads\/2023\/04\/img-20230416-wa00314782342828733355262-1536x864.jpg 1536w, https:\/\/contextoanalisisperiodistico.com\/wp-content\/uploads\/2023\/04\/img-20230416-wa00314782342828733355262.jpg 1600w\" sizes=\"(max-width: 1024px) 100vw, 1024px\" \/><\/figure>\n\n\n\n<figure class=\"wp-block-image\"><img decoding=\"async\" width=\"1024\" height=\"576\" src=\"https:\/\/contextoanalisisperiodistico.com\/wp-content\/uploads\/2023\/04\/img-20230416-wa00266593249348694144380-1024x576.jpg\" alt=\"\" class=\"wp-image-11951\" srcset=\"https:\/\/contextoanalisisperiodistico.com\/wp-content\/uploads\/2023\/04\/img-20230416-wa00266593249348694144380-1024x576.jpg 1024w, https:\/\/contextoanalisisperiodistico.com\/wp-content\/uploads\/2023\/04\/img-20230416-wa00266593249348694144380-300x169.jpg 300w, https:\/\/contextoanalisisperiodistico.com\/wp-content\/uploads\/2023\/04\/img-20230416-wa00266593249348694144380-768x432.jpg 768w, https:\/\/contextoanalisisperiodistico.com\/wp-content\/uploads\/2023\/04\/img-20230416-wa00266593249348694144380-1536x864.jpg 1536w, https:\/\/contextoanalisisperiodistico.com\/wp-content\/uploads\/2023\/04\/img-20230416-wa00266593249348694144380.jpg 1600w\" sizes=\"(max-width: 1024px) 100vw, 1024px\" \/><\/figure>\n\n\n\n<figure class=\"wp-block-image\"><img decoding=\"async\" width=\"1024\" height=\"576\" src=\"https:\/\/contextoanalisisperiodistico.com\/wp-content\/uploads\/2023\/04\/img-20230416-wa00284591828632177784103-1024x576.jpg\" alt=\"\" class=\"wp-image-11948\" srcset=\"https:\/\/contextoanalisisperiodistico.com\/wp-content\/uploads\/2023\/04\/img-20230416-wa00284591828632177784103-1024x576.jpg 1024w, https:\/\/contextoanalisisperiodistico.com\/wp-content\/uploads\/2023\/04\/img-20230416-wa00284591828632177784103-300x169.jpg 300w, https:\/\/contextoanalisisperiodistico.com\/wp-content\/uploads\/2023\/04\/img-20230416-wa00284591828632177784103-768x432.jpg 768w, https:\/\/contextoanalisisperiodistico.com\/wp-content\/uploads\/2023\/04\/img-20230416-wa00284591828632177784103-1536x864.jpg 1536w, https:\/\/contextoanalisisperiodistico.com\/wp-content\/uploads\/2023\/04\/img-20230416-wa00284591828632177784103.jpg 1600w\" sizes=\"(max-width: 1024px) 100vw, 1024px\" \/><\/figure>\n\n\n\n<figure class=\"wp-block-image\"><img loading=\"lazy\" decoding=\"async\" width=\"1024\" height=\"576\" src=\"https:\/\/contextoanalisisperiodistico.com\/wp-content\/uploads\/2023\/04\/img-20230416-wa00306161228451856246136-1024x576.jpg\" alt=\"\" class=\"wp-image-11950\" srcset=\"https:\/\/contextoanalisisperiodistico.com\/wp-content\/uploads\/2023\/04\/img-20230416-wa00306161228451856246136-1024x576.jpg 1024w, https:\/\/contextoanalisisperiodistico.com\/wp-content\/uploads\/2023\/04\/img-20230416-wa00306161228451856246136-300x169.jpg 300w, https:\/\/contextoanalisisperiodistico.com\/wp-content\/uploads\/2023\/04\/img-20230416-wa00306161228451856246136-768x432.jpg 768w, https:\/\/contextoanalisisperiodistico.com\/wp-content\/uploads\/2023\/04\/img-20230416-wa00306161228451856246136-1536x864.jpg 1536w, https:\/\/contextoanalisisperiodistico.com\/wp-content\/uploads\/2023\/04\/img-20230416-wa00306161228451856246136.jpg 1600w\" sizes=\"(max-width: 1024px) 100vw, 1024px\" \/><\/figure>\n","protected":false},"excerpt":{"rendered":"<p>San Sebasti\u00e1n Tutla, Oax. 16 de abril de 2023.- Personas servidoras p\u00fablicas de las dependencias&#8230;<\/p>\n","protected":false},"author":4,"featured_media":11947,"comment_status":"open","ping_status":"open","sticky":false,"template":"","format":"standard","meta":{"footnotes":""},"categories":[9],"tags":[],"jetpack_sharing_enabled":true,"featured_image_urls":{"full":["https:\/\/contextoanalisisperiodistico.com\/wp-content\/uploads\/2023\/04\/IMG-20230416-WA0024.jpg",1600,901,false],"thumbnail":["https:\/\/contextoanalisisperiodistico.com\/wp-content\/uploads\/2023\/04\/IMG-20230416-WA0024-150x150.jpg",150,150,true],"medium":["https:\/\/contextoanalisisperiodistico.com\/wp-content\/uploads\/2023\/04\/IMG-20230416-WA0024-300x169.jpg",300,169,true],"medium_large":["https:\/\/contextoanalisisperiodistico.com\/wp-content\/uploads\/2023\/04\/IMG-20230416-WA0024-768x432.jpg",640,360,true],"large":["https:\/\/contextoanalisisperiodistico.com\/wp-content\/uploads\/2023\/04\/IMG-20230416-WA0024-1024x577.jpg",640,361,true],"1536x1536":["https:\/\/contextoanalisisperiodistico.com\/wp-content\/uploads\/2023\/04\/IMG-20230416-WA0024-1536x865.jpg",1536,865,true],"2048x2048":["https:\/\/contextoanalisisperiodistico.com\/wp-content\/uploads\/2023\/04\/IMG-20230416-WA0024.jpg",1600,901,false],"covernews-slider-full":["https:\/\/contextoanalisisperiodistico.com\/wp-content\/uploads\/2023\/04\/IMG-20230416-WA0024-1115x715.jpg",1115,715,true],"covernews-slider-center":["https:\/\/contextoanalisisperiodistico.com\/wp-content\/uploads\/2023\/04\/IMG-20230416-WA0024-800x500.jpg",800,500,true],"covernews-featured":["https:\/\/contextoanalisisperiodistico.com\/wp-content\/uploads\/2023\/04\/IMG-20230416-WA0024-1024x577.jpg",1024,577,true],"covernews-medium":["https:\/\/contextoanalisisperiodistico.com\/wp-content\/uploads\/2023\/04\/IMG-20230416-WA0024-540x340.jpg",540,340,true],"covernews-medium-square":["https:\/\/contextoanalisisperiodistico.com\/wp-content\/uploads\/2023\/04\/IMG-20230416-WA0024-400x250.jpg",400,250,true]},"author_info":{"display_name":"Mario Gir\u00f3n","author_link":"https:\/\/contextoanalisisperiodistico.com\/index.php\/author\/director\/"},"category_info":"<a href=\"https:\/\/contextoanalisisperiodistico.com\/index.php\/category\/politica\/\" rel=\"category tag\">Pol\u00edtica<\/a>","tag_info":"Pol\u00edtica","comment_count":"0","jetpack_featured_media_url":"https:\/\/contextoanalisisperiodistico.com\/wp-content\/uploads\/2023\/04\/IMG-20230416-WA0024.jpg","_links":{"self":[{"href":"https:\/\/contextoanalisisperiodistico.com\/index.php\/wp-json\/wp\/v2\/posts\/11946"}],"collection":[{"href":"https:\/\/contextoanalisisperiodistico.com\/index.php\/wp-json\/wp\/v2\/posts"}],"about":[{"href":"https:\/\/contextoanalisisperiodistico.com\/index.php\/wp-json\/wp\/v2\/types\/post"}],"author":[{"embeddable":true,"href":"https:\/\/contextoanalisisperiodistico.com\/index.php\/wp-json\/wp\/v2\/users\/4"}],"replies":[{"embeddable":true,"href":"https:\/\/contextoanalisisperiodistico.com\/index.php\/wp-json\/wp\/v2\/comments?post=11946"}],"version-history":[{"count":1,"href":"https:\/\/contextoanalisisperiodistico.com\/index.php\/wp-json\/wp\/v2\/posts\/11946\/revisions"}],"predecessor-version":[{"id":11952,"href":"https:\/\/contextoanalisisperiodistico.com\/index.php\/wp-json\/wp\/v2\/posts\/11946\/revisions\/11952"}],"wp:featuredmedia":[{"embeddable":true,"href":"https:\/\/contextoanalisisperiodistico.com\/index.php\/wp-json\/wp\/v2\/media\/11947"}],"wp:attachment":[{"href":"https:\/\/contextoanalisisperiodistico.com\/index.php\/wp-json\/wp\/v2\/media?parent=11946"}],"wp:term":[{"taxonomy":"category","embeddable":true,"href":"https:\/\/contextoanalisisperiodistico.com\/index.php\/wp-json\/wp\/v2\/categories?post=11946"},{"taxonomy":"post_tag","embeddable":true,"href":"https:\/\/contextoanalisisperiodistico.com\/index.php\/wp-json\/wp\/v2\/tags?post=11946"}],"curies":[{"name":"wp","href":"https:\/\/api.w.org\/{rel}","templated":true}]}}