{"id":11930,"date":"2023-04-16T10:23:09","date_gmt":"2023-04-16T16:23:09","guid":{"rendered":"https:\/\/contextoanalisisperiodistico.com\/index.php\/2023\/04\/16\/la-revolucion-de-las-concienciascultivan-con-trabajo-comunitariocolonos-y-noe-jara\/"},"modified":"2023-04-16T10:23:09","modified_gmt":"2023-04-16T16:23:09","slug":"la-revolucion-de-las-concienciascultivan-con-trabajo-comunitariocolonos-y-noe-jara","status":"publish","type":"post","link":"https:\/\/contextoanalisisperiodistico.com\/index.php\/2023\/04\/16\/la-revolucion-de-las-concienciascultivan-con-trabajo-comunitariocolonos-y-noe-jara\/","title":{"rendered":"La revoluci\u00f3n de las conciencias<br>cultivan con trabajo comunitario<br>colonos y No\u00e9 Jara"},"content":{"rendered":"<div id=\"fb-root\"><\/div>\n\n<p>El Referente de la 4T, No\u00e9 Jara, en combinaci\u00f3n de trabajo con vecinas y vecinos de Oaxaca de Juarez mantiene activo el ejercicio de la revoluci\u00f3n de las conciencias, tema del que el presidente Andr\u00e9s Manuel L\u00f3pez Obrador habla, promueve y ofrece al mundo como vanguardia y ejemplo.<\/p>\n\n\n\n<p>En los hechos podemos observar un fen\u00f3meno interesante. Capitalinos demuestran evoluci\u00f3n pol\u00edtica y social.<\/p>\n\n\n\n<p>Ahora transitan por un proceso de cambio de mentalidad lo cual les permite involucrarse en la soluci\u00f3n de problemas que les impide existir de manera decorosa, en armon\u00eda social y en comunicaci\u00f3n constante con liderazgos.<\/p>\n\n\n\n<p>Al respecto, el Referente de la 4T No\u00e9 Jara, escribe:<\/p>\n\n\n\n<p>\u00abNi en domingo descansamos\u00bb.<\/p>\n\n\n\n<p>\u00abAs\u00ed comenzamos nuestra ma\u00f1ana, trabajando hombro a hombro con vecinas y vecinos de la colonia Adolfo L\u00f3pez Mateos, de Santa Rosa Panzacola, haciendo equipo para pintar las guarniciones y dejar m\u00e1s chulas las calles\u00bb.<\/p>\n\n\n\n<p>\u00ab\u00a1\u00c1nimo, seguimos chambeando!\u00bb<\/p>\n\n\n\n<figure class=\"wp-block-image size-large\"><img fetchpriority=\"high\" decoding=\"async\" width=\"720\" height=\"403\" src=\"https:\/\/contextoanalisisperiodistico.com\/wp-content\/uploads\/2023\/04\/fb_img_16816600993387792470302734638033.jpg\" alt=\"\" class=\"wp-image-11922\" srcset=\"https:\/\/contextoanalisisperiodistico.com\/wp-content\/uploads\/2023\/04\/fb_img_16816600993387792470302734638033.jpg 720w, https:\/\/contextoanalisisperiodistico.com\/wp-content\/uploads\/2023\/04\/fb_img_16816600993387792470302734638033-300x168.jpg 300w\" sizes=\"(max-width: 720px) 100vw, 720px\" \/><\/figure>\n\n\n\n<figure class=\"wp-block-image\"><img decoding=\"async\" width=\"300\" height=\"168\" src=\"https:\/\/contextoanalisisperiodistico.com\/wp-content\/uploads\/2023\/04\/fb_img_16816601219468976033175869575791-300x168.jpg\" alt=\"\" class=\"wp-image-11921\" srcset=\"https:\/\/contextoanalisisperiodistico.com\/wp-content\/uploads\/2023\/04\/fb_img_16816601219468976033175869575791-300x168.jpg 300w, https:\/\/contextoanalisisperiodistico.com\/wp-content\/uploads\/2023\/04\/fb_img_16816601219468976033175869575791.jpg 720w\" sizes=\"(max-width: 300px) 100vw, 300px\" \/><\/figure>\n\n\n\n<figure class=\"wp-block-image\"><img decoding=\"async\" width=\"300\" height=\"168\" src=\"https:\/\/contextoanalisisperiodistico.com\/wp-content\/uploads\/2023\/04\/fb_img_16816601170973027660857008396584-300x168.jpg\" alt=\"\" class=\"wp-image-11923\" srcset=\"https:\/\/contextoanalisisperiodistico.com\/wp-content\/uploads\/2023\/04\/fb_img_16816601170973027660857008396584-300x168.jpg 300w, https:\/\/contextoanalisisperiodistico.com\/wp-content\/uploads\/2023\/04\/fb_img_16816601170973027660857008396584.jpg 720w\" sizes=\"(max-width: 300px) 100vw, 300px\" \/><\/figure>\n\n\n\n<figure class=\"wp-block-image\"><img loading=\"lazy\" decoding=\"async\" width=\"300\" height=\"168\" src=\"https:\/\/contextoanalisisperiodistico.com\/wp-content\/uploads\/2023\/04\/fb_img_16816600892291701824331738721558-300x168.jpg\" alt=\"\" class=\"wp-image-11924\" srcset=\"https:\/\/contextoanalisisperiodistico.com\/wp-content\/uploads\/2023\/04\/fb_img_16816600892291701824331738721558-300x168.jpg 300w, https:\/\/contextoanalisisperiodistico.com\/wp-content\/uploads\/2023\/04\/fb_img_16816600892291701824331738721558.jpg 720w\" sizes=\"(max-width: 300px) 100vw, 300px\" \/><\/figure>\n\n\n\n<figure class=\"wp-block-image\"><img loading=\"lazy\" decoding=\"async\" width=\"300\" height=\"168\" src=\"https:\/\/contextoanalisisperiodistico.com\/wp-content\/uploads\/2023\/04\/fb_img_16816601035353579449829960650733-300x168.jpg\" alt=\"\" class=\"wp-image-11925\" srcset=\"https:\/\/contextoanalisisperiodistico.com\/wp-content\/uploads\/2023\/04\/fb_img_16816601035353579449829960650733-300x168.jpg 300w, https:\/\/contextoanalisisperiodistico.com\/wp-content\/uploads\/2023\/04\/fb_img_16816601035353579449829960650733.jpg 720w\" sizes=\"(max-width: 300px) 100vw, 300px\" \/><\/figure>\n\n\n\n<figure class=\"wp-block-image\"><img loading=\"lazy\" decoding=\"async\" width=\"225\" height=\"300\" src=\"https:\/\/contextoanalisisperiodistico.com\/wp-content\/uploads\/2023\/04\/fb_img_16816601085031048221088004817281-225x300.jpg\" alt=\"\" class=\"wp-image-11929\" srcset=\"https:\/\/contextoanalisisperiodistico.com\/wp-content\/uploads\/2023\/04\/fb_img_16816601085031048221088004817281-225x300.jpg 225w, https:\/\/contextoanalisisperiodistico.com\/wp-content\/uploads\/2023\/04\/fb_img_16816601085031048221088004817281.jpg 720w\" sizes=\"(max-width: 225px) 100vw, 225px\" \/><\/figure>\n\n\n\n<figure class=\"wp-block-image\"><img loading=\"lazy\" decoding=\"async\" width=\"300\" height=\"168\" src=\"https:\/\/contextoanalisisperiodistico.com\/wp-content\/uploads\/2023\/04\/fb_img_16816601126486059260121468573756-300x168.jpg\" alt=\"\" class=\"wp-image-11926\" srcset=\"https:\/\/contextoanalisisperiodistico.com\/wp-content\/uploads\/2023\/04\/fb_img_16816601126486059260121468573756-300x168.jpg 300w, https:\/\/contextoanalisisperiodistico.com\/wp-content\/uploads\/2023\/04\/fb_img_16816601126486059260121468573756.jpg 720w\" sizes=\"(max-width: 300px) 100vw, 300px\" \/><\/figure>\n\n\n\n<figure class=\"wp-block-image\"><img loading=\"lazy\" decoding=\"async\" width=\"300\" height=\"168\" src=\"https:\/\/contextoanalisisperiodistico.com\/wp-content\/uploads\/2023\/04\/fb_img_16816600943262882330260044794280-300x168.jpg\" alt=\"\" class=\"wp-image-11927\" srcset=\"https:\/\/contextoanalisisperiodistico.com\/wp-content\/uploads\/2023\/04\/fb_img_16816600943262882330260044794280-300x168.jpg 300w, https:\/\/contextoanalisisperiodistico.com\/wp-content\/uploads\/2023\/04\/fb_img_16816600943262882330260044794280.jpg 720w\" sizes=\"(max-width: 300px) 100vw, 300px\" \/><\/figure>\n\n\n\n<figure class=\"wp-block-image\"><img loading=\"lazy\" decoding=\"async\" width=\"300\" height=\"168\" src=\"https:\/\/contextoanalisisperiodistico.com\/wp-content\/uploads\/2023\/04\/fb_img_16816600691662663420551908778547-300x168.jpg\" alt=\"\" class=\"wp-image-11928\" srcset=\"https:\/\/contextoanalisisperiodistico.com\/wp-content\/uploads\/2023\/04\/fb_img_16816600691662663420551908778547-300x168.jpg 300w, https:\/\/contextoanalisisperiodistico.com\/wp-content\/uploads\/2023\/04\/fb_img_16816600691662663420551908778547.jpg 720w\" sizes=\"(max-width: 300px) 100vw, 300px\" \/><\/figure>\n","protected":false},"excerpt":{"rendered":"<p>El Referente de la 4T, No\u00e9 Jara, en combinaci\u00f3n de trabajo con vecinas y vecinos&#8230;<\/p>\n","protected":false},"author":4,"featured_media":11920,"comment_status":"open","ping_status":"open","sticky":false,"template":"","format":"standard","meta":{"footnotes":""},"categories":[3],"tags":[105,14,104,22,37,45],"jetpack_sharing_enabled":true,"featured_image_urls":{"full":["https:\/\/contextoanalisisperiodistico.com\/wp-content\/uploads\/2023\/04\/FB_IMG_1681660084748.jpg",720,403,false],"thumbnail":["https:\/\/contextoanalisisperiodistico.com\/wp-content\/uploads\/2023\/04\/FB_IMG_1681660084748-150x150.jpg",150,150,true],"medium":["https:\/\/contextoanalisisperiodistico.com\/wp-content\/uploads\/2023\/04\/FB_IMG_1681660084748-300x168.jpg",300,168,true],"medium_large":["https:\/\/contextoanalisisperiodistico.com\/wp-content\/uploads\/2023\/04\/FB_IMG_1681660084748.jpg",640,358,false],"large":["https:\/\/contextoanalisisperiodistico.com\/wp-content\/uploads\/2023\/04\/FB_IMG_1681660084748.jpg",640,358,false],"1536x1536":["https:\/\/contextoanalisisperiodistico.com\/wp-content\/uploads\/2023\/04\/FB_IMG_1681660084748.jpg",720,403,false],"2048x2048":["https:\/\/contextoanalisisperiodistico.com\/wp-content\/uploads\/2023\/04\/FB_IMG_1681660084748.jpg",720,403,false],"covernews-slider-full":["https:\/\/contextoanalisisperiodistico.com\/wp-content\/uploads\/2023\/04\/FB_IMG_1681660084748.jpg",720,403,false],"covernews-slider-center":["https:\/\/contextoanalisisperiodistico.com\/wp-content\/uploads\/2023\/04\/FB_IMG_1681660084748.jpg",720,403,false],"covernews-featured":["https:\/\/contextoanalisisperiodistico.com\/wp-content\/uploads\/2023\/04\/FB_IMG_1681660084748.jpg",720,403,false],"covernews-medium":["https:\/\/contextoanalisisperiodistico.com\/wp-content\/uploads\/2023\/04\/FB_IMG_1681660084748-540x340.jpg",540,340,true],"covernews-medium-square":["https:\/\/contextoanalisisperiodistico.com\/wp-content\/uploads\/2023\/04\/FB_IMG_1681660084748-400x250.jpg",400,250,true]},"author_info":{"display_name":"Mario Gir\u00f3n","author_link":"https:\/\/contextoanalisisperiodistico.com\/index.php\/author\/director\/"},"category_info":"<a href=\"https:\/\/contextoanalisisperiodistico.com\/index.php\/category\/ciudad\/\" rel=\"category tag\">Ciudad<\/a>","tag_info":"Ciudad","comment_count":"0","jetpack_featured_media_url":"https:\/\/contextoanalisisperiodistico.com\/wp-content\/uploads\/2023\/04\/FB_IMG_1681660084748.jpg","_links":{"self":[{"href":"https:\/\/contextoanalisisperiodistico.com\/index.php\/wp-json\/wp\/v2\/posts\/11930"}],"collection":[{"href":"https:\/\/contextoanalisisperiodistico.com\/index.php\/wp-json\/wp\/v2\/posts"}],"about":[{"href":"https:\/\/contextoanalisisperiodistico.com\/index.php\/wp-json\/wp\/v2\/types\/post"}],"author":[{"embeddable":true,"href":"https:\/\/contextoanalisisperiodistico.com\/index.php\/wp-json\/wp\/v2\/users\/4"}],"replies":[{"embeddable":true,"href":"https:\/\/contextoanalisisperiodistico.com\/index.php\/wp-json\/wp\/v2\/comments?post=11930"}],"version-history":[{"count":0,"href":"https:\/\/contextoanalisisperiodistico.com\/index.php\/wp-json\/wp\/v2\/posts\/11930\/revisions"}],"wp:featuredmedia":[{"embeddable":true,"href":"https:\/\/contextoanalisisperiodistico.com\/index.php\/wp-json\/wp\/v2\/media\/11920"}],"wp:attachment":[{"href":"https:\/\/contextoanalisisperiodistico.com\/index.php\/wp-json\/wp\/v2\/media?parent=11930"}],"wp:term":[{"taxonomy":"category","embeddable":true,"href":"https:\/\/contextoanalisisperiodistico.com\/index.php\/wp-json\/wp\/v2\/categories?post=11930"},{"taxonomy":"post_tag","embeddable":true,"href":"https:\/\/contextoanalisisperiodistico.com\/index.php\/wp-json\/wp\/v2\/tags?post=11930"}],"curies":[{"name":"wp","href":"https:\/\/api.w.org\/{rel}","templated":true}]}}