{"id":1189,"date":"2022-03-08T14:27:56","date_gmt":"2022-03-08T20:27:56","guid":{"rendered":"http:\/\/contextoanalisisperiodistico.com.mx\/2022\/03\/08\/se-reagenda-mesa-de-dialogo-con-comision-de-comerciantes\/"},"modified":"2022-03-08T14:27:56","modified_gmt":"2022-03-08T20:27:56","slug":"se-reagenda-mesa-de-dialogo-con-comision-de-comerciantes","status":"publish","type":"post","link":"https:\/\/contextoanalisisperiodistico.com\/index.php\/2022\/03\/08\/se-reagenda-mesa-de-dialogo-con-comision-de-comerciantes\/","title":{"rendered":"Se reagenda mesa de di\u00e1logo con Comisi\u00f3n de Comerciantes"},"content":{"rendered":"<div id=\"fb-root\"><\/div>\n\n<figure class=\"wp-block-image\"><img decoding=\"async\" src=\"https:\/\/contextoinformacionyanalisisperiodistico.files.wordpress.com\/2022\/03\/img-20220308-wa0025.jpg\" alt=\"\" class=\"wp-image-1187\" \/><\/figure>\n\n\n\n<p><\/p>\n\n\n\n<p>El gobierno municipal de Oaxaca de Ju\u00e1rez refrenda su compromiso para atender, de forma democr\u00e1tica y conforme a derecho, la situaci\u00f3n del comercio en v\u00eda p\u00fablica, respetando el derecho de la comunidad oaxaque\u00f1a a disfrutar libremente y con gusto, de la hermosa ciudad de Oaxaca de Ju\u00e1rez, considerando que es de todos.<\/p>\n\n\n\n<p>Asimismo, reconoce la labor de aquellos comerciantes que, d\u00eda a d\u00eda, tienen que llevar un sustento a su casa; pero que han entendido que el espacio p\u00fablico no se puede vender y que deben observar la legalidad en el desempe\u00f1o de sus actividades.<\/p>\n\n\n\n<p>En este sentido, debemos informar a la ciudadan\u00eda, que la manifestaci\u00f3n realizada el d\u00eda hoy, es encabezada por personas como la se\u00f1ora Carmela Luj\u00e1n, que se han asumido como l\u00edderes de grupos de comerciantes que pretenden regresar a vender en los espacios en los que se encontraban y que, producto del proceso de revisi\u00f3n, se detect\u00f3 inconsistencias, hasta jur\u00eddica, en los mismos, lo cual implica profundizar la revisi\u00f3n misma para deslindar las responsabilidades y ejercer la acci\u00f3n que la propia justicia indique.<\/p>\n\n\n\n<p>Reiteramos que a nadie se le puede negar el derecho al trabajo digno, pues es constitucional; pero tampoco podemos permitir que se lucre con un bien p\u00fablico como lo son las calles y banquetas de nuestra ciudad, tal y como lo han hecho los autodenominados l\u00edderes de comerciantes en la v\u00eda p\u00fablica.<\/p>\n\n\n\n<p>La autoridad municipal seguir\u00e1 trabajando para el rescate de nuestra ciudad, observando, en todo momento, la normatividad.<\/p>\n\n\n\n<p>La sociedad quiere una ciudad bella en donde se pueda disfrutar el z\u00f3calo en compa\u00f1\u00eda de la familia.<\/p>\n\n\n\n<p><br> Se reagenda mesa de di\u00e1logo con Comisi\u00f3n de Comerciantes <\/p>\n\n\n\n<figure class=\"wp-block-image size-large\"><img decoding=\"async\" src=\"https:\/\/contextoinformacionyanalisisperiodistico.files.wordpress.com\/2022\/03\/img-20220308-wa0023-1.jpg?w=1024\" alt=\"\" class=\"wp-image-1192\" \/><\/figure>\n\n\n\n<figure class=\"wp-block-image\"><img decoding=\"async\" src=\"https:\/\/contextoinformacionyanalisisperiodistico.files.wordpress.com\/2022\/03\/img-20220308-wa0024-1.jpg\" alt=\"\" class=\"wp-image-1191\" \/><\/figure>\n\n\n\n<p>Hace unos minutos concluy\u00f3 la mesa de di\u00e1logo con la comisi\u00f3n de comerciantes en v\u00eda p\u00fablica, llegando a los siguientes consensos:<\/p>\n\n\n\n<p>Terminan la manifestaci\u00f3n que ten\u00edan frente a palacio de gobierno municipal, regresando el pr\u00f3ximo d\u00eda jueves, 10 de marzo, para seguir dialogando.<\/p>\n\n\n\n<p>En tanto esto sucede, la Secretar\u00eda de Gobierno analiza el pliego de peticiones que presentaron, comprometi\u00e9ndose, mientras tanto, a no mover los puestos que tienen instalados hasta que se reanude la mesa.<\/p>\n\n\n\n<figure class=\"wp-block-image\"><img decoding=\"async\" src=\"https:\/\/contextoinformacionyanalisisperiodistico.files.wordpress.com\/2022\/03\/img-20220308-wa0024.jpg\" alt=\"\" class=\"wp-image-1188\" \/><\/figure>\n","protected":false},"excerpt":{"rendered":"<p>El gobierno municipal de Oaxaca de Ju\u00e1rez refrenda su compromiso para atender, de forma democr\u00e1tica&#8230;<\/p>\n","protected":false},"author":2,"featured_media":1185,"comment_status":"open","ping_status":"open","sticky":false,"template":"","format":"standard","meta":{"footnotes":""},"categories":[3,7],"tags":[],"jetpack_sharing_enabled":true,"featured_image_urls":{"full":"","thumbnail":"","medium":"","medium_large":"","large":"","1536x1536":"","2048x2048":"","covernews-slider-full":"","covernews-slider-center":"","covernews-featured":"","covernews-medium":"","covernews-medium-square":""},"author_info":{"display_name":"Miguel","author_link":"https:\/\/contextoanalisisperiodistico.com\/index.php\/author\/editor\/"},"category_info":"<a href=\"https:\/\/contextoanalisisperiodistico.com\/index.php\/category\/ciudad\/\" rel=\"category tag\">Ciudad<\/a> <a href=\"https:\/\/contextoanalisisperiodistico.com\/index.php\/category\/municipios\/\" rel=\"category tag\">Municipios<\/a>","tag_info":"Municipios","comment_count":"0","jetpack_featured_media_url":"","_links":{"self":[{"href":"https:\/\/contextoanalisisperiodistico.com\/index.php\/wp-json\/wp\/v2\/posts\/1189"}],"collection":[{"href":"https:\/\/contextoanalisisperiodistico.com\/index.php\/wp-json\/wp\/v2\/posts"}],"about":[{"href":"https:\/\/contextoanalisisperiodistico.com\/index.php\/wp-json\/wp\/v2\/types\/post"}],"author":[{"embeddable":true,"href":"https:\/\/contextoanalisisperiodistico.com\/index.php\/wp-json\/wp\/v2\/users\/2"}],"replies":[{"embeddable":true,"href":"https:\/\/contextoanalisisperiodistico.com\/index.php\/wp-json\/wp\/v2\/comments?post=1189"}],"version-history":[{"count":0,"href":"https:\/\/contextoanalisisperiodistico.com\/index.php\/wp-json\/wp\/v2\/posts\/1189\/revisions"}],"wp:featuredmedia":[{"embeddable":true,"href":"https:\/\/contextoanalisisperiodistico.com\/index.php\/wp-json\/"}],"wp:attachment":[{"href":"https:\/\/contextoanalisisperiodistico.com\/index.php\/wp-json\/wp\/v2\/media?parent=1189"}],"wp:term":[{"taxonomy":"category","embeddable":true,"href":"https:\/\/contextoanalisisperiodistico.com\/index.php\/wp-json\/wp\/v2\/categories?post=1189"},{"taxonomy":"post_tag","embeddable":true,"href":"https:\/\/contextoanalisisperiodistico.com\/index.php\/wp-json\/wp\/v2\/tags?post=1189"}],"curies":[{"name":"wp","href":"https:\/\/api.w.org\/{rel}","templated":true}]}}