{"id":11888,"date":"2023-04-15T15:30:36","date_gmt":"2023-04-15T21:30:36","guid":{"rendered":"https:\/\/contextoanalisisperiodistico.com\/?p=11888"},"modified":"2023-04-15T15:30:43","modified_gmt":"2023-04-15T21:30:43","slug":"se-hermanan-oaxaca-de-juarez-y-tetecala-morelos","status":"publish","type":"post","link":"https:\/\/contextoanalisisperiodistico.com\/index.php\/2023\/04\/15\/se-hermanan-oaxaca-de-juarez-y-tetecala-morelos\/","title":{"rendered":"Se hermanan Oaxaca de Ju\u00e1rez y Tetecala, Morelos"},"content":{"rendered":"<div id=\"fb-root\"><\/div>\n\n<p>\u2022 El hermanamiento entre Oaxaca de Ju\u00e1rez y Tetecala, Morelos significa una gran oportunidad para fomentar el intercambio cultural, tur\u00edstico y econ\u00f3mico entre estas comunidades.<\/p>\n\n\n\n<p>Oaxaca de Ju\u00e1rez, Oax., a 15 de abril de 2023.- El presidente municipal de Oaxaca de Ju\u00e1rez, Francisco Mart\u00ednez Neri, y la presidenta municipal de Tetecala, Morelos, Rosbelia Ben\u00edtez Bello, firmaron &nbsp;un convenio de hermanamiento con el objetivo de fortalecer los lazos fraternales y fomentar el desarrollo en \u00e1reas como el arte, la cultura, la gastronom\u00eda, el turismo y las relaciones econ\u00f3micas.<\/p>\n\n\n\n<p>En su intervenci\u00f3n, el edil capitalino expres\u00f3: \u201cesperamos que esta alianza sea fruct\u00edfera y permita un mayor acercamiento y cooperaci\u00f3n entre los habitantes de ambos municipios\u201d.<\/p>\n\n\n\n<p>La pr\u00e1ctica social de \u00abLa Guelaguetza\u00bb en Oaxaca, donde las personas acuden con su ayuda y apoyo a otras en situaciones dif\u00edciles y tambi\u00e9n en momentos de alegr\u00eda, fue destacada por el primer concejal como una muestra del compromiso y la generosidad de la gente de Oaxaca, y se espera que sea acogida con entusiasmo por los habitantes de Tetecala.<\/p>\n\n\n\n<p>Por su parte, la presidenta municipal, Rosbelia Ben\u00edtez Bello, celebr\u00f3 la firma del hermanamiento y destac\u00f3 que la uni\u00f3n que hoy los hermana es el respeto, el cari\u00f1o y el agradecimiento a un gran hombre en la historia de M\u00e9xico, como lo fue el licenciado, Benito Ju\u00e1rez Garc\u00eda.<\/p>\n\n\n\n<p>El municipio de Tetecala es conocido como Tetecala de La Reforma por la visita de Ju\u00e1rez, en el tiempo en que se establecieron las leyes de Reforma. La presidenta municipal manifest\u00f3 su reconocimiento al presidente municipal de Oaxaca de Ju\u00e1rez por el inter\u00e9s en firmar el convenio de hermanamiento que ser\u00e1 beneficioso para ambas comunidades. Se destac\u00f3 que Tetecala es un hermoso municipio con historia, identidad, tradiciones y cultura que est\u00e1 abierto a recibir a todos los visitantes.<\/p>\n\n\n\n<p>La firma del convenio permitir\u00e1 alianza y un mayor acercamiento entre los habitantes de ambos municipios, fortaleciendo as\u00ed los lazos fraternales y promoviendo un desarrollo sostenible.<\/p>\n\n\n\n<figure class=\"wp-block-image size-large\"><img fetchpriority=\"high\" decoding=\"async\" width=\"1024\" height=\"649\" src=\"https:\/\/contextoanalisisperiodistico.com\/wp-content\/uploads\/2023\/04\/9db8d8c5-c53a-4591-95af-e15e96f45c3a7878461952963316469-1024x649.jpeg\" alt=\"\" class=\"wp-image-11890\" srcset=\"https:\/\/contextoanalisisperiodistico.com\/wp-content\/uploads\/2023\/04\/9db8d8c5-c53a-4591-95af-e15e96f45c3a7878461952963316469-1024x649.jpeg 1024w, https:\/\/contextoanalisisperiodistico.com\/wp-content\/uploads\/2023\/04\/9db8d8c5-c53a-4591-95af-e15e96f45c3a7878461952963316469-300x190.jpeg 300w, https:\/\/contextoanalisisperiodistico.com\/wp-content\/uploads\/2023\/04\/9db8d8c5-c53a-4591-95af-e15e96f45c3a7878461952963316469-768x487.jpeg 768w, https:\/\/contextoanalisisperiodistico.com\/wp-content\/uploads\/2023\/04\/9db8d8c5-c53a-4591-95af-e15e96f45c3a7878461952963316469-1536x973.jpeg 1536w, https:\/\/contextoanalisisperiodistico.com\/wp-content\/uploads\/2023\/04\/9db8d8c5-c53a-4591-95af-e15e96f45c3a7878461952963316469.jpeg 1600w\" sizes=\"(max-width: 1024px) 100vw, 1024px\" \/><\/figure>\n","protected":false},"excerpt":{"rendered":"<p>\u2022 El hermanamiento entre Oaxaca de Ju\u00e1rez y Tetecala, Morelos significa una gran oportunidad para&#8230;<\/p>\n","protected":false},"author":4,"featured_media":11889,"comment_status":"open","ping_status":"open","sticky":false,"template":"","format":"standard","meta":{"footnotes":""},"categories":[3],"tags":[],"jetpack_sharing_enabled":true,"featured_image_urls":{"full":["https:\/\/contextoanalisisperiodistico.com\/wp-content\/uploads\/2023\/04\/93C6E9E8-8918-47FD-B753-DDCD8B83D7FB.jpeg",1600,1032,false],"thumbnail":["https:\/\/contextoanalisisperiodistico.com\/wp-content\/uploads\/2023\/04\/93C6E9E8-8918-47FD-B753-DDCD8B83D7FB-150x150.jpeg",150,150,true],"medium":["https:\/\/contextoanalisisperiodistico.com\/wp-content\/uploads\/2023\/04\/93C6E9E8-8918-47FD-B753-DDCD8B83D7FB-300x194.jpeg",300,194,true],"medium_large":["https:\/\/contextoanalisisperiodistico.com\/wp-content\/uploads\/2023\/04\/93C6E9E8-8918-47FD-B753-DDCD8B83D7FB-768x495.jpeg",640,413,true],"large":["https:\/\/contextoanalisisperiodistico.com\/wp-content\/uploads\/2023\/04\/93C6E9E8-8918-47FD-B753-DDCD8B83D7FB-1024x660.jpeg",640,413,true],"1536x1536":["https:\/\/contextoanalisisperiodistico.com\/wp-content\/uploads\/2023\/04\/93C6E9E8-8918-47FD-B753-DDCD8B83D7FB-1536x991.jpeg",1536,991,true],"2048x2048":["https:\/\/contextoanalisisperiodistico.com\/wp-content\/uploads\/2023\/04\/93C6E9E8-8918-47FD-B753-DDCD8B83D7FB.jpeg",1600,1032,false],"covernews-slider-full":["https:\/\/contextoanalisisperiodistico.com\/wp-content\/uploads\/2023\/04\/93C6E9E8-8918-47FD-B753-DDCD8B83D7FB-1115x715.jpeg",1115,715,true],"covernews-slider-center":["https:\/\/contextoanalisisperiodistico.com\/wp-content\/uploads\/2023\/04\/93C6E9E8-8918-47FD-B753-DDCD8B83D7FB-800x500.jpeg",800,500,true],"covernews-featured":["https:\/\/contextoanalisisperiodistico.com\/wp-content\/uploads\/2023\/04\/93C6E9E8-8918-47FD-B753-DDCD8B83D7FB-1024x660.jpeg",1024,660,true],"covernews-medium":["https:\/\/contextoanalisisperiodistico.com\/wp-content\/uploads\/2023\/04\/93C6E9E8-8918-47FD-B753-DDCD8B83D7FB-540x340.jpeg",540,340,true],"covernews-medium-square":["https:\/\/contextoanalisisperiodistico.com\/wp-content\/uploads\/2023\/04\/93C6E9E8-8918-47FD-B753-DDCD8B83D7FB-400x250.jpeg",400,250,true]},"author_info":{"display_name":"Mario Gir\u00f3n","author_link":"https:\/\/contextoanalisisperiodistico.com\/index.php\/author\/director\/"},"category_info":"<a href=\"https:\/\/contextoanalisisperiodistico.com\/index.php\/category\/ciudad\/\" rel=\"category tag\">Ciudad<\/a>","tag_info":"Ciudad","comment_count":"0","jetpack_featured_media_url":"https:\/\/contextoanalisisperiodistico.com\/wp-content\/uploads\/2023\/04\/93C6E9E8-8918-47FD-B753-DDCD8B83D7FB.jpeg","_links":{"self":[{"href":"https:\/\/contextoanalisisperiodistico.com\/index.php\/wp-json\/wp\/v2\/posts\/11888"}],"collection":[{"href":"https:\/\/contextoanalisisperiodistico.com\/index.php\/wp-json\/wp\/v2\/posts"}],"about":[{"href":"https:\/\/contextoanalisisperiodistico.com\/index.php\/wp-json\/wp\/v2\/types\/post"}],"author":[{"embeddable":true,"href":"https:\/\/contextoanalisisperiodistico.com\/index.php\/wp-json\/wp\/v2\/users\/4"}],"replies":[{"embeddable":true,"href":"https:\/\/contextoanalisisperiodistico.com\/index.php\/wp-json\/wp\/v2\/comments?post=11888"}],"version-history":[{"count":1,"href":"https:\/\/contextoanalisisperiodistico.com\/index.php\/wp-json\/wp\/v2\/posts\/11888\/revisions"}],"predecessor-version":[{"id":11891,"href":"https:\/\/contextoanalisisperiodistico.com\/index.php\/wp-json\/wp\/v2\/posts\/11888\/revisions\/11891"}],"wp:featuredmedia":[{"embeddable":true,"href":"https:\/\/contextoanalisisperiodistico.com\/index.php\/wp-json\/wp\/v2\/media\/11889"}],"wp:attachment":[{"href":"https:\/\/contextoanalisisperiodistico.com\/index.php\/wp-json\/wp\/v2\/media?parent=11888"}],"wp:term":[{"taxonomy":"category","embeddable":true,"href":"https:\/\/contextoanalisisperiodistico.com\/index.php\/wp-json\/wp\/v2\/categories?post=11888"},{"taxonomy":"post_tag","embeddable":true,"href":"https:\/\/contextoanalisisperiodistico.com\/index.php\/wp-json\/wp\/v2\/tags?post=11888"}],"curies":[{"name":"wp","href":"https:\/\/api.w.org\/{rel}","templated":true}]}}