{"id":11882,"date":"2023-04-15T15:21:53","date_gmt":"2023-04-15T21:21:53","guid":{"rendered":"https:\/\/contextoanalisisperiodistico.com\/?p=11882"},"modified":"2023-04-15T15:22:01","modified_gmt":"2023-04-15T21:22:01","slug":"municipio-capitalino-inaugura-obras-en-san-martin-mexicapam","status":"publish","type":"post","link":"https:\/\/contextoanalisisperiodistico.com\/index.php\/2023\/04\/15\/municipio-capitalino-inaugura-obras-en-san-martin-mexicapam\/","title":{"rendered":"Municipio capitalino inaugura obras en San Mart\u00edn Mexicapam"},"content":{"rendered":"<div id=\"fb-root\"><\/div>\n\n<ul>\n<li>Con gran entusiasmo recibieron al edil capitalino<\/li>\n<\/ul>\n\n\n\n<p>*Benefician a m\u00e1s de 300 habitantes en San Mart\u00edn Mexicapam<\/p>\n\n\n\n<p>Oaxaca de Ju\u00e1rez, Oax., a 15 de abril de 2023.- A fin de seguir dotando de mejores vialidades y lugares de calidad la ciudad, el presidente municipal de Oaxaca de Ju\u00e1rez, Francisco Mart\u00ednez Neri, inaugur\u00f3 diferentes obras el d\u00eda de hoy en la agencia municipal de San Mart\u00edn Mexicapam.<\/p>\n\n\n\n<p>Acompa\u00f1ado por la secretaria de Obras P\u00fablicas y Desarrollo Urbano, Denisse Arandia Valencia, y la agenta municipal, Azucena Hern\u00e1ndez V\u00e1squez, as\u00ed como de regidoras, regidores y funcionariado municipal, el edil capitalino destac\u00f3 que estas obras son de gran importancia, ya que permiten a los habitantes de San Mart\u00edn Mexicapam disfrutar de lugares de calidad y se recuperan espacios que hab\u00edan sido abandonados durante a\u00f1os.<\/p>\n\n\n\n<p>Entre las obras inauguradas se encuentra la construcci\u00f3n de un muro de contenci\u00f3n en la colonia Ejidal, calle Macedonio Alcal\u00e1, con un monto de inversi\u00f3n de 444 mil 774 pesos con 64 centavos.<\/p>\n\n\n\n<p>Asimismo, se llev\u00f3 a cabo la pavimentaci\u00f3n con concreto hidr\u00e1ulico en la colonia Ejidal, calle Macedonio Alcal\u00e1, con un monto de inversi\u00f3n de 1 mill\u00f3n 44 mil 616 pesos con 49 centavos, y en la colonia Azucenas, prolongaci\u00f3n de Azucenas, con un monto de inversi\u00f3n de 547 mil 712 pesos con 12 centavos.<\/p>\n\n\n\n<p>Estas obras de pavimentaci\u00f3n permiten mejorar las condiciones de acceso a sus viviendas, facilitando el tr\u00e1nsito vehicular y peatonal.<\/p>\n\n\n\n<p>Adem\u00e1s, permite el acceso a servicios b\u00e1sicos como el transporte p\u00fablico, servicios de emergencia y recolecci\u00f3n de basura, entre otros.<\/p>\n\n\n\n<p>Cabe destacar que a pesar de la crisis econ\u00f3mica que enfrenta el municipio, el gobierno municipal no ha descuidado las obras y ha realizado m\u00e1s con menos.<\/p>\n\n\n\n<p>La inauguraci\u00f3n de estas obras representa un paso importante en la mejora de la calidad de vida de las y los habitantes de San Mart\u00edn Mexicapam y es una muestra del trabajo conjunto y compromiso entre la comunidad y el gobierno municipal de Oaxaca de Ju\u00e1rez en el mejoramiento de las condiciones de vida de sus habitantes.<\/p>\n\n\n\n<figure class=\"wp-block-image size-large\"><img fetchpriority=\"high\" decoding=\"async\" width=\"1024\" height=\"683\" src=\"https:\/\/contextoanalisisperiodistico.com\/wp-content\/uploads\/2023\/04\/img-20230415-wa01097560590123994088544-1024x683.jpg\" alt=\"\" class=\"wp-image-11884\" srcset=\"https:\/\/contextoanalisisperiodistico.com\/wp-content\/uploads\/2023\/04\/img-20230415-wa01097560590123994088544-1024x683.jpg 1024w, https:\/\/contextoanalisisperiodistico.com\/wp-content\/uploads\/2023\/04\/img-20230415-wa01097560590123994088544-300x200.jpg 300w, https:\/\/contextoanalisisperiodistico.com\/wp-content\/uploads\/2023\/04\/img-20230415-wa01097560590123994088544-768x512.jpg 768w, https:\/\/contextoanalisisperiodistico.com\/wp-content\/uploads\/2023\/04\/img-20230415-wa01097560590123994088544-1536x1024.jpg 1536w, https:\/\/contextoanalisisperiodistico.com\/wp-content\/uploads\/2023\/04\/img-20230415-wa01097560590123994088544.jpg 1600w\" sizes=\"(max-width: 1024px) 100vw, 1024px\" \/><\/figure>\n\n\n\n<figure class=\"wp-block-image\"><img decoding=\"async\" width=\"1024\" height=\"683\" src=\"https:\/\/contextoanalisisperiodistico.com\/wp-content\/uploads\/2023\/04\/img-20230415-wa01067234949316558671014-1024x683.jpg\" alt=\"\" class=\"wp-image-11885\" srcset=\"https:\/\/contextoanalisisperiodistico.com\/wp-content\/uploads\/2023\/04\/img-20230415-wa01067234949316558671014-1024x683.jpg 1024w, https:\/\/contextoanalisisperiodistico.com\/wp-content\/uploads\/2023\/04\/img-20230415-wa01067234949316558671014-300x200.jpg 300w, https:\/\/contextoanalisisperiodistico.com\/wp-content\/uploads\/2023\/04\/img-20230415-wa01067234949316558671014-768x512.jpg 768w, https:\/\/contextoanalisisperiodistico.com\/wp-content\/uploads\/2023\/04\/img-20230415-wa01067234949316558671014-1536x1024.jpg 1536w, https:\/\/contextoanalisisperiodistico.com\/wp-content\/uploads\/2023\/04\/img-20230415-wa01067234949316558671014.jpg 1600w\" sizes=\"(max-width: 1024px) 100vw, 1024px\" \/><\/figure>\n\n\n\n<figure class=\"wp-block-image\"><img decoding=\"async\" width=\"1024\" height=\"683\" src=\"https:\/\/contextoanalisisperiodistico.com\/wp-content\/uploads\/2023\/04\/img-20230415-wa01074064619225349909737-1024x683.jpg\" alt=\"\" class=\"wp-image-11886\" srcset=\"https:\/\/contextoanalisisperiodistico.com\/wp-content\/uploads\/2023\/04\/img-20230415-wa01074064619225349909737-1024x683.jpg 1024w, https:\/\/contextoanalisisperiodistico.com\/wp-content\/uploads\/2023\/04\/img-20230415-wa01074064619225349909737-300x200.jpg 300w, https:\/\/contextoanalisisperiodistico.com\/wp-content\/uploads\/2023\/04\/img-20230415-wa01074064619225349909737-768x512.jpg 768w, https:\/\/contextoanalisisperiodistico.com\/wp-content\/uploads\/2023\/04\/img-20230415-wa01074064619225349909737-1536x1024.jpg 1536w, https:\/\/contextoanalisisperiodistico.com\/wp-content\/uploads\/2023\/04\/img-20230415-wa01074064619225349909737.jpg 1600w\" sizes=\"(max-width: 1024px) 100vw, 1024px\" \/><\/figure>\n","protected":false},"excerpt":{"rendered":"<p>*Benefician a m\u00e1s de 300 habitantes en San Mart\u00edn Mexicapam Oaxaca de Ju\u00e1rez, Oax., a&#8230;<\/p>\n","protected":false},"author":4,"featured_media":11883,"comment_status":"open","ping_status":"open","sticky":false,"template":"","format":"standard","meta":{"footnotes":""},"categories":[9],"tags":[],"jetpack_sharing_enabled":true,"featured_image_urls":{"full":["https:\/\/contextoanalisisperiodistico.com\/wp-content\/uploads\/2023\/04\/IMG-20230415-WA0110.jpg",1600,1067,false],"thumbnail":["https:\/\/contextoanalisisperiodistico.com\/wp-content\/uploads\/2023\/04\/IMG-20230415-WA0110-150x150.jpg",150,150,true],"medium":["https:\/\/contextoanalisisperiodistico.com\/wp-content\/uploads\/2023\/04\/IMG-20230415-WA0110-300x200.jpg",300,200,true],"medium_large":["https:\/\/contextoanalisisperiodistico.com\/wp-content\/uploads\/2023\/04\/IMG-20230415-WA0110-768x512.jpg",640,427,true],"large":["https:\/\/contextoanalisisperiodistico.com\/wp-content\/uploads\/2023\/04\/IMG-20230415-WA0110-1024x683.jpg",640,427,true],"1536x1536":["https:\/\/contextoanalisisperiodistico.com\/wp-content\/uploads\/2023\/04\/IMG-20230415-WA0110-1536x1024.jpg",1536,1024,true],"2048x2048":["https:\/\/contextoanalisisperiodistico.com\/wp-content\/uploads\/2023\/04\/IMG-20230415-WA0110.jpg",1600,1067,false],"covernews-slider-full":["https:\/\/contextoanalisisperiodistico.com\/wp-content\/uploads\/2023\/04\/IMG-20230415-WA0110-1115x715.jpg",1115,715,true],"covernews-slider-center":["https:\/\/contextoanalisisperiodistico.com\/wp-content\/uploads\/2023\/04\/IMG-20230415-WA0110-800x500.jpg",800,500,true],"covernews-featured":["https:\/\/contextoanalisisperiodistico.com\/wp-content\/uploads\/2023\/04\/IMG-20230415-WA0110-1024x683.jpg",1024,683,true],"covernews-medium":["https:\/\/contextoanalisisperiodistico.com\/wp-content\/uploads\/2023\/04\/IMG-20230415-WA0110-540x340.jpg",540,340,true],"covernews-medium-square":["https:\/\/contextoanalisisperiodistico.com\/wp-content\/uploads\/2023\/04\/IMG-20230415-WA0110-400x250.jpg",400,250,true]},"author_info":{"display_name":"Mario Gir\u00f3n","author_link":"https:\/\/contextoanalisisperiodistico.com\/index.php\/author\/director\/"},"category_info":"<a href=\"https:\/\/contextoanalisisperiodistico.com\/index.php\/category\/politica\/\" rel=\"category tag\">Pol\u00edtica<\/a>","tag_info":"Pol\u00edtica","comment_count":"0","jetpack_featured_media_url":"https:\/\/contextoanalisisperiodistico.com\/wp-content\/uploads\/2023\/04\/IMG-20230415-WA0110.jpg","_links":{"self":[{"href":"https:\/\/contextoanalisisperiodistico.com\/index.php\/wp-json\/wp\/v2\/posts\/11882"}],"collection":[{"href":"https:\/\/contextoanalisisperiodistico.com\/index.php\/wp-json\/wp\/v2\/posts"}],"about":[{"href":"https:\/\/contextoanalisisperiodistico.com\/index.php\/wp-json\/wp\/v2\/types\/post"}],"author":[{"embeddable":true,"href":"https:\/\/contextoanalisisperiodistico.com\/index.php\/wp-json\/wp\/v2\/users\/4"}],"replies":[{"embeddable":true,"href":"https:\/\/contextoanalisisperiodistico.com\/index.php\/wp-json\/wp\/v2\/comments?post=11882"}],"version-history":[{"count":1,"href":"https:\/\/contextoanalisisperiodistico.com\/index.php\/wp-json\/wp\/v2\/posts\/11882\/revisions"}],"predecessor-version":[{"id":11887,"href":"https:\/\/contextoanalisisperiodistico.com\/index.php\/wp-json\/wp\/v2\/posts\/11882\/revisions\/11887"}],"wp:featuredmedia":[{"embeddable":true,"href":"https:\/\/contextoanalisisperiodistico.com\/index.php\/wp-json\/wp\/v2\/media\/11883"}],"wp:attachment":[{"href":"https:\/\/contextoanalisisperiodistico.com\/index.php\/wp-json\/wp\/v2\/media?parent=11882"}],"wp:term":[{"taxonomy":"category","embeddable":true,"href":"https:\/\/contextoanalisisperiodistico.com\/index.php\/wp-json\/wp\/v2\/categories?post=11882"},{"taxonomy":"post_tag","embeddable":true,"href":"https:\/\/contextoanalisisperiodistico.com\/index.php\/wp-json\/wp\/v2\/tags?post=11882"}],"curies":[{"name":"wp","href":"https:\/\/api.w.org\/{rel}","templated":true}]}}