{"id":11871,"date":"2023-04-15T15:07:43","date_gmt":"2023-04-15T21:07:43","guid":{"rendered":"https:\/\/contextoanalisisperiodistico.com\/?p=11871"},"modified":"2023-04-15T15:08:20","modified_gmt":"2023-04-15T21:08:20","slug":"convocan-a-participar-en-el-primer-concurso-estatal-de-pintura-infantil-ninas-y-ninos-en-el-contexto-migratorio","status":"publish","type":"post","link":"https:\/\/contextoanalisisperiodistico.com\/index.php\/2023\/04\/15\/convocan-a-participar-en-el-primer-concurso-estatal-de-pintura-infantil-ninas-y-ninos-en-el-contexto-migratorio\/","title":{"rendered":"Convocan a participar en el Primer Concurso Estatal de Pintura Infantil \u00abNi\u00f1as y Ni\u00f1os en el Contexto Migratorio\u00bb"},"content":{"rendered":"<div id=\"fb-root\"><\/div>\n\n<p><br>\u2022 La convocatoria cuenta con dos categor\u00edas: A de 6 a 8 a\u00f1os cumplidos y B de 9 a 11 a\u00f1os; cierra el 22 de mayo<\/p>\n\n\n\n<p><br>Oaxaca de Ju\u00e1rez, Oax., 15 de abril de 2023.- El Sistema DIF Oaxaca convoca a participar en el Primer Concurso Estatal de Pintura Infantil \u00abNi\u00f1as y Ni\u00f1os en el Contexto Migratorio\u00bb, la cual estar\u00e1 vigente hasta las 15 horas del 22 de mayo del presente a\u00f1o y en el que podr\u00e1n participar infancias de 6 a 11 a\u00f1os, tanto oaxaque\u00f1as como quienes sean migrantes en tr\u00e1nsito por la entidad y cumplan este rango de edad,<br>La convocatoria emitida trav\u00e9s del Albergue y Tr\u00e1nsito para Ni\u00f1as, Ni\u00f1os y Adolescentes, tiene como objetivo saber c\u00f3mo es percibido el tema migratorio desde la \u00f3ptica de la ni\u00f1ez, mediante dos categor\u00edas: A de 6 a 8 a\u00f1os cumplidos y B de 9 a 11 a\u00f1os.<br>El tama\u00f1o de la pintura deber\u00e1 ser de 57 por 36 cent\u00edmetros, bajo la t\u00e9cnica libre y deber\u00e1 realizarse sobre papel blanco, el cual puede ser ilustraci\u00f3n, cartulina o cartoncillo. El trabajo debe ser original, ya que no se aceptar\u00e1n ilustraciones que hayan participado en otro tipo de convocatorias.<br>Al presentarla, deber\u00e1n incluir en una hoja por separado el nombre del autor o autora; el t\u00edtulo de la pintura y una breve narraci\u00f3n o descripci\u00f3n de la obra plasmada; el n\u00famero telef\u00f3nico particular del padre, madre o tutor; el domicilio particular y municipio.<br>Asimismo, deber\u00e1n adjuntar la siguiente documentaci\u00f3n: una copia del acta de nacimiento de la o \u00e9l participante y de la identificaci\u00f3n oficial del padre, madre o tutor; as\u00ed como una carta de autorizaci\u00f3n sobre derechos de la obra y una carta de autorizaci\u00f3n de derechos por parte de las y los tutores, respecto a la difusi\u00f3n de datos de las personas ganadoras.<\/p>\n\n\n\n<p>\u00bfD\u00f3nde entrego mi pintura?<br \/>Los trabajos ser\u00e1n entregados en Casa Tuc\u00e1n, ubicada en el Sistema DIF Oaxaca, localizada en la calle Vicente Guerrero n\u00famero 114, colonia Miguel Alem\u00e1n de la capital oaxaque\u00f1a; o bien, en las instalaciones del Albergue de Tr\u00e1nsito para Ni\u00f1as, Ni\u00f1os y Adolescentes, en la calle 14 y 22 y oriente sin n\u00famero Paraje Las Salinas, en San Raymundo Jalpan.<\/p>\n\n\n\n<p>Sobre la premiaci\u00f3n<br \/>El jurado calificador estar\u00e1 integrado por personas relacionadas con las artes pl\u00e1sticas, los resultados se dar\u00e1n a conocer a trav\u00e9s de las cuentas oficiales del Sistema DIF Oaxaca el 26 de mayo de 2023 y la ceremonia de premiaci\u00f3n ser\u00e1 el d\u00eda 31 de mayo del mismo a\u00f1o.<\/p>\n\n\n\n<p>El lugar y la hora se informar\u00e1 de manera directa a las y los ganadores. Las obras ganadoras formar\u00e1n parte del acervo del Sistema DIF Oaxaca.<br \/>En este sentido, el primer lugar de las categor\u00edas A y B recibir\u00e1 una bicicleta y un reconocimiento, y el segundo y tercer lugar recibir\u00e1n un paquete de libros y un reconocimiento.<br \/>Cabe se\u00f1alar que los aspectos no contemplados en la presente convocatoria ser\u00e1n resueltos por el jurado calificador y su fallo ser\u00e1 inapelable.<\/p>\n\n\n\n<p>-0-<\/p>\n","protected":false},"excerpt":{"rendered":"<p>\u2022 La convocatoria cuenta con dos categor\u00edas: A de 6 a 8 a\u00f1os cumplidos y&#8230;<\/p>\n","protected":false},"author":4,"featured_media":11872,"comment_status":"open","ping_status":"open","sticky":false,"template":"","format":"standard","meta":{"footnotes":""},"categories":[3],"tags":[],"jetpack_sharing_enabled":true,"featured_image_urls":{"full":["https:\/\/contextoanalisisperiodistico.com\/wp-content\/uploads\/2023\/04\/IMG-20230415-WA0097.jpg",828,1280,false],"thumbnail":["https:\/\/contextoanalisisperiodistico.com\/wp-content\/uploads\/2023\/04\/IMG-20230415-WA0097-150x150.jpg",150,150,true],"medium":["https:\/\/contextoanalisisperiodistico.com\/wp-content\/uploads\/2023\/04\/IMG-20230415-WA0097-194x300.jpg",194,300,true],"medium_large":["https:\/\/contextoanalisisperiodistico.com\/wp-content\/uploads\/2023\/04\/IMG-20230415-WA0097-768x1187.jpg",640,989,true],"large":["https:\/\/contextoanalisisperiodistico.com\/wp-content\/uploads\/2023\/04\/IMG-20230415-WA0097-662x1024.jpg",640,990,true],"1536x1536":["https:\/\/contextoanalisisperiodistico.com\/wp-content\/uploads\/2023\/04\/IMG-20230415-WA0097.jpg",828,1280,false],"2048x2048":["https:\/\/contextoanalisisperiodistico.com\/wp-content\/uploads\/2023\/04\/IMG-20230415-WA0097.jpg",828,1280,false],"covernews-slider-full":["https:\/\/contextoanalisisperiodistico.com\/wp-content\/uploads\/2023\/04\/IMG-20230415-WA0097-828x715.jpg",828,715,true],"covernews-slider-center":["https:\/\/contextoanalisisperiodistico.com\/wp-content\/uploads\/2023\/04\/IMG-20230415-WA0097-800x500.jpg",800,500,true],"covernews-featured":["https:\/\/contextoanalisisperiodistico.com\/wp-content\/uploads\/2023\/04\/IMG-20230415-WA0097.jpg",828,1280,false],"covernews-medium":["https:\/\/contextoanalisisperiodistico.com\/wp-content\/uploads\/2023\/04\/IMG-20230415-WA0097-540x340.jpg",540,340,true],"covernews-medium-square":["https:\/\/contextoanalisisperiodistico.com\/wp-content\/uploads\/2023\/04\/IMG-20230415-WA0097-400x250.jpg",400,250,true]},"author_info":{"display_name":"Mario Gir\u00f3n","author_link":"https:\/\/contextoanalisisperiodistico.com\/index.php\/author\/director\/"},"category_info":"<a href=\"https:\/\/contextoanalisisperiodistico.com\/index.php\/category\/ciudad\/\" rel=\"category tag\">Ciudad<\/a>","tag_info":"Ciudad","comment_count":"0","jetpack_featured_media_url":"https:\/\/contextoanalisisperiodistico.com\/wp-content\/uploads\/2023\/04\/IMG-20230415-WA0097.jpg","_links":{"self":[{"href":"https:\/\/contextoanalisisperiodistico.com\/index.php\/wp-json\/wp\/v2\/posts\/11871"}],"collection":[{"href":"https:\/\/contextoanalisisperiodistico.com\/index.php\/wp-json\/wp\/v2\/posts"}],"about":[{"href":"https:\/\/contextoanalisisperiodistico.com\/index.php\/wp-json\/wp\/v2\/types\/post"}],"author":[{"embeddable":true,"href":"https:\/\/contextoanalisisperiodistico.com\/index.php\/wp-json\/wp\/v2\/users\/4"}],"replies":[{"embeddable":true,"href":"https:\/\/contextoanalisisperiodistico.com\/index.php\/wp-json\/wp\/v2\/comments?post=11871"}],"version-history":[{"count":1,"href":"https:\/\/contextoanalisisperiodistico.com\/index.php\/wp-json\/wp\/v2\/posts\/11871\/revisions"}],"predecessor-version":[{"id":11873,"href":"https:\/\/contextoanalisisperiodistico.com\/index.php\/wp-json\/wp\/v2\/posts\/11871\/revisions\/11873"}],"wp:featuredmedia":[{"embeddable":true,"href":"https:\/\/contextoanalisisperiodistico.com\/index.php\/wp-json\/wp\/v2\/media\/11872"}],"wp:attachment":[{"href":"https:\/\/contextoanalisisperiodistico.com\/index.php\/wp-json\/wp\/v2\/media?parent=11871"}],"wp:term":[{"taxonomy":"category","embeddable":true,"href":"https:\/\/contextoanalisisperiodistico.com\/index.php\/wp-json\/wp\/v2\/categories?post=11871"},{"taxonomy":"post_tag","embeddable":true,"href":"https:\/\/contextoanalisisperiodistico.com\/index.php\/wp-json\/wp\/v2\/tags?post=11871"}],"curies":[{"name":"wp","href":"https:\/\/api.w.org\/{rel}","templated":true}]}}