{"id":11857,"date":"2023-04-15T14:54:28","date_gmt":"2023-04-15T20:54:28","guid":{"rendered":"https:\/\/contextoanalisisperiodistico.com\/?p=11857"},"modified":"2023-04-15T14:54:38","modified_gmt":"2023-04-15T20:54:38","slug":"tiempos-de-paz-y-justiciallegaran-a-xoxo-itzel-aquino","status":"publish","type":"post","link":"https:\/\/contextoanalisisperiodistico.com\/index.php\/2023\/04\/15\/tiempos-de-paz-y-justiciallegaran-a-xoxo-itzel-aquino\/","title":{"rendered":"Tiempos de paz y justicia<br>llegar\u00e1n a Xoxo: Itzel Aquino"},"content":{"rendered":"<div id=\"fb-root\"><\/div>\n\n<p>(*) La AC AMHORES juega papel importante para la estabilidad social en Xoxo porque atiende lo que no cumplen los obligados a hacerlo<\/p>\n\n\n\n<p><br>Coordinadores y activistas de noble coraz\u00f3n de la Asociaci\u00f3n de Mujeres y Hombres Regi\u00f3n Sureste (AMHORES) trabajando y luchando por llevar paz y justicia a los hogares en donde m\u00e1s se necesita por carencia de poder adquisitivo, evaluaron y calificaron con 10 las acciones implementadas y que no han dejado de faltar por el bien de las familias vulnerables en el municipio de Santa Cruz Xoxocotl\u00e1n.<\/p>\n\n\n\n<p><br>Como siempre, la gentil, responsable y destacada mujer comprometida con la causa justa que merecen las familias de Xoxocotl\u00e1n, la Regidora de Salud, Itzel Aquino, con el respaldo de Omar Bernal, reconocieron que falta mucho por hacer en beneficio del pr\u00f3jimo, sin embargo, destacaron que en los hechos y, con paso seguro, AMHORES no ha dejado de hacer acto de presencia entre las familias que solos no pueden resolver retos de sobrevivencia en este importante asentamiento popular, cercano a Oaxaca de Ju\u00e1rez.<\/p>\n\n\n\n<p><br>En tal sentido destacan las jornadas de salud que han recorrido y atendido necesidades de la comunidad xoxe\u00f1a, sin descuidar la entrega de medicamentos b\u00e1sicos contra padecimientos comunes, entrega de sillas de ruedas, y un tema de importancia como es la canalizaci\u00f3n de productos b\u00e1sicos para la elaboraci\u00f3n de alimentos en hogares en donde no es sencillo garantizar el diario derecho a la alimentaci\u00f3n.<\/p>\n\n\n\n<p><br>Al tratarse de una loable actividad en pro del pr\u00f3jimo, a la jornada de trabajo de las mujeres y hombre afiliados a la AMHORES se han sumado cuadros interesantes de la sociedad civil defensores de la 4T del Movimiento de Regeneraci\u00f3n Nacional (Morena), lo que convierta en m\u00e1s sencilla la actividad pro causa de las familias con mayor necesidad de ayuda para sacarla adelante en todos los \u00f3rdenes constitucionales.<\/p>\n\n\n\n<p><br>Al dirigirse a sus compa\u00f1eros de lucha, coordinadores y activistas de AMHORES en pro de la causa social, reunidos la tarde de ayer en esta pintoresca poblaci\u00f3n asolada por la inseguridad, Itzel Aquino conf\u00eda que vendr\u00e1n mejores tiempos, de felicidad y justicia para Xoxocotl\u00e1n, partiendo, reconoci\u00f3, de que Oaxaca y el pa\u00eds cuentan con los mejores gobiernos de todos los tiempos, el de Salom\u00f3n Jara Cruz y Andr\u00e9s Manuel L\u00f3pez Obrador, respectivamente.<\/p>\n\n\n\n<p><br>\u201cJara Cruz y L\u00f3pez Obrador nos inspiran a seguir trabajando por la causa social en Xoxocotl\u00e1n; lo seguiremos haciendo. Nada nos detendr\u00e1 para seguir aportando esfuerzo, gesti\u00f3n, inclusi\u00f3n y recursos. Seguiremos haci\u00e9ndolo para responderle a Xoxo, a su gente, experimentando necesidades que no merecen padecerlas porque los imposibles no existen\u201d, subray\u00f3 la Regidora de Salud, Itzel Aquino.<\/p>\n\n\n\n<figure class=\"wp-block-image size-large\"><img fetchpriority=\"high\" decoding=\"async\" width=\"1024\" height=\"833\" src=\"https:\/\/contextoanalisisperiodistico.com\/wp-content\/uploads\/2023\/04\/img-20230415-wa00892145734235127622559-1024x833.jpg\" alt=\"\" class=\"wp-image-11859\" srcset=\"https:\/\/contextoanalisisperiodistico.com\/wp-content\/uploads\/2023\/04\/img-20230415-wa00892145734235127622559-1024x833.jpg 1024w, https:\/\/contextoanalisisperiodistico.com\/wp-content\/uploads\/2023\/04\/img-20230415-wa00892145734235127622559-300x244.jpg 300w, https:\/\/contextoanalisisperiodistico.com\/wp-content\/uploads\/2023\/04\/img-20230415-wa00892145734235127622559-768x624.jpg 768w, https:\/\/contextoanalisisperiodistico.com\/wp-content\/uploads\/2023\/04\/img-20230415-wa00892145734235127622559.jpg 1332w\" sizes=\"(max-width: 1024px) 100vw, 1024px\" \/><\/figure>\n","protected":false},"excerpt":{"rendered":"<p>(*) La AC AMHORES juega papel importante para la estabilidad social en Xoxo porque atiende&#8230;<\/p>\n","protected":false},"author":4,"featured_media":11858,"comment_status":"open","ping_status":"open","sticky":false,"template":"","format":"standard","meta":{"footnotes":""},"categories":[9],"tags":[],"jetpack_sharing_enabled":true,"featured_image_urls":{"full":["https:\/\/contextoanalisisperiodistico.com\/wp-content\/uploads\/2023\/04\/IMG-20230415-WA0081.jpg",515,590,false],"thumbnail":["https:\/\/contextoanalisisperiodistico.com\/wp-content\/uploads\/2023\/04\/IMG-20230415-WA0081-150x150.jpg",150,150,true],"medium":["https:\/\/contextoanalisisperiodistico.com\/wp-content\/uploads\/2023\/04\/IMG-20230415-WA0081-262x300.jpg",262,300,true],"medium_large":["https:\/\/contextoanalisisperiodistico.com\/wp-content\/uploads\/2023\/04\/IMG-20230415-WA0081.jpg",515,590,false],"large":["https:\/\/contextoanalisisperiodistico.com\/wp-content\/uploads\/2023\/04\/IMG-20230415-WA0081.jpg",515,590,false],"1536x1536":["https:\/\/contextoanalisisperiodistico.com\/wp-content\/uploads\/2023\/04\/IMG-20230415-WA0081.jpg",515,590,false],"2048x2048":["https:\/\/contextoanalisisperiodistico.com\/wp-content\/uploads\/2023\/04\/IMG-20230415-WA0081.jpg",515,590,false],"covernews-slider-full":["https:\/\/contextoanalisisperiodistico.com\/wp-content\/uploads\/2023\/04\/IMG-20230415-WA0081.jpg",515,590,false],"covernews-slider-center":["https:\/\/contextoanalisisperiodistico.com\/wp-content\/uploads\/2023\/04\/IMG-20230415-WA0081-515x500.jpg",515,500,true],"covernews-featured":["https:\/\/contextoanalisisperiodistico.com\/wp-content\/uploads\/2023\/04\/IMG-20230415-WA0081.jpg",515,590,false],"covernews-medium":["https:\/\/contextoanalisisperiodistico.com\/wp-content\/uploads\/2023\/04\/IMG-20230415-WA0081-515x340.jpg",515,340,true],"covernews-medium-square":["https:\/\/contextoanalisisperiodistico.com\/wp-content\/uploads\/2023\/04\/IMG-20230415-WA0081-400x250.jpg",400,250,true]},"author_info":{"display_name":"Mario Gir\u00f3n","author_link":"https:\/\/contextoanalisisperiodistico.com\/index.php\/author\/director\/"},"category_info":"<a href=\"https:\/\/contextoanalisisperiodistico.com\/index.php\/category\/politica\/\" rel=\"category tag\">Pol\u00edtica<\/a>","tag_info":"Pol\u00edtica","comment_count":"0","jetpack_featured_media_url":"https:\/\/contextoanalisisperiodistico.com\/wp-content\/uploads\/2023\/04\/IMG-20230415-WA0081.jpg","_links":{"self":[{"href":"https:\/\/contextoanalisisperiodistico.com\/index.php\/wp-json\/wp\/v2\/posts\/11857"}],"collection":[{"href":"https:\/\/contextoanalisisperiodistico.com\/index.php\/wp-json\/wp\/v2\/posts"}],"about":[{"href":"https:\/\/contextoanalisisperiodistico.com\/index.php\/wp-json\/wp\/v2\/types\/post"}],"author":[{"embeddable":true,"href":"https:\/\/contextoanalisisperiodistico.com\/index.php\/wp-json\/wp\/v2\/users\/4"}],"replies":[{"embeddable":true,"href":"https:\/\/contextoanalisisperiodistico.com\/index.php\/wp-json\/wp\/v2\/comments?post=11857"}],"version-history":[{"count":1,"href":"https:\/\/contextoanalisisperiodistico.com\/index.php\/wp-json\/wp\/v2\/posts\/11857\/revisions"}],"predecessor-version":[{"id":11860,"href":"https:\/\/contextoanalisisperiodistico.com\/index.php\/wp-json\/wp\/v2\/posts\/11857\/revisions\/11860"}],"wp:featuredmedia":[{"embeddable":true,"href":"https:\/\/contextoanalisisperiodistico.com\/index.php\/wp-json\/wp\/v2\/media\/11858"}],"wp:attachment":[{"href":"https:\/\/contextoanalisisperiodistico.com\/index.php\/wp-json\/wp\/v2\/media?parent=11857"}],"wp:term":[{"taxonomy":"category","embeddable":true,"href":"https:\/\/contextoanalisisperiodistico.com\/index.php\/wp-json\/wp\/v2\/categories?post=11857"},{"taxonomy":"post_tag","embeddable":true,"href":"https:\/\/contextoanalisisperiodistico.com\/index.php\/wp-json\/wp\/v2\/tags?post=11857"}],"curies":[{"name":"wp","href":"https:\/\/api.w.org\/{rel}","templated":true}]}}