{"id":11788,"date":"2023-04-14T20:24:50","date_gmt":"2023-04-15T02:24:50","guid":{"rendered":"https:\/\/contextoanalisisperiodistico.com\/?p=11788"},"modified":"2023-04-14T20:25:01","modified_gmt":"2023-04-15T02:25:01","slug":"inicia-administracion-estatal-programa-de-mejoramiento-de-parques-y-centros-recreativos","status":"publish","type":"post","link":"https:\/\/contextoanalisisperiodistico.com\/index.php\/2023\/04\/14\/inicia-administracion-estatal-programa-de-mejoramiento-de-parques-y-centros-recreativos\/","title":{"rendered":"Inicia Administraci\u00f3n Estatal programa de mejoramiento de parques y centros recreativos"},"content":{"rendered":"<div id=\"fb-root\"><\/div>\n\n<p>\u2022 El Secretario de Administraci\u00f3n recorri\u00f3 el Parque Oaxaca Bicentenario para identificar \u00e1reas de oportunidad que permitan mejoras que impacten positivamente en la poblaci\u00f3n infantil<\/p>\n\n\n\n<p>Oaxaca de Ju\u00e1rez, Oax. 14 de abril de 2023.- El secretario de Administraci\u00f3n Antonino Morales Toledo inform\u00f3 que dio inici\u00f3 el Plan Integral de Mejora de los Parques y Centros Recreativos a cargo del Gobierno del Estado.<\/p>\n\n\n\n<p>En este sentido, anunci\u00f3 que se realizaron visitas en el Parque Oaxaca Bicentenario con la finalidad de identificar \u00e1reas de oportunidad para realizar mejoras f\u00edsicas que beneficien a la ni\u00f1ez oaxaque\u00f1a.<\/p>\n\n\n\n<p>El responsable de la pol\u00edtica administrativa destac\u00f3 la importancia de mejorar la imagen y el equipamiento de los espacios p\u00fablicos recreativos y, de manera particular, a los espacios recreativos destinados para la ni\u00f1ez, con el objetivo de brindar espacios dignos y de calidad en apoyo a su desarrollo y crecimiento.<\/p>\n\n\n\n<p>De esta manera, Morales Toledo trabaja en territorio y recorre personalmente los parques y unidades deportivas para conocer las condiciones en las cuales se encuentran, as\u00ed como los aspectos necesarios a corregir para el disfrute de las personas usuarias de estos espacios.<\/p>\n\n\n\n<p>\u201cSeguimos la instrucci\u00f3n de nuestro Gobernador Salom\u00f3n Jara Cruz, de estar cercarnos a la gente, para conocer sus necesidades y brindarles soluciones oportunas\u201d, se\u00f1al\u00f3.<\/p>\n\n\n\n<p>Indic\u00f3 que la Secretar\u00eda de Administraci\u00f3n trabaja para mejorar en estas \u00e1reas aspectos en materia de instalaciones, iluminaci\u00f3n, servicios y seguridad, para que las infancias oaxaque\u00f1as tengan espacios de esparcimiento seguros y dignos.<\/p>\n\n\n\n<p>Antonino Morales expuso dar\u00e1n respuestas, en tiempo y forma, con mantenimiento preventivo y correctivo para continuar con la ruta de la transformaci\u00f3n de Oaxaca, que comenz\u00f3 de la mano del Gobernador Salom\u00f3n Jara Cruz.<\/p>\n\n\n\n<p>-0-<\/p>\n\n\n\n<figure class=\"wp-block-image size-large\"><img fetchpriority=\"high\" decoding=\"async\" width=\"1024\" height=\"682\" src=\"https:\/\/contextoanalisisperiodistico.com\/wp-content\/uploads\/2023\/04\/img-20230414-wa01098573958387938125838-1024x682.jpg\" alt=\"\" class=\"wp-image-11791\" srcset=\"https:\/\/contextoanalisisperiodistico.com\/wp-content\/uploads\/2023\/04\/img-20230414-wa01098573958387938125838-1024x682.jpg 1024w, https:\/\/contextoanalisisperiodistico.com\/wp-content\/uploads\/2023\/04\/img-20230414-wa01098573958387938125838-300x200.jpg 300w, https:\/\/contextoanalisisperiodistico.com\/wp-content\/uploads\/2023\/04\/img-20230414-wa01098573958387938125838-768x512.jpg 768w, https:\/\/contextoanalisisperiodistico.com\/wp-content\/uploads\/2023\/04\/img-20230414-wa01098573958387938125838.jpg 1280w\" sizes=\"(max-width: 1024px) 100vw, 1024px\" \/><\/figure>\n\n\n\n<figure class=\"wp-block-image\"><img decoding=\"async\" width=\"1024\" height=\"682\" src=\"https:\/\/contextoanalisisperiodistico.com\/wp-content\/uploads\/2023\/04\/img-20230414-wa01557426127886437626486-1024x682.jpg\" alt=\"\" class=\"wp-image-11790\" srcset=\"https:\/\/contextoanalisisperiodistico.com\/wp-content\/uploads\/2023\/04\/img-20230414-wa01557426127886437626486-1024x682.jpg 1024w, https:\/\/contextoanalisisperiodistico.com\/wp-content\/uploads\/2023\/04\/img-20230414-wa01557426127886437626486-300x200.jpg 300w, https:\/\/contextoanalisisperiodistico.com\/wp-content\/uploads\/2023\/04\/img-20230414-wa01557426127886437626486-768x512.jpg 768w, https:\/\/contextoanalisisperiodistico.com\/wp-content\/uploads\/2023\/04\/img-20230414-wa01557426127886437626486.jpg 1280w\" sizes=\"(max-width: 1024px) 100vw, 1024px\" \/><\/figure>\n\n\n\n<figure class=\"wp-block-image\"><img decoding=\"async\" width=\"1024\" height=\"682\" src=\"https:\/\/contextoanalisisperiodistico.com\/wp-content\/uploads\/2023\/04\/img-20230414-wa01083988631969200532511-1024x682.jpg\" alt=\"\" class=\"wp-image-11792\" srcset=\"https:\/\/contextoanalisisperiodistico.com\/wp-content\/uploads\/2023\/04\/img-20230414-wa01083988631969200532511-1024x682.jpg 1024w, https:\/\/contextoanalisisperiodistico.com\/wp-content\/uploads\/2023\/04\/img-20230414-wa01083988631969200532511-300x200.jpg 300w, https:\/\/contextoanalisisperiodistico.com\/wp-content\/uploads\/2023\/04\/img-20230414-wa01083988631969200532511-768x512.jpg 768w, https:\/\/contextoanalisisperiodistico.com\/wp-content\/uploads\/2023\/04\/img-20230414-wa01083988631969200532511.jpg 1280w\" sizes=\"(max-width: 1024px) 100vw, 1024px\" \/><\/figure>\n","protected":false},"excerpt":{"rendered":"<p>\u2022 El Secretario de Administraci\u00f3n recorri\u00f3 el Parque Oaxaca Bicentenario para identificar \u00e1reas de oportunidad&#8230;<\/p>\n","protected":false},"author":4,"featured_media":11789,"comment_status":"open","ping_status":"open","sticky":false,"template":"","format":"standard","meta":{"footnotes":""},"categories":[9],"tags":[],"jetpack_sharing_enabled":true,"featured_image_urls":{"full":["https:\/\/contextoanalisisperiodistico.com\/wp-content\/uploads\/2023\/04\/IMG-20230414-WA0156.jpg",1280,853,false],"thumbnail":["https:\/\/contextoanalisisperiodistico.com\/wp-content\/uploads\/2023\/04\/IMG-20230414-WA0156-150x150.jpg",150,150,true],"medium":["https:\/\/contextoanalisisperiodistico.com\/wp-content\/uploads\/2023\/04\/IMG-20230414-WA0156-300x200.jpg",300,200,true],"medium_large":["https:\/\/contextoanalisisperiodistico.com\/wp-content\/uploads\/2023\/04\/IMG-20230414-WA0156-768x512.jpg",640,427,true],"large":["https:\/\/contextoanalisisperiodistico.com\/wp-content\/uploads\/2023\/04\/IMG-20230414-WA0156-1024x682.jpg",640,426,true],"1536x1536":["https:\/\/contextoanalisisperiodistico.com\/wp-content\/uploads\/2023\/04\/IMG-20230414-WA0156.jpg",1280,853,false],"2048x2048":["https:\/\/contextoanalisisperiodistico.com\/wp-content\/uploads\/2023\/04\/IMG-20230414-WA0156.jpg",1280,853,false],"covernews-slider-full":["https:\/\/contextoanalisisperiodistico.com\/wp-content\/uploads\/2023\/04\/IMG-20230414-WA0156-1115x715.jpg",1115,715,true],"covernews-slider-center":["https:\/\/contextoanalisisperiodistico.com\/wp-content\/uploads\/2023\/04\/IMG-20230414-WA0156-800x500.jpg",800,500,true],"covernews-featured":["https:\/\/contextoanalisisperiodistico.com\/wp-content\/uploads\/2023\/04\/IMG-20230414-WA0156-1024x682.jpg",1024,682,true],"covernews-medium":["https:\/\/contextoanalisisperiodistico.com\/wp-content\/uploads\/2023\/04\/IMG-20230414-WA0156-540x340.jpg",540,340,true],"covernews-medium-square":["https:\/\/contextoanalisisperiodistico.com\/wp-content\/uploads\/2023\/04\/IMG-20230414-WA0156-400x250.jpg",400,250,true]},"author_info":{"display_name":"Mario Gir\u00f3n","author_link":"https:\/\/contextoanalisisperiodistico.com\/index.php\/author\/director\/"},"category_info":"<a href=\"https:\/\/contextoanalisisperiodistico.com\/index.php\/category\/politica\/\" rel=\"category tag\">Pol\u00edtica<\/a>","tag_info":"Pol\u00edtica","comment_count":"0","jetpack_featured_media_url":"https:\/\/contextoanalisisperiodistico.com\/wp-content\/uploads\/2023\/04\/IMG-20230414-WA0156.jpg","_links":{"self":[{"href":"https:\/\/contextoanalisisperiodistico.com\/index.php\/wp-json\/wp\/v2\/posts\/11788"}],"collection":[{"href":"https:\/\/contextoanalisisperiodistico.com\/index.php\/wp-json\/wp\/v2\/posts"}],"about":[{"href":"https:\/\/contextoanalisisperiodistico.com\/index.php\/wp-json\/wp\/v2\/types\/post"}],"author":[{"embeddable":true,"href":"https:\/\/contextoanalisisperiodistico.com\/index.php\/wp-json\/wp\/v2\/users\/4"}],"replies":[{"embeddable":true,"href":"https:\/\/contextoanalisisperiodistico.com\/index.php\/wp-json\/wp\/v2\/comments?post=11788"}],"version-history":[{"count":1,"href":"https:\/\/contextoanalisisperiodistico.com\/index.php\/wp-json\/wp\/v2\/posts\/11788\/revisions"}],"predecessor-version":[{"id":11793,"href":"https:\/\/contextoanalisisperiodistico.com\/index.php\/wp-json\/wp\/v2\/posts\/11788\/revisions\/11793"}],"wp:featuredmedia":[{"embeddable":true,"href":"https:\/\/contextoanalisisperiodistico.com\/index.php\/wp-json\/wp\/v2\/media\/11789"}],"wp:attachment":[{"href":"https:\/\/contextoanalisisperiodistico.com\/index.php\/wp-json\/wp\/v2\/media?parent=11788"}],"wp:term":[{"taxonomy":"category","embeddable":true,"href":"https:\/\/contextoanalisisperiodistico.com\/index.php\/wp-json\/wp\/v2\/categories?post=11788"},{"taxonomy":"post_tag","embeddable":true,"href":"https:\/\/contextoanalisisperiodistico.com\/index.php\/wp-json\/wp\/v2\/tags?post=11788"}],"curies":[{"name":"wp","href":"https:\/\/api.w.org\/{rel}","templated":true}]}}