{"id":11757,"date":"2023-04-13T11:03:25","date_gmt":"2023-04-13T17:03:25","guid":{"rendered":"https:\/\/contextoanalisisperiodistico.com\/?p=11757"},"modified":"2023-04-13T11:03:36","modified_gmt":"2023-04-13T17:03:36","slug":"brinda-ieepo-puntal-atencion-al-sector-educativo-de-la-mixteca","status":"publish","type":"post","link":"https:\/\/contextoanalisisperiodistico.com\/index.php\/2023\/04\/13\/brinda-ieepo-puntal-atencion-al-sector-educativo-de-la-mixteca\/","title":{"rendered":"Brinda IEEPO puntal atenci\u00f3n al sector educativo de la Mixteca"},"content":{"rendered":"<div id=\"fb-root\"><\/div>\n\n<p>\u2022 En el Encuentro con Autoridades Municipales de la regi\u00f3n se atendieron las principales peticiones de la poblaci\u00f3n escolar y se entreg\u00f3 material de trabajo<\/p>\n\n\n\n<p>Asunci\u00f3n Nochixtl\u00e1n, Oax. 13 de abril de 2023.- Durante el Encuentro con Autoridades Municipales de la regi\u00f3n Mixteca, que tuvo como sedes Huajuapan de Le\u00f3n y Asunci\u00f3n Nochixtl\u00e1n, el Instituto Estatal de Educaci\u00f3n P\u00fablica de Oaxaca (IEEPO) particip\u00f3 de manera activa recibiendo solicitudes de apoyo a necesidades de la poblaci\u00f3n escolar, a la que se hizo entrega de mobiliario, material de aseo, deportivo, de oficina y pintura que requer\u00edan 44 planteles educativos.<\/p>\n\n\n\n<p>En este marco, el director general del IEEPO Emilio Montero P\u00e9rez indic\u00f3 que esta actividad sigue con la ruta de di\u00e1logo directo y sin intermediarios, adem\u00e1s de dar seguimiento a los planteamientos de las comunidades, lo que contribuye a generar estabilidad y a mantener la paz y la gobernabilidad en Oaxaca.<\/p>\n\n\n\n<p>En Huajuapan de Le\u00f3n, el Encuentro se realiz\u00f3 con la participaci\u00f3n de ediles de 44 comunidades; en tanto, en Asunci\u00f3n Nochixtl\u00e1n, la segunda sede tuvo la asistencia de autoridades municipales de 53 localidades. En ambos puntos el titular del IEEPO escuch\u00f3 a personal directivo de las escuelas, docentes, madres, padres de familia y habitantes.<\/p>\n\n\n\n<p>Durante la jornada, el servidor p\u00fablico y responsables de diversas \u00e1reas del Instituto, canalizaron las peticiones sobre temas prioritarios en el sector educativo, para que, como lo ha establecido el Gobernador del Estado reciban respuesta de forma inmediata en beneficio de la comunidad escolar y docente.<\/p>\n\n\n\n<p>Los Encuentros con Autoridades Municipales son un ejercicio de cercan\u00eda implementado por el Gobernador Salom\u00f3n Jara Cruz con el acompa\u00f1amiento de titulares de su gabinete, a fin de atender las distintas necesidades de la poblaci\u00f3n, cumpliendo con la premisa de ser un gobierno de territorio no de escritorio.<\/p>\n\n\n\n<figure class=\"wp-block-image size-large\"><img fetchpriority=\"high\" decoding=\"async\" width=\"700\" height=\"780\" src=\"https:\/\/contextoanalisisperiodistico.com\/wp-content\/uploads\/2023\/04\/img-20230413-wa00284773845874631094055.jpg\" alt=\"\" class=\"wp-image-11759\" srcset=\"https:\/\/contextoanalisisperiodistico.com\/wp-content\/uploads\/2023\/04\/img-20230413-wa00284773845874631094055.jpg 700w, https:\/\/contextoanalisisperiodistico.com\/wp-content\/uploads\/2023\/04\/img-20230413-wa00284773845874631094055-269x300.jpg 269w\" sizes=\"(max-width: 700px) 100vw, 700px\" \/><\/figure>\n\n\n\n<figure class=\"wp-block-image\"><img decoding=\"async\" width=\"300\" height=\"243\" src=\"https:\/\/contextoanalisisperiodistico.com\/wp-content\/uploads\/2023\/04\/img-20230413-wa00267980549869446449338-300x243.jpg\" alt=\"\" class=\"wp-image-11761\" srcset=\"https:\/\/contextoanalisisperiodistico.com\/wp-content\/uploads\/2023\/04\/img-20230413-wa00267980549869446449338-300x243.jpg 300w, https:\/\/contextoanalisisperiodistico.com\/wp-content\/uploads\/2023\/04\/img-20230413-wa00267980549869446449338-768x621.jpg 768w, https:\/\/contextoanalisisperiodistico.com\/wp-content\/uploads\/2023\/04\/img-20230413-wa00267980549869446449338.jpg 900w\" sizes=\"(max-width: 300px) 100vw, 300px\" \/><\/figure>\n\n\n\n<figure class=\"wp-block-image\"><img decoding=\"async\" width=\"300\" height=\"161\" src=\"https:\/\/contextoanalisisperiodistico.com\/wp-content\/uploads\/2023\/04\/img-20230413-wa00278218671062168897310-300x161.jpg\" alt=\"\" class=\"wp-image-11760\" srcset=\"https:\/\/contextoanalisisperiodistico.com\/wp-content\/uploads\/2023\/04\/img-20230413-wa00278218671062168897310-300x161.jpg 300w, https:\/\/contextoanalisisperiodistico.com\/wp-content\/uploads\/2023\/04\/img-20230413-wa00278218671062168897310-768x411.jpg 768w, https:\/\/contextoanalisisperiodistico.com\/wp-content\/uploads\/2023\/04\/img-20230413-wa00278218671062168897310.jpg 1024w\" sizes=\"(max-width: 300px) 100vw, 300px\" \/><\/figure>\n","protected":false},"excerpt":{"rendered":"<p>\u2022 En el Encuentro con Autoridades Municipales de la regi\u00f3n se atendieron las principales peticiones&#8230;<\/p>\n","protected":false},"author":4,"featured_media":11758,"comment_status":"open","ping_status":"open","sticky":false,"template":"","format":"standard","meta":{"footnotes":""},"categories":[9],"tags":[],"jetpack_sharing_enabled":true,"featured_image_urls":{"full":["https:\/\/contextoanalisisperiodistico.com\/wp-content\/uploads\/2023\/04\/IMG-20230413-WA0030.jpg",1024,683,false],"thumbnail":["https:\/\/contextoanalisisperiodistico.com\/wp-content\/uploads\/2023\/04\/IMG-20230413-WA0030-150x150.jpg",150,150,true],"medium":["https:\/\/contextoanalisisperiodistico.com\/wp-content\/uploads\/2023\/04\/IMG-20230413-WA0030-300x200.jpg",300,200,true],"medium_large":["https:\/\/contextoanalisisperiodistico.com\/wp-content\/uploads\/2023\/04\/IMG-20230413-WA0030-768x512.jpg",640,427,true],"large":["https:\/\/contextoanalisisperiodistico.com\/wp-content\/uploads\/2023\/04\/IMG-20230413-WA0030.jpg",640,427,false],"1536x1536":["https:\/\/contextoanalisisperiodistico.com\/wp-content\/uploads\/2023\/04\/IMG-20230413-WA0030.jpg",1024,683,false],"2048x2048":["https:\/\/contextoanalisisperiodistico.com\/wp-content\/uploads\/2023\/04\/IMG-20230413-WA0030.jpg",1024,683,false],"covernews-slider-full":["https:\/\/contextoanalisisperiodistico.com\/wp-content\/uploads\/2023\/04\/IMG-20230413-WA0030.jpg",1024,683,false],"covernews-slider-center":["https:\/\/contextoanalisisperiodistico.com\/wp-content\/uploads\/2023\/04\/IMG-20230413-WA0030-800x500.jpg",800,500,true],"covernews-featured":["https:\/\/contextoanalisisperiodistico.com\/wp-content\/uploads\/2023\/04\/IMG-20230413-WA0030.jpg",1024,683,false],"covernews-medium":["https:\/\/contextoanalisisperiodistico.com\/wp-content\/uploads\/2023\/04\/IMG-20230413-WA0030-540x340.jpg",540,340,true],"covernews-medium-square":["https:\/\/contextoanalisisperiodistico.com\/wp-content\/uploads\/2023\/04\/IMG-20230413-WA0030-400x250.jpg",400,250,true]},"author_info":{"display_name":"Mario Gir\u00f3n","author_link":"https:\/\/contextoanalisisperiodistico.com\/index.php\/author\/director\/"},"category_info":"<a href=\"https:\/\/contextoanalisisperiodistico.com\/index.php\/category\/politica\/\" rel=\"category tag\">Pol\u00edtica<\/a>","tag_info":"Pol\u00edtica","comment_count":"0","jetpack_featured_media_url":"https:\/\/contextoanalisisperiodistico.com\/wp-content\/uploads\/2023\/04\/IMG-20230413-WA0030.jpg","_links":{"self":[{"href":"https:\/\/contextoanalisisperiodistico.com\/index.php\/wp-json\/wp\/v2\/posts\/11757"}],"collection":[{"href":"https:\/\/contextoanalisisperiodistico.com\/index.php\/wp-json\/wp\/v2\/posts"}],"about":[{"href":"https:\/\/contextoanalisisperiodistico.com\/index.php\/wp-json\/wp\/v2\/types\/post"}],"author":[{"embeddable":true,"href":"https:\/\/contextoanalisisperiodistico.com\/index.php\/wp-json\/wp\/v2\/users\/4"}],"replies":[{"embeddable":true,"href":"https:\/\/contextoanalisisperiodistico.com\/index.php\/wp-json\/wp\/v2\/comments?post=11757"}],"version-history":[{"count":1,"href":"https:\/\/contextoanalisisperiodistico.com\/index.php\/wp-json\/wp\/v2\/posts\/11757\/revisions"}],"predecessor-version":[{"id":11762,"href":"https:\/\/contextoanalisisperiodistico.com\/index.php\/wp-json\/wp\/v2\/posts\/11757\/revisions\/11762"}],"wp:featuredmedia":[{"embeddable":true,"href":"https:\/\/contextoanalisisperiodistico.com\/index.php\/wp-json\/wp\/v2\/media\/11758"}],"wp:attachment":[{"href":"https:\/\/contextoanalisisperiodistico.com\/index.php\/wp-json\/wp\/v2\/media?parent=11757"}],"wp:term":[{"taxonomy":"category","embeddable":true,"href":"https:\/\/contextoanalisisperiodistico.com\/index.php\/wp-json\/wp\/v2\/categories?post=11757"},{"taxonomy":"post_tag","embeddable":true,"href":"https:\/\/contextoanalisisperiodistico.com\/index.php\/wp-json\/wp\/v2\/tags?post=11757"}],"curies":[{"name":"wp","href":"https:\/\/api.w.org\/{rel}","templated":true}]}}