{"id":11745,"date":"2023-04-13T09:19:54","date_gmt":"2023-04-13T15:19:54","guid":{"rendered":"https:\/\/contextoanalisisperiodistico.com\/?p=11745"},"modified":"2023-04-13T12:21:21","modified_gmt":"2023-04-13T18:21:21","slug":"empeno-esfuerzo-y-respaldo-del-gobernador-salomon-jara-en-pro-del-medio-ambiente-reconoce-ernesto-ruiz-lopez-titular-de-la-propaeo","status":"publish","type":"post","link":"https:\/\/contextoanalisisperiodistico.com\/index.php\/2023\/04\/13\/empeno-esfuerzo-y-respaldo-del-gobernador-salomon-jara-en-pro-del-medio-ambiente-reconoce-ernesto-ruiz-lopez-titular-de-la-propaeo\/","title":{"rendered":"Empe\u00f1o, esfuerzo y respaldo del gobernador Salom\u00f3n Jara en pro del medio ambiente, reconoce Ernesto Ruiz L\u00f3pez, titular de la PROPAEO"},"content":{"rendered":"<div id=\"fb-root\"><\/div>\n\n<p>* El Procurador de Protecci\u00f3n al Ambiente del Estado de Oaxaca destac\u00f3 la coordinaci\u00f3n de responsabilidades con las secretar\u00edas de Gobierno, Seguridad P\u00fablica y Medio Ambiente<\/p>\n\n\n\n<p>* Un buen trabajo vamos hacer en este sexenio, vaticina Ruiz L\u00f3pez<\/p>\n\n\n\n<p>Jaime GARC\u00cdA \/&nbsp; Mario GIR\u00d3N<\/p>\n\n\n\n<figure class=\"wp-block-video\"><video controls src=\"https:\/\/contextoanalisisperiodistico.com\/wp-content\/uploads\/2023\/04\/20230412_105528_640x360.mp4\"><\/video><\/figure>\n","protected":false},"excerpt":{"rendered":"<p>* El Procurador de Protecci\u00f3n al Ambiente del Estado de Oaxaca destac\u00f3 la coordinaci\u00f3n de&#8230;<\/p>\n","protected":false},"author":2,"featured_media":11769,"comment_status":"open","ping_status":"open","sticky":false,"template":"","format":"standard","meta":{"footnotes":""},"categories":[9],"tags":[],"jetpack_sharing_enabled":true,"featured_image_urls":{"full":["https:\/\/contextoanalisisperiodistico.com\/wp-content\/uploads\/2023\/04\/Screenshot_20230412_133225_Facebook-6.jpg",529,423,false],"thumbnail":["https:\/\/contextoanalisisperiodistico.com\/wp-content\/uploads\/2023\/04\/Screenshot_20230412_133225_Facebook-6-150x150.jpg",150,150,true],"medium":["https:\/\/contextoanalisisperiodistico.com\/wp-content\/uploads\/2023\/04\/Screenshot_20230412_133225_Facebook-6-300x240.jpg",300,240,true],"medium_large":["https:\/\/contextoanalisisperiodistico.com\/wp-content\/uploads\/2023\/04\/Screenshot_20230412_133225_Facebook-6.jpg",529,423,false],"large":["https:\/\/contextoanalisisperiodistico.com\/wp-content\/uploads\/2023\/04\/Screenshot_20230412_133225_Facebook-6.jpg",529,423,false],"1536x1536":["https:\/\/contextoanalisisperiodistico.com\/wp-content\/uploads\/2023\/04\/Screenshot_20230412_133225_Facebook-6.jpg",529,423,false],"2048x2048":["https:\/\/contextoanalisisperiodistico.com\/wp-content\/uploads\/2023\/04\/Screenshot_20230412_133225_Facebook-6.jpg",529,423,false],"covernews-slider-full":["https:\/\/contextoanalisisperiodistico.com\/wp-content\/uploads\/2023\/04\/Screenshot_20230412_133225_Facebook-6.jpg",529,423,false],"covernews-slider-center":["https:\/\/contextoanalisisperiodistico.com\/wp-content\/uploads\/2023\/04\/Screenshot_20230412_133225_Facebook-6.jpg",529,423,false],"covernews-featured":["https:\/\/contextoanalisisperiodistico.com\/wp-content\/uploads\/2023\/04\/Screenshot_20230412_133225_Facebook-6.jpg",529,423,false],"covernews-medium":["https:\/\/contextoanalisisperiodistico.com\/wp-content\/uploads\/2023\/04\/Screenshot_20230412_133225_Facebook-6-529x340.jpg",529,340,true],"covernews-medium-square":["https:\/\/contextoanalisisperiodistico.com\/wp-content\/uploads\/2023\/04\/Screenshot_20230412_133225_Facebook-6-400x250.jpg",400,250,true]},"author_info":{"display_name":"Miguel","author_link":"https:\/\/contextoanalisisperiodistico.com\/index.php\/author\/editor\/"},"category_info":"<a href=\"https:\/\/contextoanalisisperiodistico.com\/index.php\/category\/politica\/\" rel=\"category tag\">Pol\u00edtica<\/a>","tag_info":"Pol\u00edtica","comment_count":"0","jetpack_featured_media_url":"https:\/\/contextoanalisisperiodistico.com\/wp-content\/uploads\/2023\/04\/Screenshot_20230412_133225_Facebook-6.jpg","_links":{"self":[{"href":"https:\/\/contextoanalisisperiodistico.com\/index.php\/wp-json\/wp\/v2\/posts\/11745"}],"collection":[{"href":"https:\/\/contextoanalisisperiodistico.com\/index.php\/wp-json\/wp\/v2\/posts"}],"about":[{"href":"https:\/\/contextoanalisisperiodistico.com\/index.php\/wp-json\/wp\/v2\/types\/post"}],"author":[{"embeddable":true,"href":"https:\/\/contextoanalisisperiodistico.com\/index.php\/wp-json\/wp\/v2\/users\/2"}],"replies":[{"embeddable":true,"href":"https:\/\/contextoanalisisperiodistico.com\/index.php\/wp-json\/wp\/v2\/comments?post=11745"}],"version-history":[{"count":2,"href":"https:\/\/contextoanalisisperiodistico.com\/index.php\/wp-json\/wp\/v2\/posts\/11745\/revisions"}],"predecessor-version":[{"id":11768,"href":"https:\/\/contextoanalisisperiodistico.com\/index.php\/wp-json\/wp\/v2\/posts\/11745\/revisions\/11768"}],"wp:featuredmedia":[{"embeddable":true,"href":"https:\/\/contextoanalisisperiodistico.com\/index.php\/wp-json\/wp\/v2\/media\/11769"}],"wp:attachment":[{"href":"https:\/\/contextoanalisisperiodistico.com\/index.php\/wp-json\/wp\/v2\/media?parent=11745"}],"wp:term":[{"taxonomy":"category","embeddable":true,"href":"https:\/\/contextoanalisisperiodistico.com\/index.php\/wp-json\/wp\/v2\/categories?post=11745"},{"taxonomy":"post_tag","embeddable":true,"href":"https:\/\/contextoanalisisperiodistico.com\/index.php\/wp-json\/wp\/v2\/tags?post=11745"}],"curies":[{"name":"wp","href":"https:\/\/api.w.org\/{rel}","templated":true}]}}