{"id":11695,"date":"2023-04-12T11:21:46","date_gmt":"2023-04-12T17:21:46","guid":{"rendered":"https:\/\/contextoanalisisperiodistico.com\/?p=11695"},"modified":"2023-04-12T11:22:10","modified_gmt":"2023-04-12T17:22:10","slug":"pan-y-pri-forman-frente-partidista-por-la-gestion-social","status":"publish","type":"post","link":"https:\/\/contextoanalisisperiodistico.com\/index.php\/2023\/04\/12\/pan-y-pri-forman-frente-partidista-por-la-gestion-social\/","title":{"rendered":"PAN y PRI forman frente partidista por la gesti\u00f3n social"},"content":{"rendered":"<div id=\"fb-root\"><\/div>\n\n<p>Oaxaca de Ju\u00e1rez, Oax., 11 de abril de 2023.- Los dirigentes estatales de los partidos Acci\u00f3n Nacional y Revolucionario institucional anunciaron la conformaci\u00f3n de un frente partidista que permita establecer el di\u00e1logo institucional con la actual administraci\u00f3n gubernamental, a fin de que las gestiones de autoridades municipales y organizaciones sociales afines a ambos institutos, sean atendidas satisfactoriamente.<\/p>\n\n\n\n<p>En conferencia de medios, Perla Woolrich Fern\u00e1ndez y Javier Villaca\u00f1a Jim\u00e9nez, presidentes estatales del PAN y el PRI, respectivamente, se\u00f1alaron que existen una serie de inconformidades planteadas por concejales y l\u00edderes de sectores sociales, con relaci\u00f3n a la negativa y condicionamiento del gobierno estatal para dar atenci\u00f3n a los requerimientos de programas y beneficios para sus representados.<\/p>\n\n\n\n<p>Perla Woolrich Fern\u00e1ndez denunci\u00f3 que la actitud del gobierno estatal, es intolerable, por lo que urgi\u00f3 a atender de forma democr\u00e1tica e institucional a las autoridades que militan en los partidos de oposici\u00f3n, a trav\u00e9s de mesas de trabajo con las dirigencias estatales.<\/p>\n\n\n\n<p>Expuso que, en estas mesas de negociaci\u00f3n, se har\u00e1n llegar las injusticias que se han cometido contra las mujeres, el aumento de los feminicidios, la inseguridad y todos aquellos casos que no han tenido soluci\u00f3n y que afectan a todo el estado como es la aplicaci\u00f3n de una resoluci\u00f3n de la Suprema Corte de Justicia en la zona de los Chimalapas, entre otros.<\/p>\n\n\n\n<p>En este sentido, Villaca\u00f1a Jim\u00e9nez precis\u00f3 que las pol\u00edticas p\u00fablicas y programas oficiales son institucionales, y deben otorgarse en un marco de legalidad y de forma imparcial, \u201csin colores partidistas, ni afinidades\u201d, al tiempo que asegur\u00f3 que no se permitir\u00e1 la segregaci\u00f3n de ninguna organizaci\u00f3n ni ayuntamiento por parte de la administraci\u00f3n estatal.<\/p>\n\n\n\n<p>A pregunta expresa, explic\u00f3 que algunos activistas sociales han expresado su decisi\u00f3n de realizar una denuncia formal por la coacci\u00f3n cometida por personas allegadas al actual gobierno, quienes piden a cambio de atender sus demandas la pertenencia al partido pol\u00edtico de quien encabeza actualmente esta administraci\u00f3n estatal.<\/p>\n","protected":false},"excerpt":{"rendered":"<p>Oaxaca de Ju\u00e1rez, Oax., 11 de abril de 2023.- Los dirigentes estatales de los partidos&#8230;<\/p>\n","protected":false},"author":4,"featured_media":0,"comment_status":"open","ping_status":"open","sticky":false,"template":"","format":"standard","meta":{"footnotes":""},"categories":[9],"tags":[],"jetpack_sharing_enabled":true,"featured_image_urls":{"full":"","thumbnail":"","medium":"","medium_large":"","large":"","1536x1536":"","2048x2048":"","covernews-slider-full":"","covernews-slider-center":"","covernews-featured":"","covernews-medium":"","covernews-medium-square":""},"author_info":{"display_name":"Mario Gir\u00f3n","author_link":"https:\/\/contextoanalisisperiodistico.com\/index.php\/author\/director\/"},"category_info":"<a href=\"https:\/\/contextoanalisisperiodistico.com\/index.php\/category\/politica\/\" rel=\"category tag\">Pol\u00edtica<\/a>","tag_info":"Pol\u00edtica","comment_count":"0","jetpack_featured_media_url":"","_links":{"self":[{"href":"https:\/\/contextoanalisisperiodistico.com\/index.php\/wp-json\/wp\/v2\/posts\/11695"}],"collection":[{"href":"https:\/\/contextoanalisisperiodistico.com\/index.php\/wp-json\/wp\/v2\/posts"}],"about":[{"href":"https:\/\/contextoanalisisperiodistico.com\/index.php\/wp-json\/wp\/v2\/types\/post"}],"author":[{"embeddable":true,"href":"https:\/\/contextoanalisisperiodistico.com\/index.php\/wp-json\/wp\/v2\/users\/4"}],"replies":[{"embeddable":true,"href":"https:\/\/contextoanalisisperiodistico.com\/index.php\/wp-json\/wp\/v2\/comments?post=11695"}],"version-history":[{"count":1,"href":"https:\/\/contextoanalisisperiodistico.com\/index.php\/wp-json\/wp\/v2\/posts\/11695\/revisions"}],"predecessor-version":[{"id":11697,"href":"https:\/\/contextoanalisisperiodistico.com\/index.php\/wp-json\/wp\/v2\/posts\/11695\/revisions\/11697"}],"wp:attachment":[{"href":"https:\/\/contextoanalisisperiodistico.com\/index.php\/wp-json\/wp\/v2\/media?parent=11695"}],"wp:term":[{"taxonomy":"category","embeddable":true,"href":"https:\/\/contextoanalisisperiodistico.com\/index.php\/wp-json\/wp\/v2\/categories?post=11695"},{"taxonomy":"post_tag","embeddable":true,"href":"https:\/\/contextoanalisisperiodistico.com\/index.php\/wp-json\/wp\/v2\/tags?post=11695"}],"curies":[{"name":"wp","href":"https:\/\/api.w.org\/{rel}","templated":true}]}}