{"id":11690,"date":"2023-04-12T10:49:34","date_gmt":"2023-04-12T16:49:34","guid":{"rendered":"https:\/\/contextoanalisisperiodistico.com\/?p=11690"},"modified":"2023-04-12T10:49:42","modified_gmt":"2023-04-12T16:49:42","slug":"gobierno-del-estado-invita-a-oaxaquenas-a-participar-en-el-programa-de-microcreditos-mujeres-fuerza-del-sureste","status":"publish","type":"post","link":"https:\/\/contextoanalisisperiodistico.com\/index.php\/2023\/04\/12\/gobierno-del-estado-invita-a-oaxaquenas-a-participar-en-el-programa-de-microcreditos-mujeres-fuerza-del-sureste\/","title":{"rendered":"Gobierno del Estado invita a oaxaque\u00f1as a participar en el programa de microcr\u00e9ditos Mujeres Fuerza del Sureste"},"content":{"rendered":"<div id=\"fb-root\"><\/div>\n\n<p><br>\u2022 Se iniciar\u00e1 el pr\u00f3ximo viernes 14 de abril a las 10:30 horas en la explanada municipal de San Antonino Castillo Velasco<\/p>\n\n\n\n<p>Tlalixtac de Cabrera, Oax. 12 de abril de 2023.- El Gobierno del Estado de Oaxaca a trav\u00e9s de la Secretar\u00eda de Desarrollo Econ\u00f3mico (Sedeco) en coordinaci\u00f3n con Google, la Secretar\u00eda de Econom\u00eda del Gobierno Federal (SE) y Pro Mujer A.C. invitan a las oaxaque\u00f1as a formar parte del proyecto Mujeres Fuerza del Sureste, el cual ofrece capacitaci\u00f3n y microcr\u00e9ditos dirigidos a mujeres que cuenten con una actividad productiva.<br \/>Este programa iniciar\u00e1 en Oaxaca el pr\u00f3ximo viernes 14 de abril a las 10:30 horas en la explanada municipal de San Antonino Castillo Velasco y tiene como objetivo mejorar la autoestima, fortalecer los mecanismos de venta a trav\u00e9s de las redes sociales, mejorar las habilidades de comunicaci\u00f3n de las participantes y fortalecer la independencia financiera de las mujeres al hacer crecer sus negocios.<br \/>Con Mujeres Fuerza del Sureste se entregar\u00e1n cr\u00e9ditos a mujeres emprendedoras y se llevar\u00e1 a cabo una exhibici\u00f3n en la que podr\u00e1n participar artesanas y artesanos de diferentes rubros. Para el registro de dicha exhibici\u00f3n las personas interesadas pueden consultar las redes sociales de esta Secretar\u00eda: Twitter: @DesEconomicoOax y Facebook: Secretar\u00eda de Desarrollo Econ\u00f3mico Oaxaca<br \/>Las personas que requieran un cr\u00e9dito deber\u00e1n reunir los siguientes requisitos: tener entre 18 y 59 a\u00f1os, contar con una micro o peque\u00f1a empresa o desarrollar alguna actividad productiva (comercio, artesan\u00eda, entre otros). Las beneficiarias pueden pertenecer al sector informal, tener o no historial crediticio.<br \/>Cabe resaltar que Mujeres Fuerza del Sureste es un programa operado por Pro Mujer, una empresa social con m\u00e1s de 32 a\u00f1os trabajando por la igualdad de g\u00e9nero en Am\u00e9rica Latina, que busca impulsar la inclusi\u00f3n financiera de las mujeres, ofrecerles oportunidades de capacitaci\u00f3n y emprendimiento, as\u00ed como ampliar su acceso a servicios de salud y bienestar.<\/p>\n\n\n\n<p>-0-<\/p>\n\n\n\n<figure class=\"wp-block-image size-large\"><img decoding=\"async\" src=\"https:\/\/contextoanalisisperiodistico.com\/wp-content\/uploads\/2023\/04\/img-20230412-wa00466048430718836633390-683x1024.jpg\" alt=\"\" class=\"wp-image-11692\"\/><\/figure>\n\n\n\n<figure class=\"wp-block-image\"><img decoding=\"async\" src=\"https:\/\/contextoanalisisperiodistico.com\/wp-content\/uploads\/2023\/04\/img-20230412-wa00441202543545153258761-1024x682.jpg\" alt=\"\" class=\"wp-image-11693\"\/><\/figure>\n","protected":false},"excerpt":{"rendered":"<p>\u2022 Se iniciar\u00e1 el pr\u00f3ximo viernes 14 de abril a las 10:30 horas en la&#8230;<\/p>\n","protected":false},"author":4,"featured_media":0,"comment_status":"open","ping_status":"open","sticky":false,"template":"","format":"standard","meta":{"footnotes":""},"categories":[9],"tags":[],"jetpack_sharing_enabled":true,"featured_image_urls":{"full":"","thumbnail":"","medium":"","medium_large":"","large":"","1536x1536":"","2048x2048":"","covernews-slider-full":"","covernews-slider-center":"","covernews-featured":"","covernews-medium":"","covernews-medium-square":""},"author_info":{"display_name":"Mario Gir\u00f3n","author_link":"https:\/\/contextoanalisisperiodistico.com\/index.php\/author\/director\/"},"category_info":"<a href=\"https:\/\/contextoanalisisperiodistico.com\/index.php\/category\/politica\/\" rel=\"category tag\">Pol\u00edtica<\/a>","tag_info":"Pol\u00edtica","comment_count":"0","jetpack_featured_media_url":"","_links":{"self":[{"href":"https:\/\/contextoanalisisperiodistico.com\/index.php\/wp-json\/wp\/v2\/posts\/11690"}],"collection":[{"href":"https:\/\/contextoanalisisperiodistico.com\/index.php\/wp-json\/wp\/v2\/posts"}],"about":[{"href":"https:\/\/contextoanalisisperiodistico.com\/index.php\/wp-json\/wp\/v2\/types\/post"}],"author":[{"embeddable":true,"href":"https:\/\/contextoanalisisperiodistico.com\/index.php\/wp-json\/wp\/v2\/users\/4"}],"replies":[{"embeddable":true,"href":"https:\/\/contextoanalisisperiodistico.com\/index.php\/wp-json\/wp\/v2\/comments?post=11690"}],"version-history":[{"count":1,"href":"https:\/\/contextoanalisisperiodistico.com\/index.php\/wp-json\/wp\/v2\/posts\/11690\/revisions"}],"predecessor-version":[{"id":11694,"href":"https:\/\/contextoanalisisperiodistico.com\/index.php\/wp-json\/wp\/v2\/posts\/11690\/revisions\/11694"}],"wp:attachment":[{"href":"https:\/\/contextoanalisisperiodistico.com\/index.php\/wp-json\/wp\/v2\/media?parent=11690"}],"wp:term":[{"taxonomy":"category","embeddable":true,"href":"https:\/\/contextoanalisisperiodistico.com\/index.php\/wp-json\/wp\/v2\/categories?post=11690"},{"taxonomy":"post_tag","embeddable":true,"href":"https:\/\/contextoanalisisperiodistico.com\/index.php\/wp-json\/wp\/v2\/tags?post=11690"}],"curies":[{"name":"wp","href":"https:\/\/api.w.org\/{rel}","templated":true}]}}