{"id":11685,"date":"2023-04-12T10:46:06","date_gmt":"2023-04-12T16:46:06","guid":{"rendered":"https:\/\/contextoanalisisperiodistico.com\/?p=11685"},"modified":"2023-04-12T10:46:14","modified_gmt":"2023-04-12T16:46:14","slug":"trasladan-via-aerea-a-mujer-con-complicaciones-posparto","status":"publish","type":"post","link":"https:\/\/contextoanalisisperiodistico.com\/index.php\/2023\/04\/12\/trasladan-via-aerea-a-mujer-con-complicaciones-posparto\/","title":{"rendered":"Trasladan v\u00eda a\u00e9rea a mujer con complicaciones posparto"},"content":{"rendered":"<div id=\"fb-root\"><\/div>\n\n<p>*El Gobierno de Oaxaca cumple su compromiso con la poblaci\u00f3n oaxaque\u00f1a de hacer uso de todos los recursos disponibles para atender los temas de salud<\/p>\n\n\n\n<p>Oaxaca de Ju\u00e1rez, Oax. 12 de abril de 2023.- En cumplimiento a la premisa de brindar atenci\u00f3n m\u00e9dica oportuna y de calidad a la poblaci\u00f3n oaxaque\u00f1a, el Gobierno del Estado a trav\u00e9s de la flota de aeronaves realiz\u00f3 este martes el traslado interhospitalario de una mujer que requer\u00eda este servicio urgente desde el municipio de Santiago de Juxtlahuaca.<\/p>\n\n\n\n<p>La paciente de 21 a\u00f1os de edad present\u00f3 complicaciones posparto, por lo que los Servicios de Salud de Oaxaca (SSO) solicitaron de forma inmediata el traslado a\u00e9reo de la ciudadana a un nosocomio de la capital del estado.<\/p>\n\n\n\n<p>La paciente, quien present\u00f3 problemas cardiacos, fue trasladada a trav\u00e9s del helic\u00f3ptero Bell 407, tripulado por los Capitanes \u00c1lvaro Mora, Andr\u00e9s Reyes y el m\u00e9dico Alberto Arrazola, quien brind\u00f3 los cuidados protocolarios hasta su llegada al Hospital General de Zona N\u00famero 1 del Instituto Mexicano de Seguro Social (IMSS) donde fue atendida.<\/p>\n\n\n\n<p>Por indicaciones del Gobernador Salom\u00f3n Jara Cruz, la flota a\u00e9rea del Gobierno del Estado se encuentra lista para atender situaciones de emergencias de salud y para apoyar al combate a los incendios forestales en territorio oaxaque\u00f1o.<\/p>\n\n\n\n<p>Es importante mencionar que la actual administraci\u00f3n destin\u00f3 la flota de aeronaves para estas causas, ya que en el pasado eran utilizadas para el traslado del funcionariado incluso para fines personales.<\/p>\n\n\n\n<figure class=\"wp-block-image size-large\"><img decoding=\"async\" src=\"https:\/\/contextoanalisisperiodistico.com\/wp-content\/uploads\/2023\/04\/img-20230412-wa00284259990214824009649.jpg\" alt=\"\" class=\"wp-image-11687\"\/><\/figure>\n\n\n\n<figure class=\"wp-block-image\"><img decoding=\"async\" src=\"https:\/\/contextoanalisisperiodistico.com\/wp-content\/uploads\/2023\/04\/img-20230412-wa00306065846497816559616-1024x768.jpg\" alt=\"\" class=\"wp-image-11688\"\/><\/figure>\n","protected":false},"excerpt":{"rendered":"<p>*El Gobierno de Oaxaca cumple su compromiso con la poblaci\u00f3n oaxaque\u00f1a de hacer uso de&#8230;<\/p>\n","protected":false},"author":4,"featured_media":0,"comment_status":"open","ping_status":"open","sticky":false,"template":"","format":"standard","meta":{"footnotes":""},"categories":[9],"tags":[],"jetpack_sharing_enabled":true,"featured_image_urls":{"full":"","thumbnail":"","medium":"","medium_large":"","large":"","1536x1536":"","2048x2048":"","covernews-slider-full":"","covernews-slider-center":"","covernews-featured":"","covernews-medium":"","covernews-medium-square":""},"author_info":{"display_name":"Mario Gir\u00f3n","author_link":"https:\/\/contextoanalisisperiodistico.com\/index.php\/author\/director\/"},"category_info":"<a href=\"https:\/\/contextoanalisisperiodistico.com\/index.php\/category\/politica\/\" rel=\"category tag\">Pol\u00edtica<\/a>","tag_info":"Pol\u00edtica","comment_count":"0","jetpack_featured_media_url":"","_links":{"self":[{"href":"https:\/\/contextoanalisisperiodistico.com\/index.php\/wp-json\/wp\/v2\/posts\/11685"}],"collection":[{"href":"https:\/\/contextoanalisisperiodistico.com\/index.php\/wp-json\/wp\/v2\/posts"}],"about":[{"href":"https:\/\/contextoanalisisperiodistico.com\/index.php\/wp-json\/wp\/v2\/types\/post"}],"author":[{"embeddable":true,"href":"https:\/\/contextoanalisisperiodistico.com\/index.php\/wp-json\/wp\/v2\/users\/4"}],"replies":[{"embeddable":true,"href":"https:\/\/contextoanalisisperiodistico.com\/index.php\/wp-json\/wp\/v2\/comments?post=11685"}],"version-history":[{"count":1,"href":"https:\/\/contextoanalisisperiodistico.com\/index.php\/wp-json\/wp\/v2\/posts\/11685\/revisions"}],"predecessor-version":[{"id":11689,"href":"https:\/\/contextoanalisisperiodistico.com\/index.php\/wp-json\/wp\/v2\/posts\/11685\/revisions\/11689"}],"wp:attachment":[{"href":"https:\/\/contextoanalisisperiodistico.com\/index.php\/wp-json\/wp\/v2\/media?parent=11685"}],"wp:term":[{"taxonomy":"category","embeddable":true,"href":"https:\/\/contextoanalisisperiodistico.com\/index.php\/wp-json\/wp\/v2\/categories?post=11685"},{"taxonomy":"post_tag","embeddable":true,"href":"https:\/\/contextoanalisisperiodistico.com\/index.php\/wp-json\/wp\/v2\/tags?post=11685"}],"curies":[{"name":"wp","href":"https:\/\/api.w.org\/{rel}","templated":true}]}}