{"id":11656,"date":"2023-04-11T17:16:36","date_gmt":"2023-04-11T23:16:36","guid":{"rendered":"https:\/\/contextoanalisisperiodistico.com\/?p=11656"},"modified":"2023-04-11T17:16:45","modified_gmt":"2023-04-11T23:16:45","slug":"dif-municipal-en-colaboracion-con-el-cecati-68-y-tiendas-oxxo-capacita-a-adultos-mayores","status":"publish","type":"post","link":"https:\/\/contextoanalisisperiodistico.com\/index.php\/2023\/04\/11\/dif-municipal-en-colaboracion-con-el-cecati-68-y-tiendas-oxxo-capacita-a-adultos-mayores\/","title":{"rendered":"DIF Municipal en colaboraci\u00f3n con el CECATI 68 y tiendas OXXO capacita a adultos mayores"},"content":{"rendered":"<div id=\"fb-root\"><\/div>\n\n<p>\u2022 Estas actividades buscan impulsar el desarrollo personal y profesional de los adultos mayores, adem\u00e1s de contribuir a su productividad y activaci\u00f3n econ\u00f3mica.<\/p>\n\n\n\n<p>Oaxaca de Ju\u00e1rez, Oax., a 11 de abril de 2023.- El DIF Municipal, en colaboraci\u00f3n con el Centro de Capacitaci\u00f3n para el Trabajo Industrial (CECATI 68) y Tiendas OXXO, dio el banderazo de inicio a una serie de capacitaciones dirigidas a adultos mayores con el objetivo de mejorar sus habilidades y prepararlos para enfrentar el mundo laboral actual.<\/p>\n\n\n\n<p>El ambiente fue de entusiasmo y expectativa, donde la presidenta honoraria del Comit\u00e9 Municipal del Sistema DIF Oaxaca, Bernarda Gonz\u00e1lez Rivas, acompa\u00f1ada de la directora del CECATI 68, Maritza Reyes Osorio, y el Gerente de OXXO plaza Oaxaca, Marcos Adelino Alarc\u00f3n Feria, reiter\u00f3 su compromiso con la comunidad y su deseo de contribuir al desarrollo de los adultos mayores.<\/p>\n\n\n\n<p>Cabe se\u00f1alar que estas capacitaciones se llevan a cabo en el Centro de Capacitaci\u00f3n para Adultos Mayores y est\u00e1n enfocadas en tecnolog\u00edas de la informaci\u00f3n como Windows e Internet, Publisher, Word, PowerPoint y Excel. Esto ayudar\u00e1 a mantenerlos actualizados y aumentar\u00e1 sus oportunidades de empleo o emprendimiento, abriendo nuevos caminos para ellos. Es importante mencionar que dichas capacitaciones fue gracias a la inversi\u00f3n de m\u00e1s de $700 mil pesos por parte de OXXO, destinados a la rehabilitaci\u00f3n del centro y de esta forma permite que se pueda seguir brindando un ambiente \u00f3ptimo y seguro para el aprendizaje y desarrollo de los adultos mayores.<\/p>\n\n\n\n<p>De esta forma, el DIF Municipal, el CECATI 68 y Tiendas OXXO se enorgullecen de poder ofrecer estas capacitaciones a los adultos mayores, ayud\u00e1ndolos a adaptarse al mundo laboral y mejorando su calidad de vida. Con estas acciones demuestran el compromiso que tiene el gobierno municipal de Oaxaca de Ju\u00e1rez, con los adultos mayores en la ciudad, proporcion\u00e1ndoles las herramientas y habilidades necesarias para prosperar en su vida personal y profesional.<\/p>\n\n\n\n<figure class=\"wp-block-image size-large\"><img decoding=\"async\" src=\"https:\/\/contextoanalisisperiodistico.com\/wp-content\/uploads\/2023\/04\/img-20230411-wa00652555256851473314028-1024x641.jpg\" alt=\"\" class=\"wp-image-11661\"\/><\/figure>\n\n\n\n<figure class=\"wp-block-image\"><img decoding=\"async\" src=\"https:\/\/contextoanalisisperiodistico.com\/wp-content\/uploads\/2023\/04\/img-20230411-wa00616708399193713929831-1024x685.jpg\" alt=\"\" class=\"wp-image-11659\"\/><\/figure>\n\n\n\n<figure class=\"wp-block-image\"><img decoding=\"async\" src=\"https:\/\/contextoanalisisperiodistico.com\/wp-content\/uploads\/2023\/04\/img-20230411-wa00675601580852467084842-1024x683.jpg\" alt=\"\" class=\"wp-image-11658\"\/><\/figure>\n\n\n\n<figure class=\"wp-block-image\"><img decoding=\"async\" src=\"https:\/\/contextoanalisisperiodistico.com\/wp-content\/uploads\/2023\/04\/img-20230411-wa0066423067551966553262-1024x683.jpg\" alt=\"\" class=\"wp-image-11660\"\/><\/figure>\n","protected":false},"excerpt":{"rendered":"<p>\u2022 Estas actividades buscan impulsar el desarrollo personal y profesional de los adultos mayores, adem\u00e1s&#8230;<\/p>\n","protected":false},"author":4,"featured_media":0,"comment_status":"open","ping_status":"open","sticky":false,"template":"","format":"standard","meta":{"footnotes":""},"categories":[9],"tags":[],"jetpack_sharing_enabled":true,"featured_image_urls":{"full":"","thumbnail":"","medium":"","medium_large":"","large":"","1536x1536":"","2048x2048":"","covernews-slider-full":"","covernews-slider-center":"","covernews-featured":"","covernews-medium":"","covernews-medium-square":""},"author_info":{"display_name":"Mario Gir\u00f3n","author_link":"https:\/\/contextoanalisisperiodistico.com\/index.php\/author\/director\/"},"category_info":"<a href=\"https:\/\/contextoanalisisperiodistico.com\/index.php\/category\/politica\/\" rel=\"category tag\">Pol\u00edtica<\/a>","tag_info":"Pol\u00edtica","comment_count":"0","jetpack_featured_media_url":"","_links":{"self":[{"href":"https:\/\/contextoanalisisperiodistico.com\/index.php\/wp-json\/wp\/v2\/posts\/11656"}],"collection":[{"href":"https:\/\/contextoanalisisperiodistico.com\/index.php\/wp-json\/wp\/v2\/posts"}],"about":[{"href":"https:\/\/contextoanalisisperiodistico.com\/index.php\/wp-json\/wp\/v2\/types\/post"}],"author":[{"embeddable":true,"href":"https:\/\/contextoanalisisperiodistico.com\/index.php\/wp-json\/wp\/v2\/users\/4"}],"replies":[{"embeddable":true,"href":"https:\/\/contextoanalisisperiodistico.com\/index.php\/wp-json\/wp\/v2\/comments?post=11656"}],"version-history":[{"count":1,"href":"https:\/\/contextoanalisisperiodistico.com\/index.php\/wp-json\/wp\/v2\/posts\/11656\/revisions"}],"predecessor-version":[{"id":11662,"href":"https:\/\/contextoanalisisperiodistico.com\/index.php\/wp-json\/wp\/v2\/posts\/11656\/revisions\/11662"}],"wp:attachment":[{"href":"https:\/\/contextoanalisisperiodistico.com\/index.php\/wp-json\/wp\/v2\/media?parent=11656"}],"wp:term":[{"taxonomy":"category","embeddable":true,"href":"https:\/\/contextoanalisisperiodistico.com\/index.php\/wp-json\/wp\/v2\/categories?post=11656"},{"taxonomy":"post_tag","embeddable":true,"href":"https:\/\/contextoanalisisperiodistico.com\/index.php\/wp-json\/wp\/v2\/tags?post=11656"}],"curies":[{"name":"wp","href":"https:\/\/api.w.org\/{rel}","templated":true}]}}