{"id":11645,"date":"2023-04-11T06:06:28","date_gmt":"2023-04-11T12:06:28","guid":{"rendered":"https:\/\/contextoanalisisperiodistico.com\/index.php\/2023\/04\/11\/el-dialogo-se-convirtio-en-ruta-para-alcanzar-acuerdos-entre-la-autoridad-municipal-y-sindicato-autonomo\/"},"modified":"2023-04-11T06:06:28","modified_gmt":"2023-04-11T12:06:28","slug":"el-dialogo-se-convirtio-en-ruta-para-alcanzar-acuerdos-entre-la-autoridad-municipal-y-sindicato-autonomo","status":"publish","type":"post","link":"https:\/\/contextoanalisisperiodistico.com\/index.php\/2023\/04\/11\/el-dialogo-se-convirtio-en-ruta-para-alcanzar-acuerdos-entre-la-autoridad-municipal-y-sindicato-autonomo\/","title":{"rendered":"El di\u00e1logo se convirti\u00f3 en ruta para alcanzar acuerdos entre la autoridad municipal y Sindicato Aut\u00f3nomo"},"content":{"rendered":"<div id=\"fb-root\"><\/div>\n\n<p>El presidente municipal de Oaxaca de Ju\u00e1rez, Francisco Mart\u00ednez Neri informa a la ciudadan\u00eda que anoche, tras haber platicado con la dirigencia del Sindicato Aut\u00f3nomo de Trabajadores y Empleados al Servicio del Ayuntamiento del Municipio de Oaxaca de Ju\u00e1rez, acerca de sus exigencias, se acord\u00f3 seguir dialogando para revisar sus peticiones. Por tanto, las instalaciones del palacio municipal han sido liberadas y est\u00e1 ma\u00f1ana se presentan libres para seguir atendiendo a capitalinos y comunidad en general. <\/p>\n","protected":false},"excerpt":{"rendered":"<p>El presidente municipal de Oaxaca de Ju\u00e1rez, Francisco Mart\u00ednez Neri informa a la ciudadan\u00eda que&#8230;<\/p>\n","protected":false},"author":4,"featured_media":0,"comment_status":"open","ping_status":"open","sticky":false,"template":"","format":"standard","meta":{"footnotes":""},"categories":[9],"tags":[],"jetpack_sharing_enabled":true,"featured_image_urls":{"full":"","thumbnail":"","medium":"","medium_large":"","large":"","1536x1536":"","2048x2048":"","covernews-slider-full":"","covernews-slider-center":"","covernews-featured":"","covernews-medium":"","covernews-medium-square":""},"author_info":{"display_name":"Mario Gir\u00f3n","author_link":"https:\/\/contextoanalisisperiodistico.com\/index.php\/author\/director\/"},"category_info":"<a href=\"https:\/\/contextoanalisisperiodistico.com\/index.php\/category\/politica\/\" rel=\"category tag\">Pol\u00edtica<\/a>","tag_info":"Pol\u00edtica","comment_count":"0","jetpack_featured_media_url":"","_links":{"self":[{"href":"https:\/\/contextoanalisisperiodistico.com\/index.php\/wp-json\/wp\/v2\/posts\/11645"}],"collection":[{"href":"https:\/\/contextoanalisisperiodistico.com\/index.php\/wp-json\/wp\/v2\/posts"}],"about":[{"href":"https:\/\/contextoanalisisperiodistico.com\/index.php\/wp-json\/wp\/v2\/types\/post"}],"author":[{"embeddable":true,"href":"https:\/\/contextoanalisisperiodistico.com\/index.php\/wp-json\/wp\/v2\/users\/4"}],"replies":[{"embeddable":true,"href":"https:\/\/contextoanalisisperiodistico.com\/index.php\/wp-json\/wp\/v2\/comments?post=11645"}],"version-history":[{"count":0,"href":"https:\/\/contextoanalisisperiodistico.com\/index.php\/wp-json\/wp\/v2\/posts\/11645\/revisions"}],"wp:attachment":[{"href":"https:\/\/contextoanalisisperiodistico.com\/index.php\/wp-json\/wp\/v2\/media?parent=11645"}],"wp:term":[{"taxonomy":"category","embeddable":true,"href":"https:\/\/contextoanalisisperiodistico.com\/index.php\/wp-json\/wp\/v2\/categories?post=11645"},{"taxonomy":"post_tag","embeddable":true,"href":"https:\/\/contextoanalisisperiodistico.com\/index.php\/wp-json\/wp\/v2\/tags?post=11645"}],"curies":[{"name":"wp","href":"https:\/\/api.w.org\/{rel}","templated":true}]}}