{"id":11639,"date":"2023-04-10T20:31:18","date_gmt":"2023-04-11T02:31:18","guid":{"rendered":"https:\/\/contextoanalisisperiodistico.com\/?p=11639"},"modified":"2023-04-15T09:30:09","modified_gmt":"2023-04-15T15:30:09","slug":"determina-congreso-la-no-reeleccion-de-magistrado-del-tribunal-superior-de-justicia-del-estado","status":"publish","type":"post","link":"https:\/\/contextoanalisisperiodistico.com\/index.php\/2023\/04\/10\/determina-congreso-la-no-reeleccion-de-magistrado-del-tribunal-superior-de-justicia-del-estado\/","title":{"rendered":"Determina Congreso la no reelecci\u00f3n de Magistrado del Tribunal Superior de Justicia del Estado"},"content":{"rendered":"<div id=\"fb-root\"><\/div>\n\n<p>* La Comisi\u00f3n Permanente de Administraci\u00f3n y Procuraci\u00f3n de Justicia aval\u00f3 el dictamen<\/p>\n\n\n\n<p><br><strong>San Raymundo Jalpan, Oax. 10 de abril de 2023.-<\/strong>&nbsp;En sesi\u00f3n extraordinaria celebrada este jueves, las y los integrantes del Pleno Parlamentario determinaron improcedente la reelecci\u00f3n del ciudadano Jos\u00e9 R\u00edos Cruz en el cargo de Magistrado del Tribunal Superior de Justicia del Estado de Oaxaca (TSJEO).<br>De acuerdo con la diputada Lizett Arroyo Rodr\u00edguez, presidenta de la Comisi\u00f3n Permanente de Administraci\u00f3n y Procuraci\u00f3n de Justicia, el pasado 03 de abril de 2023, se realiz\u00f3 la sesi\u00f3n ordinaria donde se cit\u00f3 a la magistrada Alma L\u00f3pez V\u00e1squez y al magistrado Jos\u00e9 Luis R\u00edos Cruz para iniciar el proceso de ratificaci\u00f3n a su cargo en el Tribunal Superior de Justicia, a la cual no se presentaron a pesar de haber sido notificados.<br>\u00abCon ello demostraron que el Poder Judicial, como lo ha dicho nuestro presidente, Andr\u00e9s Manuel L\u00f3pez Obrador, son el \u00faltimo eslab\u00f3n donde predomina la corrupci\u00f3n que impide la transformaci\u00f3n del pa\u00eds, por eso se niegan a someterse a un proceso de evaluaci\u00f3n. Piensan que pueden estar por encima de la Constituci\u00f3n, pero adem\u00e1s, dejan ver el tr\u00e1fico de favores bajo los que se conduce este Poder\u00bb, expuso en tribuna la legisladora Lizett Arroyo Rodr\u00edguez.<br>Cabe se\u00f1alar que Jos\u00e9 Luis R\u00edos ocupa el cargo de Magistrado desde el 9 de abril de 2015, mismo que tendr\u00eda una vigencia de ocho a\u00f1os, venciendo su periodo el 9 de abril de 2023, sin embargo, no acudi\u00f3 a ratificar su funci\u00f3n.<br>Por lo anterior, los integrantes de esta comisi\u00f3n, destacaron que el ciudadano Jos\u00e9 Luis R\u00edos Cruz, promovi\u00f3 un amparo en el que solicita ocupar el cargo de magistrado de manera vitalicia.<br>Con 31 votos a favor y cero en contra, el Pleno Parlamentario determin\u00f3 que Jos\u00e9 Luis R\u00edos no siga con el cargo de magistrado, por lo que una vez notificada su destituci\u00f3n, deber\u00e1 entregar de manera inmediata su magistratura al Presidente del Tribunal Superior de Justicia y al Consejo de la Judicatura del Poder Judicial del Estado.<br>Este decreto entr\u00f3 en vigor el d\u00eda de su aprobaci\u00f3n.<\/p>\n\n\n\n<figure class=\"wp-block-image size-large\"><img decoding=\"async\" src=\"https:\/\/contextoanalisisperiodistico.com\/wp-content\/uploads\/2023\/04\/foto1-determinacongresolanoreelecciC3B3ndemagistrado8590797863471815481.-1024x682.jpg\" alt=\"\" class=\"wp-image-11642\"\/><\/figure>\n","protected":false},"excerpt":{"rendered":"<p>* La Comisi\u00f3n Permanente de Administraci\u00f3n y Procuraci\u00f3n de Justicia aval\u00f3 el dictamen San Raymundo&#8230;<\/p>\n","protected":false},"author":4,"featured_media":11845,"comment_status":"open","ping_status":"open","sticky":false,"template":"","format":"standard","meta":{"footnotes":""},"categories":[6],"tags":[],"jetpack_sharing_enabled":true,"featured_image_urls":{"full":["https:\/\/contextoanalisisperiodistico.com\/wp-content\/uploads\/2023\/04\/foto1-determinacongresolanoreelecciC3B3ndemagistrado8590797863471815481.-1024x682-1-e1681573256450.jpg",1024,532,false],"thumbnail":["https:\/\/contextoanalisisperiodistico.com\/wp-content\/uploads\/2023\/04\/foto1-determinacongresolanoreelecciC3B3ndemagistrado8590797863471815481.-1024x682-1-e1681573256450-150x150.jpg",150,150,true],"medium":["https:\/\/contextoanalisisperiodistico.com\/wp-content\/uploads\/2023\/04\/foto1-determinacongresolanoreelecciC3B3ndemagistrado8590797863471815481.-1024x682-1-e1681573256450-300x156.jpg",300,156,true],"medium_large":["https:\/\/contextoanalisisperiodistico.com\/wp-content\/uploads\/2023\/04\/foto1-determinacongresolanoreelecciC3B3ndemagistrado8590797863471815481.-1024x682-1-e1681573256450-768x399.jpg",640,333,true],"large":["https:\/\/contextoanalisisperiodistico.com\/wp-content\/uploads\/2023\/04\/foto1-determinacongresolanoreelecciC3B3ndemagistrado8590797863471815481.-1024x682-1-e1681573256450.jpg",640,333,false],"1536x1536":["https:\/\/contextoanalisisperiodistico.com\/wp-content\/uploads\/2023\/04\/foto1-determinacongresolanoreelecciC3B3ndemagistrado8590797863471815481.-1024x682-1-e1681573256450.jpg",1024,532,false],"2048x2048":["https:\/\/contextoanalisisperiodistico.com\/wp-content\/uploads\/2023\/04\/foto1-determinacongresolanoreelecciC3B3ndemagistrado8590797863471815481.-1024x682-1-e1681573256450.jpg",1024,532,false],"covernews-slider-full":["https:\/\/contextoanalisisperiodistico.com\/wp-content\/uploads\/2023\/04\/foto1-determinacongresolanoreelecciC3B3ndemagistrado8590797863471815481.-1024x682-1-e1681573256450.jpg",1024,532,false],"covernews-slider-center":["https:\/\/contextoanalisisperiodistico.com\/wp-content\/uploads\/2023\/04\/foto1-determinacongresolanoreelecciC3B3ndemagistrado8590797863471815481.-1024x682-1-e1681573256450-800x500.jpg",800,500,true],"covernews-featured":["https:\/\/contextoanalisisperiodistico.com\/wp-content\/uploads\/2023\/04\/foto1-determinacongresolanoreelecciC3B3ndemagistrado8590797863471815481.-1024x682-1-e1681573256450.jpg",1024,532,false],"covernews-medium":["https:\/\/contextoanalisisperiodistico.com\/wp-content\/uploads\/2023\/04\/foto1-determinacongresolanoreelecciC3B3ndemagistrado8590797863471815481.-1024x682-1-e1681573256450-540x340.jpg",540,340,true],"covernews-medium-square":["https:\/\/contextoanalisisperiodistico.com\/wp-content\/uploads\/2023\/04\/foto1-determinacongresolanoreelecciC3B3ndemagistrado8590797863471815481.-1024x682-1-e1681573256450-400x250.jpg",400,250,true]},"author_info":{"display_name":"Mario Gir\u00f3n","author_link":"https:\/\/contextoanalisisperiodistico.com\/index.php\/author\/director\/"},"category_info":"<a href=\"https:\/\/contextoanalisisperiodistico.com\/index.php\/category\/legislatura\/\" rel=\"category tag\">Legislatura<\/a>","tag_info":"Legislatura","comment_count":"0","jetpack_featured_media_url":"https:\/\/contextoanalisisperiodistico.com\/wp-content\/uploads\/2023\/04\/foto1-determinacongresolanoreelecciC3B3ndemagistrado8590797863471815481.-1024x682-1-e1681573256450.jpg","_links":{"self":[{"href":"https:\/\/contextoanalisisperiodistico.com\/index.php\/wp-json\/wp\/v2\/posts\/11639"}],"collection":[{"href":"https:\/\/contextoanalisisperiodistico.com\/index.php\/wp-json\/wp\/v2\/posts"}],"about":[{"href":"https:\/\/contextoanalisisperiodistico.com\/index.php\/wp-json\/wp\/v2\/types\/post"}],"author":[{"embeddable":true,"href":"https:\/\/contextoanalisisperiodistico.com\/index.php\/wp-json\/wp\/v2\/users\/4"}],"replies":[{"embeddable":true,"href":"https:\/\/contextoanalisisperiodistico.com\/index.php\/wp-json\/wp\/v2\/comments?post=11639"}],"version-history":[{"count":3,"href":"https:\/\/contextoanalisisperiodistico.com\/index.php\/wp-json\/wp\/v2\/posts\/11639\/revisions"}],"predecessor-version":[{"id":11846,"href":"https:\/\/contextoanalisisperiodistico.com\/index.php\/wp-json\/wp\/v2\/posts\/11639\/revisions\/11846"}],"wp:featuredmedia":[{"embeddable":true,"href":"https:\/\/contextoanalisisperiodistico.com\/index.php\/wp-json\/wp\/v2\/media\/11845"}],"wp:attachment":[{"href":"https:\/\/contextoanalisisperiodistico.com\/index.php\/wp-json\/wp\/v2\/media?parent=11639"}],"wp:term":[{"taxonomy":"category","embeddable":true,"href":"https:\/\/contextoanalisisperiodistico.com\/index.php\/wp-json\/wp\/v2\/categories?post=11639"},{"taxonomy":"post_tag","embeddable":true,"href":"https:\/\/contextoanalisisperiodistico.com\/index.php\/wp-json\/wp\/v2\/tags?post=11639"}],"curies":[{"name":"wp","href":"https:\/\/api.w.org\/{rel}","templated":true}]}}