{"id":11635,"date":"2023-04-10T19:24:02","date_gmt":"2023-04-11T01:24:02","guid":{"rendered":"https:\/\/contextoanalisisperiodistico.com\/index.php\/2023\/04\/10\/no-habra-acuerdo-por-fuera-en-la-revision-contractual-con-el-sindicato-ratifica-gobernador-salomon-jara\/"},"modified":"2023-04-10T19:24:02","modified_gmt":"2023-04-11T01:24:02","slug":"no-habra-acuerdo-por-fuera-en-la-revision-contractual-con-el-sindicato-ratifica-gobernador-salomon-jara","status":"publish","type":"post","link":"https:\/\/contextoanalisisperiodistico.com\/index.php\/2023\/04\/10\/no-habra-acuerdo-por-fuera-en-la-revision-contractual-con-el-sindicato-ratifica-gobernador-salomon-jara\/","title":{"rendered":"No habr\u00e1 acuerdo por fuera en la revisi\u00f3n contractual con el sindicato, ratifica gobernador Salom\u00f3n Jara"},"content":{"rendered":"<div id=\"fb-root\"><\/div>\n\n<p><em>El Gobernador del Estado, Salom\u00f3n Jara Cruz, asegur\u00f3 que la mesa de negociaci\u00f3n que encabeza el secretario de Administraci\u00f3n, Antonino Morales, con los bur\u00f3cratas al servicio de los Tres Poderes, va avanzando y no habr\u00e1 acuerdos fuera del contrato c<\/em>olectivo de trabajo<\/p>\n\n\n\n<figure class=\"wp-block-video\"><video controls src=\"https:\/\/contextoanalisisperiodistico.com\/wp-content\/uploads\/2023\/04\/VID-20230410-WA0097.mp4\"><\/video><\/figure>\n","protected":false},"excerpt":{"rendered":"<p>El Gobernador del Estado, Salom\u00f3n Jara Cruz, asegur\u00f3 que la mesa de negociaci\u00f3n que encabeza&#8230;<\/p>\n","protected":false},"author":4,"featured_media":0,"comment_status":"open","ping_status":"open","sticky":false,"template":"","format":"standard","meta":{"footnotes":""},"categories":[9],"tags":[],"jetpack_sharing_enabled":true,"featured_image_urls":{"full":"","thumbnail":"","medium":"","medium_large":"","large":"","1536x1536":"","2048x2048":"","covernews-slider-full":"","covernews-slider-center":"","covernews-featured":"","covernews-medium":"","covernews-medium-square":""},"author_info":{"display_name":"Mario Gir\u00f3n","author_link":"https:\/\/contextoanalisisperiodistico.com\/index.php\/author\/director\/"},"category_info":"<a href=\"https:\/\/contextoanalisisperiodistico.com\/index.php\/category\/politica\/\" rel=\"category tag\">Pol\u00edtica<\/a>","tag_info":"Pol\u00edtica","comment_count":"0","jetpack_featured_media_url":"","_links":{"self":[{"href":"https:\/\/contextoanalisisperiodistico.com\/index.php\/wp-json\/wp\/v2\/posts\/11635"}],"collection":[{"href":"https:\/\/contextoanalisisperiodistico.com\/index.php\/wp-json\/wp\/v2\/posts"}],"about":[{"href":"https:\/\/contextoanalisisperiodistico.com\/index.php\/wp-json\/wp\/v2\/types\/post"}],"author":[{"embeddable":true,"href":"https:\/\/contextoanalisisperiodistico.com\/index.php\/wp-json\/wp\/v2\/users\/4"}],"replies":[{"embeddable":true,"href":"https:\/\/contextoanalisisperiodistico.com\/index.php\/wp-json\/wp\/v2\/comments?post=11635"}],"version-history":[{"count":0,"href":"https:\/\/contextoanalisisperiodistico.com\/index.php\/wp-json\/wp\/v2\/posts\/11635\/revisions"}],"wp:attachment":[{"href":"https:\/\/contextoanalisisperiodistico.com\/index.php\/wp-json\/wp\/v2\/media?parent=11635"}],"wp:term":[{"taxonomy":"category","embeddable":true,"href":"https:\/\/contextoanalisisperiodistico.com\/index.php\/wp-json\/wp\/v2\/categories?post=11635"},{"taxonomy":"post_tag","embeddable":true,"href":"https:\/\/contextoanalisisperiodistico.com\/index.php\/wp-json\/wp\/v2\/tags?post=11635"}],"curies":[{"name":"wp","href":"https:\/\/api.w.org\/{rel}","templated":true}]}}