{"id":11585,"date":"2023-04-09T12:12:25","date_gmt":"2023-04-09T18:12:25","guid":{"rendered":"https:\/\/contextoanalisisperiodistico.com\/?p=11585"},"modified":"2023-04-09T12:12:31","modified_gmt":"2023-04-09T18:12:31","slug":"con-exito-concluye-feria-bienestar-en-huatulco","status":"publish","type":"post","link":"https:\/\/contextoanalisisperiodistico.com\/index.php\/2023\/04\/09\/con-exito-concluye-feria-bienestar-en-huatulco\/","title":{"rendered":"Con \u00e9xito concluye Feria Bienestar en Huatulco"},"content":{"rendered":"<div id=\"fb-root\"><\/div>\n\n<p>\u2022 La Secretar\u00eda de Bienestar, Tequio e Inclusi\u00f3n en coordinaci\u00f3n con el Ayuntamiento de Santa Mar\u00eda Huatulco tambi\u00e9n organiz\u00f3 un c\u00edrculo literario con jefas de familia, ni\u00f1as y ni\u00f1os<br \/>Oaxaca de Ju\u00e1rez, Oax. 09 de abril de 2023. Con una derrama de m\u00e1s de 51 mil pesos en beneficio de las y los m\u00e1s de 40 expositores participantes, as\u00ed concluy\u00f3 la Feria Bienestar realizada en La Crucecita, Huatulco.<\/p>\n\n\n\n<p>Esta actividad que encabezada por la Secretar\u00eda de Bienestar, Tequio e Inclusi\u00f3n (Sebienti) en coordinaci\u00f3n con el Ayuntamiento de Santa Mar\u00eda Huatulco, registr\u00f3 una importante asistencia de visitantes durante los tres d\u00edas que se instal\u00f3 en el parque Rufino Tamayo.<\/p>\n\n\n\n<p>Caf\u00e9, queso, miel, curados, textiles, ropa te\u00f1ida con a\u00f1il, jabones artesanales, collares, as\u00ed como aguas frescas, tlayudas, tamales, nieves, entre otros productos y servicios se ofrecieron a la venta.<\/p>\n\n\n\n<p>En el marco de esta Feria Bienestar tambi\u00e9n se realiz\u00f3 el c\u00edrculo literario con jefas de familia, ni\u00f1as, ni\u00f1os y j\u00f3venes, que permiti\u00f3 la lectura de obras como: \u201cCuando las mujeres fueron p\u00e1jaros\u201d, \u201cDuerme negrito\u201d y \u201cUn abrazo\u201d.<\/p>\n\n\n\n<p>Al respecto, la titular de la Sebienti Laura Estrada Mauro, agradeci\u00f3 al presidente municipal de Santa Mar\u00eda Huatulco, Jos\u00e9 Hern\u00e1ndez C\u00e1rdenas, por brindar todo el apoyo y las facilidades para la realizaci\u00f3n de ambas actividades que fomentan la inclusi\u00f3n, el bienestar y el desarrollo de las familias de la Costa oaxaque\u00f1a.<\/p>\n\n\n\n<p>Destac\u00f3 que en particular, las Ferias Bienestar tienen el prop\u00f3sito de crear espacios para la comercializaci\u00f3n de productos y servicios locales, y de esta manera reactivar la econom\u00eda.<\/p>\n\n\n\n<p>Agreg\u00f3 que adem\u00e1s durante las Ferias Bienestar las y los visitantes tambi\u00e9n pueden conocer m\u00e1s de la cultura y tradiciones de las ocho regiones de Oaxaca, porque las y los artesanos as\u00ed como emprendedores a trav\u00e9s de sus productos, art\u00edculos y servicios comparten de la riqueza, historia y gastronom\u00eda de su tierra.<\/p>\n\n\n\n<figure class=\"wp-block-image size-large\"><img decoding=\"async\" src=\"https:\/\/contextoanalisisperiodistico.com\/wp-content\/uploads\/2023\/04\/img-20230409-wa00163262825338951100119-768x1024.jpg\" alt=\"\" class=\"wp-image-11588\"\/><\/figure>\n\n\n\n<figure class=\"wp-block-image\"><img decoding=\"async\" src=\"https:\/\/contextoanalisisperiodistico.com\/wp-content\/uploads\/2023\/04\/img-20230409-wa00145363854482443635105-1024x950.jpg\" alt=\"\" class=\"wp-image-11589\"\/><\/figure>\n\n\n\n<figure class=\"wp-block-image\"><img decoding=\"async\" src=\"https:\/\/contextoanalisisperiodistico.com\/wp-content\/uploads\/2023\/04\/img-20230409-wa00132685274644140881488-768x1024.jpg\" alt=\"\" class=\"wp-image-11587\"\/><\/figure>\n","protected":false},"excerpt":{"rendered":"<p>\u2022 La Secretar\u00eda de Bienestar, Tequio e Inclusi\u00f3n en coordinaci\u00f3n con el Ayuntamiento de Santa&#8230;<\/p>\n","protected":false},"author":4,"featured_media":0,"comment_status":"open","ping_status":"open","sticky":false,"template":"","format":"standard","meta":{"footnotes":""},"categories":[9],"tags":[],"jetpack_sharing_enabled":true,"featured_image_urls":{"full":"","thumbnail":"","medium":"","medium_large":"","large":"","1536x1536":"","2048x2048":"","covernews-slider-full":"","covernews-slider-center":"","covernews-featured":"","covernews-medium":"","covernews-medium-square":""},"author_info":{"display_name":"Mario Gir\u00f3n","author_link":"https:\/\/contextoanalisisperiodistico.com\/index.php\/author\/director\/"},"category_info":"<a href=\"https:\/\/contextoanalisisperiodistico.com\/index.php\/category\/politica\/\" rel=\"category tag\">Pol\u00edtica<\/a>","tag_info":"Pol\u00edtica","comment_count":"0","jetpack_featured_media_url":"","_links":{"self":[{"href":"https:\/\/contextoanalisisperiodistico.com\/index.php\/wp-json\/wp\/v2\/posts\/11585"}],"collection":[{"href":"https:\/\/contextoanalisisperiodistico.com\/index.php\/wp-json\/wp\/v2\/posts"}],"about":[{"href":"https:\/\/contextoanalisisperiodistico.com\/index.php\/wp-json\/wp\/v2\/types\/post"}],"author":[{"embeddable":true,"href":"https:\/\/contextoanalisisperiodistico.com\/index.php\/wp-json\/wp\/v2\/users\/4"}],"replies":[{"embeddable":true,"href":"https:\/\/contextoanalisisperiodistico.com\/index.php\/wp-json\/wp\/v2\/comments?post=11585"}],"version-history":[{"count":1,"href":"https:\/\/contextoanalisisperiodistico.com\/index.php\/wp-json\/wp\/v2\/posts\/11585\/revisions"}],"predecessor-version":[{"id":11590,"href":"https:\/\/contextoanalisisperiodistico.com\/index.php\/wp-json\/wp\/v2\/posts\/11585\/revisions\/11590"}],"wp:attachment":[{"href":"https:\/\/contextoanalisisperiodistico.com\/index.php\/wp-json\/wp\/v2\/media?parent=11585"}],"wp:term":[{"taxonomy":"category","embeddable":true,"href":"https:\/\/contextoanalisisperiodistico.com\/index.php\/wp-json\/wp\/v2\/categories?post=11585"},{"taxonomy":"post_tag","embeddable":true,"href":"https:\/\/contextoanalisisperiodistico.com\/index.php\/wp-json\/wp\/v2\/tags?post=11585"}],"curies":[{"name":"wp","href":"https:\/\/api.w.org\/{rel}","templated":true}]}}