{"id":11578,"date":"2023-04-08T19:44:25","date_gmt":"2023-04-09T01:44:25","guid":{"rendered":"https:\/\/contextoanalisisperiodistico.com\/?p=11578"},"modified":"2023-04-08T19:44:33","modified_gmt":"2023-04-09T01:44:33","slug":"secretaria-de-seguridad-ciudadana-movilidad-y-proteccion-civil-efectua-operativo-en-mercado-de-abasto","status":"publish","type":"post","link":"https:\/\/contextoanalisisperiodistico.com\/index.php\/2023\/04\/08\/secretaria-de-seguridad-ciudadana-movilidad-y-proteccion-civil-efectua-operativo-en-mercado-de-abasto\/","title":{"rendered":"Secretar\u00eda de Seguridad Ciudadana, Movilidad y Protecci\u00f3n Civil efect\u00faa operativo en mercado de Abasto"},"content":{"rendered":"<div id=\"fb-root\"><\/div>\n\n<p>*363 tel\u00e9fonos celulares asegurados.<\/p>\n\n\n\n<p>Oaxaca de Ju\u00e1rez, Oax., 08 de abril de 2023. Como parte de la estrategia en materia de seguridad que aplica la Secretar\u00eda de Seguridad Ciudadana, Movilidad y Protecci\u00f3n Civil, aplic\u00f3 un operativo para asegurar tel\u00e9fonos celulares de dudosa procedencia en el mercado de abasto.<\/p>\n\n\n\n<p>El secretario, Ra\u00fal \u00c1vila Ibarra, inform\u00f3 que la intervenci\u00f3n se realiz\u00f3 la tarde de este s\u00e1bado con base al trabajo del \u00c1rea de Investigaci\u00f3n de Campo y Gabinete, de esta Secretar\u00eda.<\/p>\n\n\n\n<p>El personal de Proximidad Social adscrito al Grupo Urbano de Fuerzas Especiales (GUFE) apoyados por siete unidades motorizadas, intervinieron varios puestos instalados en la avenida Diagonal de Mercaderes, los cuales han sido denunciados en diversas ocasiones por expender celulares robados en esa misma zona del mercado de abasto.<\/p>\n\n\n\n<p>En el operativo aseguraron 43 celulares, nueve tabletas, tres computadoras port\u00e1tiles y 17 accesorios, sin ninguna persona detenida, ya que quienes atend\u00edan los puestos lograron escabullirse entre las personas.<\/p>\n\n\n\n<p><em>Cuarto operativo en esa zona<\/em><br \/>\u00c1vila Ibarra indic\u00f3 que es la cuarta intervenci\u00f3n de este tipo que se realiza en la avenida Diagonal de Mercaderes.<\/p>\n\n\n\n<p>Como resultado de esos operativos se ha efectuado la detenci\u00f3n de 10 adultos y un menor de edad, as\u00ed como el aseguramiento de 363 tel\u00e9fonos celulares, 13 tabletas, 4 computadoras port\u00e1tiles y 17 accesorios.<\/p>\n\n\n\n<p>Con estas acciones, la Polic\u00eda Municipal refrenda su compromiso de proteger y servir a la comunidad.<\/p>\n\n\n\n<p><em>Polic\u00eda Municipal<\/em><br \/><em>Garante de Seguridad y Paz Social<\/em><br \/><em>\u00a1Polic\u00eda Municipal, m\u00e1s cerca de ti!<\/em><\/p>\n\n\n\n<figure class=\"wp-block-image size-large\"><img decoding=\"async\" src=\"https:\/\/contextoanalisisperiodistico.com\/wp-content\/uploads\/2023\/04\/img-20230408-wa0063242489417663459654-1024x576.jpg\" alt=\"\" class=\"wp-image-11582\"\/><\/figure>\n\n\n\n<figure class=\"wp-block-image\"><img decoding=\"async\" src=\"https:\/\/contextoanalisisperiodistico.com\/wp-content\/uploads\/2023\/04\/img-20230408-wa00594177776085388889546-300x169.jpg\" alt=\"\" class=\"wp-image-11580\"\/><\/figure>\n\n\n\n<figure class=\"wp-block-image\"><img decoding=\"async\" src=\"https:\/\/contextoanalisisperiodistico.com\/wp-content\/uploads\/2023\/04\/img-20230408-wa0061995346732149103260-1024x747.jpg\" alt=\"\" class=\"wp-image-11581\"\/><\/figure>\n","protected":false},"excerpt":{"rendered":"<p>*363 tel\u00e9fonos celulares asegurados. Oaxaca de Ju\u00e1rez, Oax., 08 de abril de 2023. Como parte&#8230;<\/p>\n","protected":false},"author":4,"featured_media":0,"comment_status":"open","ping_status":"open","sticky":false,"template":"","format":"standard","meta":{"footnotes":""},"categories":[9],"tags":[],"jetpack_sharing_enabled":true,"featured_image_urls":{"full":"","thumbnail":"","medium":"","medium_large":"","large":"","1536x1536":"","2048x2048":"","covernews-slider-full":"","covernews-slider-center":"","covernews-featured":"","covernews-medium":"","covernews-medium-square":""},"author_info":{"display_name":"Mario Gir\u00f3n","author_link":"https:\/\/contextoanalisisperiodistico.com\/index.php\/author\/director\/"},"category_info":"<a href=\"https:\/\/contextoanalisisperiodistico.com\/index.php\/category\/politica\/\" rel=\"category tag\">Pol\u00edtica<\/a>","tag_info":"Pol\u00edtica","comment_count":"0","jetpack_featured_media_url":"","_links":{"self":[{"href":"https:\/\/contextoanalisisperiodistico.com\/index.php\/wp-json\/wp\/v2\/posts\/11578"}],"collection":[{"href":"https:\/\/contextoanalisisperiodistico.com\/index.php\/wp-json\/wp\/v2\/posts"}],"about":[{"href":"https:\/\/contextoanalisisperiodistico.com\/index.php\/wp-json\/wp\/v2\/types\/post"}],"author":[{"embeddable":true,"href":"https:\/\/contextoanalisisperiodistico.com\/index.php\/wp-json\/wp\/v2\/users\/4"}],"replies":[{"embeddable":true,"href":"https:\/\/contextoanalisisperiodistico.com\/index.php\/wp-json\/wp\/v2\/comments?post=11578"}],"version-history":[{"count":1,"href":"https:\/\/contextoanalisisperiodistico.com\/index.php\/wp-json\/wp\/v2\/posts\/11578\/revisions"}],"predecessor-version":[{"id":11583,"href":"https:\/\/contextoanalisisperiodistico.com\/index.php\/wp-json\/wp\/v2\/posts\/11578\/revisions\/11583"}],"wp:attachment":[{"href":"https:\/\/contextoanalisisperiodistico.com\/index.php\/wp-json\/wp\/v2\/media?parent=11578"}],"wp:term":[{"taxonomy":"category","embeddable":true,"href":"https:\/\/contextoanalisisperiodistico.com\/index.php\/wp-json\/wp\/v2\/categories?post=11578"},{"taxonomy":"post_tag","embeddable":true,"href":"https:\/\/contextoanalisisperiodistico.com\/index.php\/wp-json\/wp\/v2\/tags?post=11578"}],"curies":[{"name":"wp","href":"https:\/\/api.w.org\/{rel}","templated":true}]}}