{"id":11575,"date":"2023-04-08T18:44:04","date_gmt":"2023-04-09T00:44:04","guid":{"rendered":"https:\/\/contextoanalisisperiodistico.com\/index.php\/2023\/04\/08\/11575\/"},"modified":"2023-04-08T18:52:48","modified_gmt":"2023-04-09T00:52:48","slug":"11575","status":"publish","type":"post","link":"https:\/\/contextoanalisisperiodistico.com\/index.php\/2023\/04\/08\/11575\/","title":{"rendered":"Realizan traslado a\u00e9reo de mujer con complicaciones de postparto"},"content":{"rendered":"<div id=\"fb-root\"><\/div>\n\n<p>Oaxaca de Ju\u00e1rez, Oax. 08 de abril de 2023. Como parte de la atenci\u00f3n que brinda el Gobierno del Estado a trav\u00e9s de la flota de aeronaves, este s\u00e1bado se realiz\u00f3 el traslado interhospitalario de una mujer desde Puerto Escondido a la Ciudad de Oaxaca.<\/p>\n\n\n\n<p>La paciente de 28 a\u00f1os de edad present\u00f3 complicaciones postparto, por lo que a petici\u00f3n de los Servicios de Salud se solicit\u00f3 su traslado a\u00e9reo a la Ciudad capital, para recibir la atenci\u00f3n m\u00e9dica oportuna.<\/p>\n\n\n\n<p>De esta manera, la mujer fue trasladada a trav\u00e9s del helic\u00f3ptero Bell 407, tripulado por el Capit\u00e1n Andr\u00e9s Reyes y el m\u00e9dico Julian Tokedi, quien le brind\u00f3 los cuidados hasta su llegada a la ciudad.<\/p>\n\n\n\n<p>Cabe destacar que por instrucci\u00f3n del Gobernador Salom\u00f3n Jara Cruz, la flota a\u00e9rea del Gobierno del Estado brinda este servicio en beneficio de las y los oaxaque\u00f1os que requieran atenci\u00f3n m\u00e9dica oportuna, especialmente de quienes habitan en lugares remotos.<\/p>\n\n\n\n<p>El Gobierno de Oaxaca refrenda su compromiso de hacer uso de todos los recursos disponibles para atender y velar por la salud de las y los oaxaque\u00f1os.<\/p>\n\n\n\n<figure class=\"wp-block-image size-large\"><img decoding=\"async\" src=\"https:\/\/contextoanalisisperiodistico.com\/wp-content\/uploads\/2023\/04\/img-20230408-wa00521920568080812910489-1024x576.jpg\" alt=\"\" class=\"wp-image-11574\"\/><\/figure>\n\n\n\n<figure class=\"wp-block-image\"><img decoding=\"async\" src=\"https:\/\/contextoanalisisperiodistico.com\/wp-content\/uploads\/2023\/04\/img-20230408-wa00516517389642233607074-1024x576.jpg\" alt=\"\" class=\"wp-image-11573\"\/><\/figure>\n","protected":false},"excerpt":{"rendered":"<p>Oaxaca de Ju\u00e1rez, Oax. 08 de abril de 2023. Como parte de la atenci\u00f3n que&#8230;<\/p>\n","protected":false},"author":4,"featured_media":0,"comment_status":"open","ping_status":"open","sticky":false,"template":"","format":"standard","meta":{"footnotes":""},"categories":[9],"tags":[],"jetpack_sharing_enabled":true,"featured_image_urls":{"full":"","thumbnail":"","medium":"","medium_large":"","large":"","1536x1536":"","2048x2048":"","covernews-slider-full":"","covernews-slider-center":"","covernews-featured":"","covernews-medium":"","covernews-medium-square":""},"author_info":{"display_name":"Mario Gir\u00f3n","author_link":"https:\/\/contextoanalisisperiodistico.com\/index.php\/author\/director\/"},"category_info":"<a href=\"https:\/\/contextoanalisisperiodistico.com\/index.php\/category\/politica\/\" rel=\"category tag\">Pol\u00edtica<\/a>","tag_info":"Pol\u00edtica","comment_count":"0","jetpack_featured_media_url":"","_links":{"self":[{"href":"https:\/\/contextoanalisisperiodistico.com\/index.php\/wp-json\/wp\/v2\/posts\/11575"}],"collection":[{"href":"https:\/\/contextoanalisisperiodistico.com\/index.php\/wp-json\/wp\/v2\/posts"}],"about":[{"href":"https:\/\/contextoanalisisperiodistico.com\/index.php\/wp-json\/wp\/v2\/types\/post"}],"author":[{"embeddable":true,"href":"https:\/\/contextoanalisisperiodistico.com\/index.php\/wp-json\/wp\/v2\/users\/4"}],"replies":[{"embeddable":true,"href":"https:\/\/contextoanalisisperiodistico.com\/index.php\/wp-json\/wp\/v2\/comments?post=11575"}],"version-history":[{"count":1,"href":"https:\/\/contextoanalisisperiodistico.com\/index.php\/wp-json\/wp\/v2\/posts\/11575\/revisions"}],"predecessor-version":[{"id":11576,"href":"https:\/\/contextoanalisisperiodistico.com\/index.php\/wp-json\/wp\/v2\/posts\/11575\/revisions\/11576"}],"wp:attachment":[{"href":"https:\/\/contextoanalisisperiodistico.com\/index.php\/wp-json\/wp\/v2\/media?parent=11575"}],"wp:term":[{"taxonomy":"category","embeddable":true,"href":"https:\/\/contextoanalisisperiodistico.com\/index.php\/wp-json\/wp\/v2\/categories?post=11575"},{"taxonomy":"post_tag","embeddable":true,"href":"https:\/\/contextoanalisisperiodistico.com\/index.php\/wp-json\/wp\/v2\/tags?post=11575"}],"curies":[{"name":"wp","href":"https:\/\/api.w.org\/{rel}","templated":true}]}}