{"id":11526,"date":"2023-04-05T20:58:36","date_gmt":"2023-04-06T02:58:36","guid":{"rendered":"https:\/\/contextoanalisisperiodistico.com\/?p=11526"},"modified":"2023-04-05T20:59:05","modified_gmt":"2023-04-06T02:59:05","slug":"desaseo-impericia-e-ignorancia-de-los-poderes-ejecutivo-y-legislativo-promueven-que-cargos-del-tsj-se-perpetuen","status":"publish","type":"post","link":"https:\/\/contextoanalisisperiodistico.com\/index.php\/2023\/04\/05\/desaseo-impericia-e-ignorancia-de-los-poderes-ejecutivo-y-legislativo-promueven-que-cargos-del-tsj-se-perpetuen\/","title":{"rendered":"Desaseo, impericia e ignorancia de los Poderes Ejecutivo y Legislativo promueven que cargos del TSJ se perpet\u00faen"},"content":{"rendered":"<div id=\"fb-root\"><\/div>\n\n<p>La presidenta estatal de Acci\u00f3n Nacional, Perla Woolrich Fern\u00e1ndez se pronunci\u00f3 por una renovaci\u00f3n transparente, legal y sana de quienes integran el Poder Judicial del Estado, sin embargo, se\u00f1al\u00f3 que la ignorancia, impericia y desaseo de los procedimientos han permitido incurrir en una serie de garrafales errores desde el Ejecutivo y el Legislativo, que est\u00e1n promoviendo la perpetuidad en esos espacios.<\/p>\n\n\n\n<p>La jurista expres\u00f3 que este c\u00famulo de pifias ha puesto en riesgo el principio de la tutela judicial efectiva, que impide que los espacios que por ley deben ser sustituidos terminen en amparos ignominiosos, como es el caso de las magistraturas, que se niegan a entrar en un proceso de evaluaci\u00f3n aprovechando los claros descuidos de los otros poderes.<\/p>\n\n\n\n<p>En el caso del Poder Ejecutivo, dijo la abogada -quien fue la primera jueza en la historia de la entidad- emiti\u00f3 de forma tard\u00eda la convocatoria que, de acuerdo a la Constituci\u00f3n del Estado, deb\u00eda divulgarse oportunamente.<\/p>\n\n\n\n<p>A este desacierto, quienes integran el Congreso Local, deb\u00edan solicitar la intervenci\u00f3n del mismo Poder Judicial, en un nivel superior al de los magistrados, a fin de que sea su propia autoridad la que recopile y valide el resultado del trabajo realizado por las y los magistrados, puntualiz\u00f3 la tambi\u00e9n ex legisladora local y federal.<\/p>\n\n\n\n<p>Sin embargo, ambiciosos e inexpertos, extralimit\u00e1ndose de sus funciones, como lo ha manifestado en varias ocasiones la propia Suprema Corte de Justicia de la Naci\u00f3n, que ha corregido la plana al Congreso del Estado, invadieron las esferas de otro Poder sin realizar de forma efectiva lo que mandata el art\u00edculo 102 Constitucional, subray\u00f3 la ex contralora estatal.<\/p>\n\n\n\n<p>La ex catedr\u00e1tica en derecho por la UABJO, puntualiz\u00f3 que ambos poderes Ejecutivo y Legislativo incurrieron en graves omisiones que deben ser sancionadas.<\/p>\n\n\n\n<p>\u201cQui\u00e9nes son los responsables de estos yerros que ponen en indefensi\u00f3n en materia judicial a las y los ciudadanos, porqu\u00e9 no se emiti\u00f3 la convocatoria en tiempo y forma, porqu\u00e9 se permite que las y los magistrados cuenten con elementos suficientes para perpetuarse indefinidamente en sus cargos sin ser evaluados\u201d.<\/p>\n\n\n\n<p>A\u00f1adi\u00f3 que estos yerros propician la corrupci\u00f3n, la ilegalidad y la opacidad, frente a una ciudadan\u00eda que est\u00e1 harta de injusticias y que exige respuestas inmediatas.<\/p>\n","protected":false},"excerpt":{"rendered":"<p>La presidenta estatal de Acci\u00f3n Nacional, Perla Woolrich Fern\u00e1ndez se pronunci\u00f3 por una renovaci\u00f3n transparente,&#8230;<\/p>\n","protected":false},"author":4,"featured_media":0,"comment_status":"open","ping_status":"open","sticky":false,"template":"","format":"standard","meta":{"footnotes":""},"categories":[9],"tags":[],"jetpack_sharing_enabled":true,"featured_image_urls":{"full":"","thumbnail":"","medium":"","medium_large":"","large":"","1536x1536":"","2048x2048":"","covernews-slider-full":"","covernews-slider-center":"","covernews-featured":"","covernews-medium":"","covernews-medium-square":""},"author_info":{"display_name":"Mario Gir\u00f3n","author_link":"https:\/\/contextoanalisisperiodistico.com\/index.php\/author\/director\/"},"category_info":"<a href=\"https:\/\/contextoanalisisperiodistico.com\/index.php\/category\/politica\/\" rel=\"category tag\">Pol\u00edtica<\/a>","tag_info":"Pol\u00edtica","comment_count":"0","jetpack_featured_media_url":"","_links":{"self":[{"href":"https:\/\/contextoanalisisperiodistico.com\/index.php\/wp-json\/wp\/v2\/posts\/11526"}],"collection":[{"href":"https:\/\/contextoanalisisperiodistico.com\/index.php\/wp-json\/wp\/v2\/posts"}],"about":[{"href":"https:\/\/contextoanalisisperiodistico.com\/index.php\/wp-json\/wp\/v2\/types\/post"}],"author":[{"embeddable":true,"href":"https:\/\/contextoanalisisperiodistico.com\/index.php\/wp-json\/wp\/v2\/users\/4"}],"replies":[{"embeddable":true,"href":"https:\/\/contextoanalisisperiodistico.com\/index.php\/wp-json\/wp\/v2\/comments?post=11526"}],"version-history":[{"count":1,"href":"https:\/\/contextoanalisisperiodistico.com\/index.php\/wp-json\/wp\/v2\/posts\/11526\/revisions"}],"predecessor-version":[{"id":11528,"href":"https:\/\/contextoanalisisperiodistico.com\/index.php\/wp-json\/wp\/v2\/posts\/11526\/revisions\/11528"}],"wp:attachment":[{"href":"https:\/\/contextoanalisisperiodistico.com\/index.php\/wp-json\/wp\/v2\/media?parent=11526"}],"wp:term":[{"taxonomy":"category","embeddable":true,"href":"https:\/\/contextoanalisisperiodistico.com\/index.php\/wp-json\/wp\/v2\/categories?post=11526"},{"taxonomy":"post_tag","embeddable":true,"href":"https:\/\/contextoanalisisperiodistico.com\/index.php\/wp-json\/wp\/v2\/tags?post=11526"}],"curies":[{"name":"wp","href":"https:\/\/api.w.org\/{rel}","templated":true}]}}