{"id":11505,"date":"2023-04-05T14:33:58","date_gmt":"2023-04-05T20:33:58","guid":{"rendered":"https:\/\/contextoanalisisperiodistico.com\/?p=11505"},"modified":"2023-04-05T14:34:18","modified_gmt":"2023-04-05T20:34:18","slug":"instala-el-sistema-dif-oaxaca-el-consejo-estatal-de-los-centros-de-atencion","status":"publish","type":"post","link":"https:\/\/contextoanalisisperiodistico.com\/index.php\/2023\/04\/05\/instala-el-sistema-dif-oaxaca-el-consejo-estatal-de-los-centros-de-atencion\/","title":{"rendered":"Instala el Sistema DIF Oaxaca el Consejo Estatal de los Centros de Atenci\u00f3n"},"content":{"rendered":"<div id=\"fb-root\"><\/div>\n\n<p><br>\u2022 Con este organismo, se establecer\u00e1 la participaci\u00f3n de los sectores privado y social en materia de prestaci\u00f3n de servicios que promuevan el ejercicio pleno de los derechos de ni\u00f1as y ni\u00f1os<\/p>\n\n\n\n<p><br>\u2022 Tambi\u00e9n se instala el Comit\u00e9 T\u00e9cnico del Fideicomiso denominado \u201cNi\u00f1as, Ni\u00f1os, Adolescentes y Adultos Damnificados del Municipio de Santiago Jamiltepec, Oaxaca\u00bb<\/p>\n\n\n\n<p><br>Oaxaca de Ju\u00e1rez, Oax. 5 de abril de 2023.- Con el prop\u00f3sito de garantizar mecanismos que antepongan el inter\u00e9s superior de ni\u00f1as, ni\u00f1os y adolescentes, el Sistema para el Desarrollo Integral de la Familia (DIF) Oaxaca oficializ\u00f3 las sesiones de instalaci\u00f3n del \u201cConsejo Estatal de los Centros de Atenci\u00f3n\u201d y del Comit\u00e9 T\u00e9cnico del Fideicomiso denominado \u201cNi\u00f1as, Ni\u00f1os, Adolescentes y Adultos Damnificados del Municipio de Santiago Jamiltepec, Oaxaca\u201d.<br>Con la instalaci\u00f3n del Consejo Estatal de los Centros de Atenci\u00f3n se establecer\u00e1 la participaci\u00f3n de los sectores privado y social en materia de prestacio\u0301n de servicios de los Centros de Atencio\u0301n, garantizando el acceso de nin\u0303as y nin\u0303os a dichos servicios en condiciones de igualdad, calidad, calidez, seguridad y proteccio\u0301n adecuadas que promuevan el ejercicio pleno de sus derechos.<br>Asimismo, se busca dar seguimiento continuo a las acciones que tengan por objeto promover mecanismos interinstitucionales, que permitan establecer poli\u0301ticas pu\u0301blicas y estrategias de atencio\u0301n en la materia.<br>En este encuentro tambi\u00e9n se determin\u00f3 que Maribel Graciela Salinas Velasco, directora general del Sistema DIF Oaxaca asume la presidencia del Consejo, y Yarib Hern\u00e1ndez Garc\u00eda, encargada de despacho de la Procuradur\u00eda Estatal de Protecci\u00f3n de los Derechos de Ni\u00f1as, Ni\u00f1os y Adolescentes del Estado de Oaxaca (Prodennao) la secretar\u00eda t\u00e9cnica,<br>Por otra parte, en las instalaciones del organismo asistencial tambi\u00e9n se oficializ\u00f3 la integraci\u00f3n del Comit\u00e9 T\u00e9cnico del Fideicomiso denominado \u201cNi\u00f1as, Ni\u00f1os, Adolescentes y Adultos Damnificados del Municipio de Santiago Jamiltepec, Oaxaca\u201d.<br>Este encuentro tuvo como finalidad otorgar apoyo econ\u00f3mico a ni\u00f1as, ni\u00f1os, adolescentes y personas adultas que resultaron afectados, con motivo del accidente ocurrido el 16 de febrero de 2018 en el municipio de Santiago Jamiltepec, Oaxaca.<br>En ambas sesiones, se cont\u00f3 con la presencia de servidoras y servidores p\u00fablicos de las instancias gubernamentales involucradas para tal atenci\u00f3n y seguimiento, bajo el objetivo de hacer efectivos los derechos de los grupos prioritarios.<\/p>\n\n\n\n<figure class=\"wp-block-image size-large\"><img decoding=\"async\" src=\"https:\/\/contextoanalisisperiodistico.com\/wp-content\/uploads\/2023\/04\/img-20230405-wa00522008464464474610506-1024x575.jpg\" alt=\"\" class=\"wp-image-11507\"\/><\/figure>\n\n\n\n<figure class=\"wp-block-image\"><img decoding=\"async\" src=\"https:\/\/contextoanalisisperiodistico.com\/wp-content\/uploads\/2023\/04\/img-20230405-wa00531831181024724619230-1024x729.jpg\" alt=\"\" class=\"wp-image-11508\"\/><\/figure>\n\n\n\n<p>-0-<\/p>\n","protected":false},"excerpt":{"rendered":"<p>\u2022 Con este organismo, se establecer\u00e1 la participaci\u00f3n de los sectores privado y social en&#8230;<\/p>\n","protected":false},"author":4,"featured_media":0,"comment_status":"open","ping_status":"open","sticky":false,"template":"","format":"standard","meta":{"footnotes":""},"categories":[9],"tags":[],"jetpack_sharing_enabled":true,"featured_image_urls":{"full":"","thumbnail":"","medium":"","medium_large":"","large":"","1536x1536":"","2048x2048":"","covernews-slider-full":"","covernews-slider-center":"","covernews-featured":"","covernews-medium":"","covernews-medium-square":""},"author_info":{"display_name":"Mario Gir\u00f3n","author_link":"https:\/\/contextoanalisisperiodistico.com\/index.php\/author\/director\/"},"category_info":"<a href=\"https:\/\/contextoanalisisperiodistico.com\/index.php\/category\/politica\/\" rel=\"category tag\">Pol\u00edtica<\/a>","tag_info":"Pol\u00edtica","comment_count":"0","jetpack_featured_media_url":"","_links":{"self":[{"href":"https:\/\/contextoanalisisperiodistico.com\/index.php\/wp-json\/wp\/v2\/posts\/11505"}],"collection":[{"href":"https:\/\/contextoanalisisperiodistico.com\/index.php\/wp-json\/wp\/v2\/posts"}],"about":[{"href":"https:\/\/contextoanalisisperiodistico.com\/index.php\/wp-json\/wp\/v2\/types\/post"}],"author":[{"embeddable":true,"href":"https:\/\/contextoanalisisperiodistico.com\/index.php\/wp-json\/wp\/v2\/users\/4"}],"replies":[{"embeddable":true,"href":"https:\/\/contextoanalisisperiodistico.com\/index.php\/wp-json\/wp\/v2\/comments?post=11505"}],"version-history":[{"count":1,"href":"https:\/\/contextoanalisisperiodistico.com\/index.php\/wp-json\/wp\/v2\/posts\/11505\/revisions"}],"predecessor-version":[{"id":11509,"href":"https:\/\/contextoanalisisperiodistico.com\/index.php\/wp-json\/wp\/v2\/posts\/11505\/revisions\/11509"}],"wp:attachment":[{"href":"https:\/\/contextoanalisisperiodistico.com\/index.php\/wp-json\/wp\/v2\/media?parent=11505"}],"wp:term":[{"taxonomy":"category","embeddable":true,"href":"https:\/\/contextoanalisisperiodistico.com\/index.php\/wp-json\/wp\/v2\/categories?post=11505"},{"taxonomy":"post_tag","embeddable":true,"href":"https:\/\/contextoanalisisperiodistico.com\/index.php\/wp-json\/wp\/v2\/tags?post=11505"}],"curies":[{"name":"wp","href":"https:\/\/api.w.org\/{rel}","templated":true}]}}