{"id":11500,"date":"2023-04-05T12:56:03","date_gmt":"2023-04-05T18:56:03","guid":{"rendered":"https:\/\/contextoanalisisperiodistico.com\/?p=11500"},"modified":"2023-04-05T12:56:09","modified_gmt":"2023-04-05T18:56:09","slug":"pide-antonino-morales-toledo-a-comision-negociadora-ser-sensible-para-que-le-vaya-bien-a-oaxaca","status":"publish","type":"post","link":"https:\/\/contextoanalisisperiodistico.com\/index.php\/2023\/04\/05\/pide-antonino-morales-toledo-a-comision-negociadora-ser-sensible-para-que-le-vaya-bien-a-oaxaca\/","title":{"rendered":"Pide Antonino Morales Toledo, a Comisi\u00f3n Negociadora ser sensible para que le vaya bien a Oaxaca"},"content":{"rendered":"<div id=\"fb-root\"><\/div>\n\n<p>*El secretario de Administraci\u00f3n convoc\u00f3 a alcanzar acuerdos para construir juntos y todos un mejor Oaxaca<\/p>\n\n\n\n<p>Oaxaca de Ju\u00e1rez, Oax.- El secretario de Administraci\u00f3n del Gobierno del Estado Antonino Morales Toledo, pidi\u00f3 a la Comisi\u00f3n Negociadora del pliego petitorio 2023 del Sindicato de Trabajadores de los Poderes e Instituciones Descentralizadas de Car\u00e1cter Estatal de Oaxaca, (STPEIDCEO), ser sensible en cuanto a sus planteamientos para que le vaya bien Oaxaca<\/p>\n\n\n\n<p>El responsable de la pol\u00edtica administrativa estatal, se\u00f1al\u00f3 que es importante hacer peticiones en base a lo presupuestado, toda vez que el recurso estatal no da para todos.<\/p>\n\n\n\n<p>Morales Toledo, destac\u00f3 la importancia de alcanzar acuerdos en la mesa de negociaci\u00f3n para que el d\u00eda de ma\u00f1ana le vaya bien a Oaxaca.<\/p>\n\n\n\n<p>El secretario de Administraci\u00f3n, reconoci\u00f3 que la situaci\u00f3n econ\u00f3mica del estado es dif\u00edcil, como consecuencia de los gobiernos del pasado, que lejos de aterrizar beneficios para el pueblo, se beneficiaban en lo personal y en lo colectivo, sin embargo, expuso que son tiempos de hacer conciencia y direccionar el nuevo rumbo, para construir juntos y todos un mejor Oaxaca.<\/p>\n\n\n\n<figure class=\"wp-block-image size-large\"><img decoding=\"async\" src=\"https:\/\/contextoanalisisperiodistico.com\/wp-content\/uploads\/2023\/04\/img-20230405-wa0044199096789193594262.jpg\" alt=\"\" class=\"wp-image-11503\"\/><\/figure>\n\n\n\n<figure class=\"wp-block-image\"><img decoding=\"async\" src=\"https:\/\/contextoanalisisperiodistico.com\/wp-content\/uploads\/2023\/04\/img-20230405-wa00433050259038206883549-300x200.jpg\" alt=\"\" class=\"wp-image-11502\"\/><\/figure>\n","protected":false},"excerpt":{"rendered":"<p>*El secretario de Administraci\u00f3n convoc\u00f3 a alcanzar acuerdos para construir juntos y todos un mejor&#8230;<\/p>\n","protected":false},"author":4,"featured_media":0,"comment_status":"open","ping_status":"open","sticky":false,"template":"","format":"standard","meta":{"footnotes":""},"categories":[9],"tags":[],"jetpack_sharing_enabled":true,"featured_image_urls":{"full":"","thumbnail":"","medium":"","medium_large":"","large":"","1536x1536":"","2048x2048":"","covernews-slider-full":"","covernews-slider-center":"","covernews-featured":"","covernews-medium":"","covernews-medium-square":""},"author_info":{"display_name":"Mario Gir\u00f3n","author_link":"https:\/\/contextoanalisisperiodistico.com\/index.php\/author\/director\/"},"category_info":"<a href=\"https:\/\/contextoanalisisperiodistico.com\/index.php\/category\/politica\/\" rel=\"category tag\">Pol\u00edtica<\/a>","tag_info":"Pol\u00edtica","comment_count":"0","jetpack_featured_media_url":"","_links":{"self":[{"href":"https:\/\/contextoanalisisperiodistico.com\/index.php\/wp-json\/wp\/v2\/posts\/11500"}],"collection":[{"href":"https:\/\/contextoanalisisperiodistico.com\/index.php\/wp-json\/wp\/v2\/posts"}],"about":[{"href":"https:\/\/contextoanalisisperiodistico.com\/index.php\/wp-json\/wp\/v2\/types\/post"}],"author":[{"embeddable":true,"href":"https:\/\/contextoanalisisperiodistico.com\/index.php\/wp-json\/wp\/v2\/users\/4"}],"replies":[{"embeddable":true,"href":"https:\/\/contextoanalisisperiodistico.com\/index.php\/wp-json\/wp\/v2\/comments?post=11500"}],"version-history":[{"count":1,"href":"https:\/\/contextoanalisisperiodistico.com\/index.php\/wp-json\/wp\/v2\/posts\/11500\/revisions"}],"predecessor-version":[{"id":11504,"href":"https:\/\/contextoanalisisperiodistico.com\/index.php\/wp-json\/wp\/v2\/posts\/11500\/revisions\/11504"}],"wp:attachment":[{"href":"https:\/\/contextoanalisisperiodistico.com\/index.php\/wp-json\/wp\/v2\/media?parent=11500"}],"wp:term":[{"taxonomy":"category","embeddable":true,"href":"https:\/\/contextoanalisisperiodistico.com\/index.php\/wp-json\/wp\/v2\/categories?post=11500"},{"taxonomy":"post_tag","embeddable":true,"href":"https:\/\/contextoanalisisperiodistico.com\/index.php\/wp-json\/wp\/v2\/tags?post=11500"}],"curies":[{"name":"wp","href":"https:\/\/api.w.org\/{rel}","templated":true}]}}