{"id":11437,"date":"2023-04-03T23:25:22","date_gmt":"2023-04-04T05:25:22","guid":{"rendered":"https:\/\/contextoanalisisperiodistico.com\/?p=11437"},"modified":"2023-04-03T23:26:00","modified_gmt":"2023-04-04T05:26:00","slug":"saldo-blanco-en-el-estado-tras-sismo-con-epicentro-en-puerto-escondido","status":"publish","type":"post","link":"https:\/\/contextoanalisisperiodistico.com\/index.php\/2023\/04\/03\/saldo-blanco-en-el-estado-tras-sismo-con-epicentro-en-puerto-escondido\/","title":{"rendered":"Saldo blanco en el Estado tras sismo con epicentro en Puerto Escondido"},"content":{"rendered":"<div id=\"fb-root\"><\/div>\n\n<p>\u00b7 La intensidad del movimiento fue de moderado a leve; Costa, Istmo y Valles Centrales puntos donde se sinti\u00f3 con mayor intesidad<\/p>\n\n\n\n<p>\u00b7 Movimiento gener\u00f3 alertamiento p\u00fablico en la capital del Estado y zona conurbada<\/p>\n\n\n\n<p>Oaxaca de Ju\u00e1rez, Oaxaca, 03 de abril de 2023.- El Gobierno del Estado de Oaxaca inform\u00f3 que derivado del sismo registrado la noche del lunes de magnitud 5.5 con epicentro en Puerto Escondido, el Gobernador Salom\u00f3n Jara gir\u00f3 instrucciones a la Coordinaci\u00f3n Estatal de Protecci\u00f3n Civil y Gesti\u00f3n de Riesgos para activar el protocolo de verificaci\u00f3n en las regiones del Estado, el cual concluy\u00f3 sin reporte de afectaciones en los sectores educativo, salud, vivienda, caminos e infraestructura; tuvo una percepci\u00f3n de moderada a leve, siendo la Costa, Istmo y Valles Centrales donde el movimiento se sinti\u00f3 con mayor intensidad.<\/p>\n\n\n\n<p>Durante el monitoreo llevado a cabo por los delegados regionales, hasta las 22:00 horas, no se reportaban da\u00f1os en la regi\u00f3n epicentral, Puerto Escondido, solo objetos ca\u00eddos al interior de las viviendas, as\u00ed como productos tirados en las tiendas departamentales. Asimismo, se observ\u00f3 la evacuaci\u00f3n de inmuebles en los hoteles de la zona, en los cuales no se presentaron afectaciones y el turismo retomaba la normalidad.<\/p>\n\n\n\n<p>En la regi\u00f3n del Istmo, de la misma manera, todo permanece en calma, sin informe de da\u00f1os en la presa Benito Ju\u00e1rez de Jalapa del Marqu\u00e9s, ni en las instalaciones de la Refiner\u00eda Antoni Doval\u00ed Jaime, de Pemex, ubicada en Salina Cruz, por lo cual no exist\u00eda riesgo de alguna emergencia o desastre que pusiera en peligro la vida de los habitantes de la zona.<\/p>\n\n\n\n<p>El Departamento de An\u00e1lisis de Amenazas y Vulnerabilidades de Protecci\u00f3n Civil Estatal inform\u00f3 que se activ\u00f3 el Sistema de Alertamiento S\u00edsmico de Oaxaca (SASO) en la Ciudad de Oaxaca y zona conurbada, debido a la velocidad y profundidad con la que se present\u00f3 el temblor, sobrepasando el umbral de activaci\u00f3n, dando un tiempo de anticipaci\u00f3n de 10 segundos.<\/p>\n\n\n\n<p>Con base en informaci\u00f3n del Servicio Sismol\u00f3gico Nacional (SSN), el movimiento registr\u00f3 una magnitud final de 5.5, con regi\u00f3n epicentral a 17 kil\u00f3metros al norte de Puerto Escondido, Oaxaca. Su hora de registro fue a las 20:11:57 del tiempo del centro de M\u00e9xico, con una latitud y longitud de 16.01 y -97.06, respectivamente, y su profundidad fue de 26 kil\u00f3metros.<\/p>\n\n\n\n<p>El Gobernador Salom\u00f3n Jara Cruz exhort\u00f3 a la poblaci\u00f3n a consultar fuentes oficiales y no hacer caso a la informaci\u00f3n que surge, la cual solo genera p\u00e1nico, adem\u00e1s de recalcar que los sismos no son predecibles, pero s\u00ed se puede tener un plan de emergencia ante la ocurrencia de este fen\u00f3meno y saber c\u00f3mo actuar en el hogar, en la oficina, en las escuelas o en la calle.<\/p>\n\n\n\n<p>Ante las posibles r\u00e9plicas, pidi\u00f3 a los oaxaque\u00f1os a permanecer en un punto seguro y en caso de un nuevo sismo, no intentar evacuar el inmueble si el movimiento ya comenz\u00f3, ni subir o bajar escaleras; sobre todo mantener la calma, no correr y gritar.<\/p>\n","protected":false},"excerpt":{"rendered":"<p>\u00b7 La intensidad del movimiento fue de moderado a leve; Costa, Istmo y Valles Centrales&#8230;<\/p>\n","protected":false},"author":4,"featured_media":11438,"comment_status":"open","ping_status":"open","sticky":false,"template":"","format":"standard","meta":{"footnotes":""},"categories":[9],"tags":[],"jetpack_sharing_enabled":true,"featured_image_urls":{"full":["https:\/\/contextoanalisisperiodistico.com\/wp-content\/uploads\/2023\/04\/IMG-20230402-WA0095-1.jpg",1080,1080,false],"thumbnail":["https:\/\/contextoanalisisperiodistico.com\/wp-content\/uploads\/2023\/04\/IMG-20230402-WA0095-1-150x150.jpg",150,150,true],"medium":["https:\/\/contextoanalisisperiodistico.com\/wp-content\/uploads\/2023\/04\/IMG-20230402-WA0095-1-300x300.jpg",300,300,true],"medium_large":["https:\/\/contextoanalisisperiodistico.com\/wp-content\/uploads\/2023\/04\/IMG-20230402-WA0095-1-768x768.jpg",640,640,true],"large":["https:\/\/contextoanalisisperiodistico.com\/wp-content\/uploads\/2023\/04\/IMG-20230402-WA0095-1-1024x1024.jpg",640,640,true],"1536x1536":["https:\/\/contextoanalisisperiodistico.com\/wp-content\/uploads\/2023\/04\/IMG-20230402-WA0095-1.jpg",1080,1080,false],"2048x2048":["https:\/\/contextoanalisisperiodistico.com\/wp-content\/uploads\/2023\/04\/IMG-20230402-WA0095-1.jpg",1080,1080,false],"covernews-slider-full":["https:\/\/contextoanalisisperiodistico.com\/wp-content\/uploads\/2023\/04\/IMG-20230402-WA0095-1-1080x715.jpg",1080,715,true],"covernews-slider-center":["https:\/\/contextoanalisisperiodistico.com\/wp-content\/uploads\/2023\/04\/IMG-20230402-WA0095-1-800x500.jpg",800,500,true],"covernews-featured":["https:\/\/contextoanalisisperiodistico.com\/wp-content\/uploads\/2023\/04\/IMG-20230402-WA0095-1-1024x1024.jpg",1024,1024,true],"covernews-medium":["https:\/\/contextoanalisisperiodistico.com\/wp-content\/uploads\/2023\/04\/IMG-20230402-WA0095-1-540x340.jpg",540,340,true],"covernews-medium-square":["https:\/\/contextoanalisisperiodistico.com\/wp-content\/uploads\/2023\/04\/IMG-20230402-WA0095-1-400x250.jpg",400,250,true]},"author_info":{"display_name":"Mario Gir\u00f3n","author_link":"https:\/\/contextoanalisisperiodistico.com\/index.php\/author\/director\/"},"category_info":"<a href=\"https:\/\/contextoanalisisperiodistico.com\/index.php\/category\/politica\/\" rel=\"category tag\">Pol\u00edtica<\/a>","tag_info":"Pol\u00edtica","comment_count":"0","jetpack_featured_media_url":"https:\/\/contextoanalisisperiodistico.com\/wp-content\/uploads\/2023\/04\/IMG-20230402-WA0095-1.jpg","_links":{"self":[{"href":"https:\/\/contextoanalisisperiodistico.com\/index.php\/wp-json\/wp\/v2\/posts\/11437"}],"collection":[{"href":"https:\/\/contextoanalisisperiodistico.com\/index.php\/wp-json\/wp\/v2\/posts"}],"about":[{"href":"https:\/\/contextoanalisisperiodistico.com\/index.php\/wp-json\/wp\/v2\/types\/post"}],"author":[{"embeddable":true,"href":"https:\/\/contextoanalisisperiodistico.com\/index.php\/wp-json\/wp\/v2\/users\/4"}],"replies":[{"embeddable":true,"href":"https:\/\/contextoanalisisperiodistico.com\/index.php\/wp-json\/wp\/v2\/comments?post=11437"}],"version-history":[{"count":1,"href":"https:\/\/contextoanalisisperiodistico.com\/index.php\/wp-json\/wp\/v2\/posts\/11437\/revisions"}],"predecessor-version":[{"id":11439,"href":"https:\/\/contextoanalisisperiodistico.com\/index.php\/wp-json\/wp\/v2\/posts\/11437\/revisions\/11439"}],"wp:featuredmedia":[{"embeddable":true,"href":"https:\/\/contextoanalisisperiodistico.com\/index.php\/wp-json\/wp\/v2\/media\/11438"}],"wp:attachment":[{"href":"https:\/\/contextoanalisisperiodistico.com\/index.php\/wp-json\/wp\/v2\/media?parent=11437"}],"wp:term":[{"taxonomy":"category","embeddable":true,"href":"https:\/\/contextoanalisisperiodistico.com\/index.php\/wp-json\/wp\/v2\/categories?post=11437"},{"taxonomy":"post_tag","embeddable":true,"href":"https:\/\/contextoanalisisperiodistico.com\/index.php\/wp-json\/wp\/v2\/tags?post=11437"}],"curies":[{"name":"wp","href":"https:\/\/api.w.org\/{rel}","templated":true}]}}