{"id":11432,"date":"2023-04-03T20:25:16","date_gmt":"2023-04-04T02:25:16","guid":{"rendered":"https:\/\/contextoanalisisperiodistico.com\/?p=11432"},"modified":"2023-04-03T20:25:24","modified_gmt":"2023-04-04T02:25:24","slug":"municipio-capitalino-presenta-actividades-de-semana-santa-2023","status":"publish","type":"post","link":"https:\/\/contextoanalisisperiodistico.com\/index.php\/2023\/04\/03\/municipio-capitalino-presenta-actividades-de-semana-santa-2023\/","title":{"rendered":"Municipio capitalino presenta actividades de Semana Santa 2023"},"content":{"rendered":"<div id=\"fb-root\"><\/div>\n\n<p>\u00b7&nbsp;&nbsp;&nbsp;&nbsp;&nbsp;&nbsp;&nbsp;&nbsp;&nbsp;Oaxaca de Ju\u00e1rez presenta actividades para vivir una Semana Santa llena de fe, respeto y alegr\u00eda.<\/p>\n\n\n\n<p>Oaxaca de Ju\u00e1rez, Oax., a 03 de abril de 2023.- El municipio de Oaxaca de Ju\u00e1rez se prepara para recibir a las y los visitantes de todo el mundo en su celebraci\u00f3n de Semana Santa, una de las m\u00e1s importantes y concurridas de M\u00e9xico. A trav\u00e9s de la Secretar\u00eda de Fomento Tur\u00edstico, el municipio present\u00f3 las actividades programadas para la celebraci\u00f3n de la Semana Santa 2023, las cuales honran esta importante festividad religiosa.<\/p>\n\n\n\n<p>El edil capitalino, Francisco Mart\u00ednez Neri, acompa\u00f1ado del secretario de Fomento Tur\u00edstico, \u00c1ngel Norberto Osorio Morales, y del presidente de la Hermandad de Estandartes y Relicarios del Sant\u00edsimo Rosario de la Arquidi\u00f3cesis de Antequera, Oaxaca, Fernando Mendoza, encabez\u00f3 la presentaci\u00f3n de las actividades previstas para Semana Santa.<\/p>\n\n\n\n<p>En el programa de actividades destacan la procesi\u00f3n solemne de entrada de Estandartes y Relicarios que se llevar\u00e1 a cabo el martes 04 de abril a las 18:00 horas. Comenzar\u00e1 desde la Bas\u00edlica de la Soledad hasta la Catedral Metropolitana, sobre avenida Independencia.<\/p>\n\n\n\n<p>Asimismo, otras de las actividades m\u00e1s concurridas son el concierto de m\u00fasica sacra, que se llevar\u00e1 a cabo el mi\u00e9rcoles 05 de abril, en la Catedral Metropolitana, a las 20:00 horas; el viernes 07 de abril, se llevar\u00e1 a cabo la Procesi\u00f3n del Silencio, que saldr\u00e1 &nbsp;del Templo de Sangre de Cristo a las 17:30 horas y recorrer\u00e1 las calles Allende, Garc\u00eda Vigil, Morelos y Macedonio Alcal\u00e1.<\/p>\n\n\n\n<p>El edil capitalino destac\u00f3 que estas actividades son de gran importancia, porque es trabajo del municipio preservar las tradiciones y la cultura que enorgullece a las y los oaxaque\u00f1os, adem\u00e1s de ser un s\u00edmbolo de reconocimiento a nivel mundial.<\/p>\n\n\n\n<p>Asimismo, refiri\u00f3 que locales, as\u00ed como visitantes nacionales y extranjeros, no pueden perderse la oportunidad de presenciar la Semana Santa en Oaxaca y disfrutar de todas las actividades y eventos que esta ciudad ofrece durante esta \u00e9poca del a\u00f1o.<\/p>\n\n\n\n<p>De esta forma, la ciudad de Oaxaca de Ju\u00e1rez se enorgullece de mostrar sus tradiciones culturales y religiosas en estas fechas tan importantes para las y los ciudadanos.<\/p>\n\n\n\n<figure class=\"wp-block-image size-large\"><img decoding=\"async\" src=\"https:\/\/contextoanalisisperiodistico.com\/wp-content\/uploads\/2023\/04\/boletC3ADn03-04-23283296989115393466423903.-1024x683.jpg\" alt=\"\" class=\"wp-image-11434\"\/><\/figure>\n\n\n\n<figure class=\"wp-block-image\"><img decoding=\"async\" src=\"https:\/\/contextoanalisisperiodistico.com\/wp-content\/uploads\/2023\/04\/boletC3ADn03-04-2328229282295816355757023329649.-1024x683.jpg\" alt=\"\" class=\"wp-image-11435\"\/><\/figure>\n","protected":false},"excerpt":{"rendered":"<p>\u00b7&nbsp;&nbsp;&nbsp;&nbsp;&nbsp;&nbsp;&nbsp;&nbsp;&nbsp;Oaxaca de Ju\u00e1rez presenta actividades para vivir una Semana Santa llena de fe, respeto y&#8230;<\/p>\n","protected":false},"author":4,"featured_media":0,"comment_status":"open","ping_status":"open","sticky":false,"template":"","format":"standard","meta":{"footnotes":""},"categories":[9],"tags":[],"jetpack_sharing_enabled":true,"featured_image_urls":{"full":"","thumbnail":"","medium":"","medium_large":"","large":"","1536x1536":"","2048x2048":"","covernews-slider-full":"","covernews-slider-center":"","covernews-featured":"","covernews-medium":"","covernews-medium-square":""},"author_info":{"display_name":"Mario Gir\u00f3n","author_link":"https:\/\/contextoanalisisperiodistico.com\/index.php\/author\/director\/"},"category_info":"<a href=\"https:\/\/contextoanalisisperiodistico.com\/index.php\/category\/politica\/\" rel=\"category tag\">Pol\u00edtica<\/a>","tag_info":"Pol\u00edtica","comment_count":"0","jetpack_featured_media_url":"","_links":{"self":[{"href":"https:\/\/contextoanalisisperiodistico.com\/index.php\/wp-json\/wp\/v2\/posts\/11432"}],"collection":[{"href":"https:\/\/contextoanalisisperiodistico.com\/index.php\/wp-json\/wp\/v2\/posts"}],"about":[{"href":"https:\/\/contextoanalisisperiodistico.com\/index.php\/wp-json\/wp\/v2\/types\/post"}],"author":[{"embeddable":true,"href":"https:\/\/contextoanalisisperiodistico.com\/index.php\/wp-json\/wp\/v2\/users\/4"}],"replies":[{"embeddable":true,"href":"https:\/\/contextoanalisisperiodistico.com\/index.php\/wp-json\/wp\/v2\/comments?post=11432"}],"version-history":[{"count":1,"href":"https:\/\/contextoanalisisperiodistico.com\/index.php\/wp-json\/wp\/v2\/posts\/11432\/revisions"}],"predecessor-version":[{"id":11436,"href":"https:\/\/contextoanalisisperiodistico.com\/index.php\/wp-json\/wp\/v2\/posts\/11432\/revisions\/11436"}],"wp:attachment":[{"href":"https:\/\/contextoanalisisperiodistico.com\/index.php\/wp-json\/wp\/v2\/media?parent=11432"}],"wp:term":[{"taxonomy":"category","embeddable":true,"href":"https:\/\/contextoanalisisperiodistico.com\/index.php\/wp-json\/wp\/v2\/categories?post=11432"},{"taxonomy":"post_tag","embeddable":true,"href":"https:\/\/contextoanalisisperiodistico.com\/index.php\/wp-json\/wp\/v2\/tags?post=11432"}],"curies":[{"name":"wp","href":"https:\/\/api.w.org\/{rel}","templated":true}]}}