{"id":11366,"date":"2023-04-02T18:38:15","date_gmt":"2023-04-03T00:38:15","guid":{"rendered":"https:\/\/contextoanalisisperiodistico.com\/?p=11366"},"modified":"2023-04-02T18:38:53","modified_gmt":"2023-04-03T00:38:53","slug":"emite-gobierno-del-estado-de-oaxaca-recomendaciones-para-viajar-por-carretera","status":"publish","type":"post","link":"https:\/\/contextoanalisisperiodistico.com\/index.php\/2023\/04\/02\/emite-gobierno-del-estado-de-oaxaca-recomendaciones-para-viajar-por-carretera\/","title":{"rendered":"Emite Gobierno del Estado de Oaxaca recomendaciones para viajar por carretera"},"content":{"rendered":"<div id=\"fb-root\"><\/div>\n\n<p>\u2022 A partir del 1 de abril inici\u00f3 el operativo Semana Santa Segura 2023, el cual se implementa en diversos centros tur\u00edsticos, arqueol\u00f3gicos, religiosos y playas con la participaci\u00f3n de las corporaciones federales, estatales y municipales<\/p>\n\n\n\n<p>Oaxaca de Ju\u00e1rez, Oax. 2 de abril de 2023.- Con motivo del per\u00edodo vacacional de Semana Santa 2023 y con el fin de salvaguardar la integridad y los bienes de las personas mediante acciones de seguridad, inspecci\u00f3n, vigilancia y auxilio en las ocho regiones, el Gobierno del Estado de Oaxaca recomienda diversas medidas de seguridad a paseantes nacionales y extranjeros que circulen durante esta temporada vacacional por carretera.<\/p>\n\n\n\n<p>Para garantizar un viaje seguro, la administraci\u00f3n del Gobernador del Estado Salom\u00f3n Jara exhorta a la ciudadan\u00eda seguir las siguientes recomendaciones:<\/p>\n\n\n\n<p>Antes de iniciar su viaje revisar las llantas, operaci\u00f3n del motor, sistema de frenos, luces, limpia parabrisas, agua, aceite y abastecer el tanque de combustible.<\/p>\n\n\n\n<p>Verificar que todas las personas que viajan en el veh\u00edculo utilicen el cintur\u00f3n de seguridad.<\/p>\n\n\n\n<p>Utilizar lugares indicados para el descanso y evitar detenerse en sitios solitarios.<\/p>\n\n\n\n<p>No conducir bajo el influjo de bebidas alcoh\u00f3licas y\/o estupefacientes.<\/p>\n\n\n\n<p>Observar y respetar las se\u00f1ales de tr\u00e1nsito.<\/p>\n\n\n\n<p>Llevar a las y los menores de edad en los asientos traseros de los veh\u00edculos.<\/p>\n\n\n\n<p>Respetar los l\u00edmites de velocidad.<\/p>\n\n\n\n<p>En caso de detenerse, colocar reflejantes u objetos que llamen la atenci\u00f3n de otros conductores.<\/p>\n\n\n\n<p>No rebasar por la derecha, ni por el acotamiento.<\/p>\n\n\n\n<p>Evitar el uso del tel\u00e9fono celular mientras conduce.<\/p>\n\n\n\n<p>Detenerse unos minutos cada dos horas, para estirar las piernas, caminar un poco y respirar aire fresco.<\/p>\n\n\n\n<p>Si viaja con su mascota, considere que lo haga en una jaula, un asiento o cintur\u00f3n de seguridad adecuados, para evitar posibles distractores.<\/p>\n\n\n\n<p>El Gobierno del Estado de Oaxaca record\u00f3 que a fin de garantizar una temporada vacacional segura y sin incidentes, el s\u00e1bado 1 de abril inici\u00f3 el operativo Semana Santa Segura 2023, el cual se implementa en diversos centros tur\u00edsticos, arqueol\u00f3gicos, religiosos y playas con la participaci\u00f3n de las corporaciones federales, estatales municipales.<\/p>\n\n\n\n<p>Estas acciones se realizar\u00e1n del 1 al 15 de abril; tanto en la capital del estado como en su interior con la participaci\u00f3n de 12 instituciones.<\/p>\n\n\n\n<p>Explic\u00f3 que para ello intervendr\u00e1n mil 89 elementos y 82 unidades de motor para el resguardo de 147 zonas prioritarias en donde se espera el arribo de visitantes, as\u00ed como de la poblaci\u00f3n oaxaque\u00f1a.<\/p>\n\n\n\n<p>La Polic\u00eda Vial refiri\u00f3 que la corporaci\u00f3n estatal garantizar\u00e1 la seguridad vial en este per\u00edodo vacacional, para ello se instalar\u00e1n ocho m\u00f3dulos de informaci\u00f3n, auxilio y atenci\u00f3n al turismo extranjero, nacional y local; de igual forma, emitir\u00e1n recomendaciones en materia vial. En este operativo participar\u00e1n 420 elementos.<\/p>\n\n\n\n<p>Tambi\u00e9n se intensificar\u00e1 la campa\u00f1a de concientizaci\u00f3n de Seguridad Vial para evitar que las personas conduzcan en estado de ebriedad, orientar a quienes vacacionan para que planeen sus viajes con tiempo y revisen sus unidades motor, usen el cintur\u00f3n de seguridad, no empleen el tel\u00e9fono celular mientras conducen, entre otras recomendaciones.<\/p>\n\n\n\n<p>Asimismo, de manera aleatoria se implementar\u00e1 el Operativo Alcohol\u00edmetro en diversos accesos a la capital del estado, con el fin de evitar accidentes viales por la ingesta de alcohol y garantizar la seguridad vial a la ciudan\u00eda y visitantes.<\/p>\n\n\n\n<p>-0-<\/p>\n","protected":false},"excerpt":{"rendered":"<p>\u2022 A partir del 1 de abril inici\u00f3 el operativo Semana Santa Segura 2023, el&#8230;<\/p>\n","protected":false},"author":4,"featured_media":11367,"comment_status":"open","ping_status":"open","sticky":false,"template":"","format":"standard","meta":{"footnotes":""},"categories":[9],"tags":[],"jetpack_sharing_enabled":true,"featured_image_urls":{"full":["https:\/\/contextoanalisisperiodistico.com\/wp-content\/uploads\/2023\/04\/IMG-20230402-WA0095.jpg",1080,1080,false],"thumbnail":["https:\/\/contextoanalisisperiodistico.com\/wp-content\/uploads\/2023\/04\/IMG-20230402-WA0095-150x150.jpg",150,150,true],"medium":["https:\/\/contextoanalisisperiodistico.com\/wp-content\/uploads\/2023\/04\/IMG-20230402-WA0095-300x300.jpg",300,300,true],"medium_large":["https:\/\/contextoanalisisperiodistico.com\/wp-content\/uploads\/2023\/04\/IMG-20230402-WA0095-768x768.jpg",640,640,true],"large":["https:\/\/contextoanalisisperiodistico.com\/wp-content\/uploads\/2023\/04\/IMG-20230402-WA0095-1024x1024.jpg",640,640,true],"1536x1536":["https:\/\/contextoanalisisperiodistico.com\/wp-content\/uploads\/2023\/04\/IMG-20230402-WA0095.jpg",1080,1080,false],"2048x2048":["https:\/\/contextoanalisisperiodistico.com\/wp-content\/uploads\/2023\/04\/IMG-20230402-WA0095.jpg",1080,1080,false],"covernews-slider-full":["https:\/\/contextoanalisisperiodistico.com\/wp-content\/uploads\/2023\/04\/IMG-20230402-WA0095-1080x715.jpg",1080,715,true],"covernews-slider-center":["https:\/\/contextoanalisisperiodistico.com\/wp-content\/uploads\/2023\/04\/IMG-20230402-WA0095-800x500.jpg",800,500,true],"covernews-featured":["https:\/\/contextoanalisisperiodistico.com\/wp-content\/uploads\/2023\/04\/IMG-20230402-WA0095-1024x1024.jpg",1024,1024,true],"covernews-medium":["https:\/\/contextoanalisisperiodistico.com\/wp-content\/uploads\/2023\/04\/IMG-20230402-WA0095-540x340.jpg",540,340,true],"covernews-medium-square":["https:\/\/contextoanalisisperiodistico.com\/wp-content\/uploads\/2023\/04\/IMG-20230402-WA0095-400x250.jpg",400,250,true]},"author_info":{"display_name":"Mario Gir\u00f3n","author_link":"https:\/\/contextoanalisisperiodistico.com\/index.php\/author\/director\/"},"category_info":"<a href=\"https:\/\/contextoanalisisperiodistico.com\/index.php\/category\/politica\/\" rel=\"category tag\">Pol\u00edtica<\/a>","tag_info":"Pol\u00edtica","comment_count":"0","jetpack_featured_media_url":"https:\/\/contextoanalisisperiodistico.com\/wp-content\/uploads\/2023\/04\/IMG-20230402-WA0095.jpg","_links":{"self":[{"href":"https:\/\/contextoanalisisperiodistico.com\/index.php\/wp-json\/wp\/v2\/posts\/11366"}],"collection":[{"href":"https:\/\/contextoanalisisperiodistico.com\/index.php\/wp-json\/wp\/v2\/posts"}],"about":[{"href":"https:\/\/contextoanalisisperiodistico.com\/index.php\/wp-json\/wp\/v2\/types\/post"}],"author":[{"embeddable":true,"href":"https:\/\/contextoanalisisperiodistico.com\/index.php\/wp-json\/wp\/v2\/users\/4"}],"replies":[{"embeddable":true,"href":"https:\/\/contextoanalisisperiodistico.com\/index.php\/wp-json\/wp\/v2\/comments?post=11366"}],"version-history":[{"count":1,"href":"https:\/\/contextoanalisisperiodistico.com\/index.php\/wp-json\/wp\/v2\/posts\/11366\/revisions"}],"predecessor-version":[{"id":11368,"href":"https:\/\/contextoanalisisperiodistico.com\/index.php\/wp-json\/wp\/v2\/posts\/11366\/revisions\/11368"}],"wp:featuredmedia":[{"embeddable":true,"href":"https:\/\/contextoanalisisperiodistico.com\/index.php\/wp-json\/wp\/v2\/media\/11367"}],"wp:attachment":[{"href":"https:\/\/contextoanalisisperiodistico.com\/index.php\/wp-json\/wp\/v2\/media?parent=11366"}],"wp:term":[{"taxonomy":"category","embeddable":true,"href":"https:\/\/contextoanalisisperiodistico.com\/index.php\/wp-json\/wp\/v2\/categories?post=11366"},{"taxonomy":"post_tag","embeddable":true,"href":"https:\/\/contextoanalisisperiodistico.com\/index.php\/wp-json\/wp\/v2\/tags?post=11366"}],"curies":[{"name":"wp","href":"https:\/\/api.w.org\/{rel}","templated":true}]}}