{"id":11360,"date":"2023-04-02T17:32:27","date_gmt":"2023-04-02T23:32:27","guid":{"rendered":"https:\/\/contextoanalisisperiodistico.com\/?p=11360"},"modified":"2023-04-02T17:32:35","modified_gmt":"2023-04-02T23:32:35","slug":"participa-antonino-morales-toledo-en-encuentro-con-autoridades-municipales-en-tehuantepec-y-juchitan","status":"publish","type":"post","link":"https:\/\/contextoanalisisperiodistico.com\/index.php\/2023\/04\/02\/participa-antonino-morales-toledo-en-encuentro-con-autoridades-municipales-en-tehuantepec-y-juchitan\/","title":{"rendered":"Participa Antonino Morales Toledo, en Encuentro con Autoridades Municipales en Tehuantepec y Juchit\u00e1n"},"content":{"rendered":"<div id=\"fb-root\"><\/div>\n\n<p>*El gobierno del ingeniero Salom\u00f3n Jara Cruz, es de territorio y no de escritorio, por eso acude a los pueblos y es cercano a la gente, sostiene<\/p>\n\n\n\n<p>Santo Domingo Tehuantepec, Oax.- El secretario de Administraci\u00f3n del gobierno del estado, Antonino Morales Toledo, particip\u00f3 en el Encuentro con Autoridades Municipales que encabez\u00f3 el gobernador Salom\u00f3n Jara Cruz en este municipio y en Juchit\u00e1n de Zaragoza, en donde se escucharon peticiones de las autoridades de la regi\u00f3n y tambi\u00e9n fueron canalizadas para su atenci\u00f3n.<\/p>\n\n\n\n<p>El responsable de la pol\u00edtica administrativa estatal, destac\u00f3 la importancia de escuchar de viva voz a las autoridades municipales, canalizar y atender sus respectivas demandas y as\u00ed generar estabilidad, as\u00ed como mantener la paz y la gobernabilidad en Oaxaca.<\/p>\n\n\n\n<p>\u00abComo lo ha dicho siempre nuestro gobernador Salom\u00f3n Jara Cruz, somos un gobierno de territorio y no de escritorio, por eso estamos visitando los municipios del estado, para verlos de frente, escuchar sus planteamientos y resolverlos conforme a cada \u00e1rea\u00bb, indic\u00f3.<\/p>\n\n\n\n<p>El secretario de Administraci\u00f3n, expuso que el gobierno de la transformaci\u00f3n se acerca como nunca antes a los pueblos y comunidades de Oaxaca, \u00abpara tenderles la mano y canalizar sus demandas a cada una de las secretar\u00edas, que tambi\u00e9n estamos obligados a atender y resolver, conforme a nuestras atribuciones\u00bb, afirm\u00f3.<\/p>\n\n\n\n<p>Morales Toledo, sostuvo que desde la Secretar\u00eda de Administraci\u00f3n, se tiene claro que cumplir con el Plan de Austeridad como lo mandata el gobernador Salom\u00f3n Jara Cruz, es una prioridad de ah\u00ed que se hayan logrado importantes ahorros que impactar\u00e1n en el desarrollo social no solo de los pueblos del Istmo, sino tambi\u00e9n de todo el estado.<\/p>\n\n\n\n<p>En ese sentido, Antonino Morales, pidi\u00f3 cerrar filas entorno al gobernador Salom\u00f3n Jara Cruz, toda vez que no es tarea de un solo hombre sacar adelante al estado, sino m\u00e1s bien de todos como sociedad.<\/p>\n\n\n\n<p>Al final, el secretario de Administraci\u00f3n Antonino Morales Toledo, destac\u00f3 la importancia de mantener tambi\u00e9n la unidad como pueblos de Oaxaca, para respaldar y apoyar los grandes proyectos de la transformaci\u00f3n del estado que se impulsan desde el gobierno de M\u00e9xico y que sin duda alguna detonar\u00e1n en bienestar para las familias de Oaxaca.<\/p>\n\n\n\n<figure class=\"wp-block-image size-large\"><img decoding=\"async\" src=\"https:\/\/contextoanalisisperiodistico.com\/wp-content\/uploads\/2023\/04\/img-20230402-wa00918923325172339310646-1024x683.jpg\" alt=\"\" class=\"wp-image-11364\"\/><\/figure>\n\n\n\n<figure class=\"wp-block-image\"><img decoding=\"async\" src=\"https:\/\/contextoanalisisperiodistico.com\/wp-content\/uploads\/2023\/04\/img-20230402-wa00935997872696129732918-1024x683.jpg\" alt=\"\" class=\"wp-image-11363\"\/><\/figure>\n\n\n\n<figure class=\"wp-block-image\"><img decoding=\"async\" src=\"https:\/\/contextoanalisisperiodistico.com\/wp-content\/uploads\/2023\/04\/img-20230402-wa00946728621990953215725-1024x683.jpg\" alt=\"\" class=\"wp-image-11362\"\/><\/figure>\n","protected":false},"excerpt":{"rendered":"<p>*El gobierno del ingeniero Salom\u00f3n Jara Cruz, es de territorio y no de escritorio, por&#8230;<\/p>\n","protected":false},"author":4,"featured_media":0,"comment_status":"open","ping_status":"open","sticky":false,"template":"","format":"standard","meta":{"footnotes":""},"categories":[9],"tags":[],"jetpack_sharing_enabled":true,"featured_image_urls":{"full":"","thumbnail":"","medium":"","medium_large":"","large":"","1536x1536":"","2048x2048":"","covernews-slider-full":"","covernews-slider-center":"","covernews-featured":"","covernews-medium":"","covernews-medium-square":""},"author_info":{"display_name":"Mario Gir\u00f3n","author_link":"https:\/\/contextoanalisisperiodistico.com\/index.php\/author\/director\/"},"category_info":"<a href=\"https:\/\/contextoanalisisperiodistico.com\/index.php\/category\/politica\/\" rel=\"category tag\">Pol\u00edtica<\/a>","tag_info":"Pol\u00edtica","comment_count":"0","jetpack_featured_media_url":"","_links":{"self":[{"href":"https:\/\/contextoanalisisperiodistico.com\/index.php\/wp-json\/wp\/v2\/posts\/11360"}],"collection":[{"href":"https:\/\/contextoanalisisperiodistico.com\/index.php\/wp-json\/wp\/v2\/posts"}],"about":[{"href":"https:\/\/contextoanalisisperiodistico.com\/index.php\/wp-json\/wp\/v2\/types\/post"}],"author":[{"embeddable":true,"href":"https:\/\/contextoanalisisperiodistico.com\/index.php\/wp-json\/wp\/v2\/users\/4"}],"replies":[{"embeddable":true,"href":"https:\/\/contextoanalisisperiodistico.com\/index.php\/wp-json\/wp\/v2\/comments?post=11360"}],"version-history":[{"count":1,"href":"https:\/\/contextoanalisisperiodistico.com\/index.php\/wp-json\/wp\/v2\/posts\/11360\/revisions"}],"predecessor-version":[{"id":11365,"href":"https:\/\/contextoanalisisperiodistico.com\/index.php\/wp-json\/wp\/v2\/posts\/11360\/revisions\/11365"}],"wp:attachment":[{"href":"https:\/\/contextoanalisisperiodistico.com\/index.php\/wp-json\/wp\/v2\/media?parent=11360"}],"wp:term":[{"taxonomy":"category","embeddable":true,"href":"https:\/\/contextoanalisisperiodistico.com\/index.php\/wp-json\/wp\/v2\/categories?post=11360"},{"taxonomy":"post_tag","embeddable":true,"href":"https:\/\/contextoanalisisperiodistico.com\/index.php\/wp-json\/wp\/v2\/tags?post=11360"}],"curies":[{"name":"wp","href":"https:\/\/api.w.org\/{rel}","templated":true}]}}