{"id":11353,"date":"2023-04-02T16:16:37","date_gmt":"2023-04-02T22:16:37","guid":{"rendered":"https:\/\/contextoanalisisperiodistico.com\/?p=11353"},"modified":"2023-04-02T16:16:43","modified_gmt":"2023-04-02T22:16:43","slug":"dif-municipal-garantiza-derecho-a-la-alimentacion-y-salud-de-honorina-y-6-hijos-en-extrema-pobreza","status":"publish","type":"post","link":"https:\/\/contextoanalisisperiodistico.com\/index.php\/2023\/04\/02\/dif-municipal-garantiza-derecho-a-la-alimentacion-y-salud-de-honorina-y-6-hijos-en-extrema-pobreza\/","title":{"rendered":"DIF municipal garantiza derecho a la alimentaci\u00f3n y salud de Honorina y 6 hijos en extrema pobreza"},"content":{"rendered":"<div id=\"fb-root\"><\/div>\n\n<ul>\n<li>La familia que viv\u00eda en situaci\u00f3n de abandono en la col. Bugambilias, fue llevada ayer s\u00e1bado a la Unidad B\u00e1sica de Rehabilitaci\u00f3n del DIF municipal.<\/li>\n<\/ul>\n\n\n\n<p>Oaxaca de Ju\u00e1rez, Oax., 02 de abril de 2023. Luego de que el hijo mayor de la se\u00f1ora Honorina se presentara a una estaci\u00f3n radiof\u00f3nica a solicitar ayuda por la situaci\u00f3n de extrema pobreza y abandono en que viv\u00eda su familia, la presidenta del Comit\u00e9 Municipal del Sistema DIF Oaxaca, Bernarda Gonz\u00e1lez Rivas, se present\u00f3 al domicilio de la familia para brindarles alimentaci\u00f3n y ropa de forma inmediata.<\/p>\n\n\n\n<p>Enseguida la familia completa fue llevada a la Unidad B\u00e1sica de Rehabilitaci\u00f3n para que recibieran atenci\u00f3n m\u00e9dica general, odontol\u00f3gica y psicol\u00f3gica. Y con el apoyo del Voluntariado de la Cruz Roja se obtuvieron literas para que duerman en mejores condiciones. Por esta raz\u00f3n, trabajadoras y trabajadores de servicios municipales, y personas altruistas, procedieron a la limpieza del lugar en donde habitan, de tal manera que se puedan llevar e instalarlas.<\/p>\n\n\n\n<p>Por otro lado, personal de obras p\u00fablicas del municipio de Oaxaca de Ju\u00e1rez, realizar\u00e1 los trazos para la construcci\u00f3n de los cuartos que se requieren para que vivan dignamente.<\/p>\n\n\n\n<p>\u201cLa dignidad de la persona es el principio fundamental de los derechos humanos, agradecemos el apoyo de la sociedad civil y medios de comunicaci\u00f3n que nos permitieron poder ayudar a Honorina y su familia. Como autoridades municipales es nuestro deber atender a quienes menos tienen\u201d, expres\u00f3 la presidenta honoraria del DIF municipal.<\/p>\n\n\n\n<p>Asimismo, inform\u00f3 que en el caso de las actas de nacimiento de las y los hijos de Honorina, se realizan las gestiones ante el Registro Civil, en virtud que al parecer los menores nunca fueron registrados, por lo que se le dar\u00e1 el acompa\u00f1amiento legal a la familia para garantizar su derecho a la identidad y puedan acceder m\u00e1s f\u00e1cilmente a los programas oficiales de asistencia social.<\/p>\n\n\n\n<p>De esta manera se avanza en el mejoramiento de las condiciones de vida de las familias del municipio de Oaxaca de Ju\u00e1rez que viven en condiciones de vulnerabilidad, asent\u00f3 Gonz\u00e1lez Rivas.<\/p>\n\n\n\n<figure class=\"wp-block-image size-large\"><img decoding=\"async\" src=\"https:\/\/contextoanalisisperiodistico.com\/wp-content\/uploads\/2023\/04\/img-20230402-wa00874700451936760954479-1024x682.jpg\" alt=\"\" class=\"wp-image-11356\"\/><\/figure>\n\n\n\n<figure class=\"wp-block-image\"><img decoding=\"async\" src=\"https:\/\/contextoanalisisperiodistico.com\/wp-content\/uploads\/2023\/04\/img-20230402-wa00863672390548026165299-1024x682.jpg\" alt=\"\" class=\"wp-image-11358\"\/><\/figure>\n\n\n\n<figure class=\"wp-block-image\"><img decoding=\"async\" src=\"https:\/\/contextoanalisisperiodistico.com\/wp-content\/uploads\/2023\/04\/img-20230402-wa00842508278918569677376-1024x683.jpg\" alt=\"\" class=\"wp-image-11355\"\/><\/figure>\n\n\n\n<figure class=\"wp-block-image\"><img decoding=\"async\" src=\"https:\/\/contextoanalisisperiodistico.com\/wp-content\/uploads\/2023\/04\/img-20230402-wa00853809534132749751163-1024x682.jpg\" alt=\"\" class=\"wp-image-11357\"\/><\/figure>\n","protected":false},"excerpt":{"rendered":"<p>Oaxaca de Ju\u00e1rez, Oax., 02 de abril de 2023. Luego de que el hijo mayor&#8230;<\/p>\n","protected":false},"author":4,"featured_media":0,"comment_status":"open","ping_status":"open","sticky":false,"template":"","format":"standard","meta":{"footnotes":""},"categories":[9],"tags":[],"jetpack_sharing_enabled":true,"featured_image_urls":{"full":"","thumbnail":"","medium":"","medium_large":"","large":"","1536x1536":"","2048x2048":"","covernews-slider-full":"","covernews-slider-center":"","covernews-featured":"","covernews-medium":"","covernews-medium-square":""},"author_info":{"display_name":"Mario Gir\u00f3n","author_link":"https:\/\/contextoanalisisperiodistico.com\/index.php\/author\/director\/"},"category_info":"<a href=\"https:\/\/contextoanalisisperiodistico.com\/index.php\/category\/politica\/\" rel=\"category tag\">Pol\u00edtica<\/a>","tag_info":"Pol\u00edtica","comment_count":"0","jetpack_featured_media_url":"","_links":{"self":[{"href":"https:\/\/contextoanalisisperiodistico.com\/index.php\/wp-json\/wp\/v2\/posts\/11353"}],"collection":[{"href":"https:\/\/contextoanalisisperiodistico.com\/index.php\/wp-json\/wp\/v2\/posts"}],"about":[{"href":"https:\/\/contextoanalisisperiodistico.com\/index.php\/wp-json\/wp\/v2\/types\/post"}],"author":[{"embeddable":true,"href":"https:\/\/contextoanalisisperiodistico.com\/index.php\/wp-json\/wp\/v2\/users\/4"}],"replies":[{"embeddable":true,"href":"https:\/\/contextoanalisisperiodistico.com\/index.php\/wp-json\/wp\/v2\/comments?post=11353"}],"version-history":[{"count":1,"href":"https:\/\/contextoanalisisperiodistico.com\/index.php\/wp-json\/wp\/v2\/posts\/11353\/revisions"}],"predecessor-version":[{"id":11359,"href":"https:\/\/contextoanalisisperiodistico.com\/index.php\/wp-json\/wp\/v2\/posts\/11353\/revisions\/11359"}],"wp:attachment":[{"href":"https:\/\/contextoanalisisperiodistico.com\/index.php\/wp-json\/wp\/v2\/media?parent=11353"}],"wp:term":[{"taxonomy":"category","embeddable":true,"href":"https:\/\/contextoanalisisperiodistico.com\/index.php\/wp-json\/wp\/v2\/categories?post=11353"},{"taxonomy":"post_tag","embeddable":true,"href":"https:\/\/contextoanalisisperiodistico.com\/index.php\/wp-json\/wp\/v2\/tags?post=11353"}],"curies":[{"name":"wp","href":"https:\/\/api.w.org\/{rel}","templated":true}]}}